{"id":167255,"date":"2021-10-18T11:55:36","date_gmt":"2021-10-18T10:55:36","guid":{"rendered":"https:\/\/www.elche.es\/2021\/10\/el-vi-certamen-literari-per-a-la-igualtat-casa-de-la-dona-bat-record-de-participacio-amb-125-relats-curts-72-mes-que-en-2019\/"},"modified":"2021-10-18T12:56:10","modified_gmt":"2021-10-18T11:56:10","slug":"el-vi-certamen-literari-per-a-la-igualtat-casa-de-la-dona-bat-record-de-participacio-amb-125-relats-curts-72-mes-que-en-2019","status":"publish","type":"post","link":"https:\/\/www.elche.es\/va\/2021\/10\/el-vi-certamen-literari-per-a-la-igualtat-casa-de-la-dona-bat-record-de-participacio-amb-125-relats-curts-72-mes-que-en-2019\/","title":{"rendered":"El VI Certamen Literari per a la Igualtat \u201cCasa de la Dona\u201d bat r\u00e8cord de participaci\u00f3 amb 125 relats curts, 72 m\u00e9s que en 2019"},"content":{"rendered":"<div class=\"wpb-content-wrapper\"><p>[vc_row el_id=&#8221;SUBTITULAR_NOTICIA&#8221;][vc_column][vc_column_text]<\/p>\n<hr \/>\n<h4>El lliurament de premis es dur\u00e0 a terme el 26 d&#8217;octubre al Centre de Congressos i comptar\u00e0 amb una xarrada col\u00b7loqui a c\u00e0rrec de la presidenta de l&#8217;Associaci\u00f3 Cl\u00e0ssiques i Modernes, Laura Freixas, i de les escriptores il\u00b7licitanes Milagros Rom\u00e1n i Consuelo Navarro<\/h4>\n<hr \/>\n<p>[\/vc_column_text][\/vc_column][\/vc_row][vc_row el_id=&#8221;TEXTO_FIN_NOTICIA&#8221;][vc_column][vc_column_text]La Regidoria d&#8217;Igualtat i Casa de la Dona entregaran els premis del VI Certamen Literari per a la Igualtat el 26 d&#8217;octubre a les 19 hores al Centre de Congressos. Aix\u00ed ho ha anunciat hui el responsable de l&#8217;\u00e0rea, Mariano Valera, que ha assenyalat que <strong>aquesta edici\u00f3 ha batut r\u00e8cord de participaci\u00f3 amb un total de 125 relats curts<\/strong>, 50 m\u00e9s que l&#8217;any passat i 72 m\u00e9s que en 2019.<\/p>\n<p>Amb motiu del Dia de les Escriptores, la trobada comptar\u00e0 amb una <strong>xarrada col\u00b7loqui a c\u00e0rrec de Laura Freixas, presidenta de l&#8217;Associaci\u00f3 Cl\u00e0ssiques i Modernes<\/strong> des de la seua creaci\u00f3 en 2009 fins a gener de 2017, <strong>i de les escriptores il\u00b7licitanes Milagros Rom\u00e1n i Consuelo Navarro<\/strong>.<\/p>\n<p>El regidor ha destacat que <strong>\u201cl&#8217;objectiu fonamental d&#8217;aquesta iniciativa \u00e9s sensibilitzar i treballar per una societat igualit\u00e0ria, diversa i inclusiva amb el foment de la creaci\u00f3 liter\u00e0ria i de l&#8217;expressi\u00f3 cultural de dones i homes\u201d<\/strong>.[\/vc_column_text][\/vc_column][\/vc_row][vc_row el_id=&#8221;TEXTO_NOTICIA&#8221;][vc_column][vc_column_text][\/vc_column_text][\/vc_column][\/vc_row][vc_row el_id=&#8221;DESTACADO_NOTICIA&#8221;][vc_column][vc_column_text el_class=&#8221;cuadronoticia&#8221;]<\/p>\n<h5>El regidor d&#8217;Igualtat, Mariano Valera, destaca que \u201cl&#8217;objectiu de la iniciativa \u00e9s treballar per una societat igualit\u00e0ria, diversa i inclusiva\u201d i assenyala que l&#8217;acc\u00e9s al certamen \u00e9s lliure i gratu\u00eft fins a completar l&#8217;aforament<\/h5>\n<p>[\/vc_column_text][\/vc_column][\/vc_row][vc_row][vc_column][vc_column_text]Els treballs premiats han sigut en la modalitat Infantil castell\u00e0<strong> \u201cLos ni\u00f1os somos diferentes \u00bfo no?\u201d de Francisco Nicol\u00e1s S\u00e1nchez<\/strong>; en la modalitat Infantil valenci\u00e0 <strong>\u201cIgualtat\u201d de Valeria Gonz\u00e1lez<\/strong>; en la modalitat Juvenil castell\u00e0 \u201cBreves Veranos\u201d de Mar\u00eda Monge; en la modalitat Adults castell\u00e0 \u201cPolvillo de Tiza\u201d de Juan Carlos P\u00e9rez; i en la modalitat Adults valenci\u00e0 \u201cObrir cam\u00ed\u201d de Jos\u00e9 Antonio Quesada. La modalitat Juvenil valenci\u00e0 ha quedat deserta.<\/p>\n<p>Com a homenatge al certamen, Valera ha destacat que <strong>des de Casa de la Dona s&#8217;han recopilat en un llibre les obres de totes les edicions que s&#8217;han dut a terme fins al moment<\/strong>, que es lliurar\u00e0 a les persones premiades, als centres educatius i a les biblioteques municipals.<\/p>\n<p>Aix\u00ed mateix, per a finalitzar el certamen els assistents podran gaudir d&#8217;un fragment de <strong>dansa de l&#8217;espectacle \u201cD\u00e9jate llevar\u201d a c\u00e0rrec de l&#8217;Associaci\u00f3 Arts Cultura i Oci.<\/strong><\/p>\n<p>El regidor ha animat a la poblaci\u00f3 a participar i ha informat que l&#8217;<strong>acc\u00e9s al certamen \u00e9s lliure i gratu\u00eft fins a completar l&#8217;aforament.<\/strong><\/p>\n<hr \/>\n<p>[\/vc_column_text][\/vc_column][\/vc_row][vc_row source=&#8221;media_library&#8221; image=&#8221;&#8221; img_size=&#8221;full&#8221; external_img_size=&#8221;&#8221; add_caption=&#8221;&#8221; alignment=&#8221;left&#8221; style=&#8221;&#8221; external_style=&#8221;&#8221; border_color=&#8221;grey&#8221; external_border_color=&#8221;grey&#8221; onclick=&#8221;link_image&#8221; img_link_target=&#8221;_self&#8221; el_class=&#8221;fotounicanoticia&#8221; title=&#8221;&#8221; custom_src=&#8221;&#8221; caption=&#8221;&#8221; link=&#8221;&#8221; img_link_large=&#8221;&#8221;][vc_column][vc_single_image image=&#8221;167245&#8243; img_size=&#8221;full&#8221; onclick=&#8221;link_image&#8221; el_class=&#8221;fotounicanoticia&#8221;][\/vc_column][\/vc_row][vc_row][vc_column width=&#8221;1\/6&#8243;][\/vc_column][vc_column width=&#8221;2\/3&#8243;]<audio class=\"sc_audio\" src=\"https:\/\/soundcloud.com\/ayuntamiento-de-elche\/presentacion-del-vi-certamen-literario-de-igualdad?si=60605c2985764aea9433b446b97a1369\" width=\"\" height=\"\"><\/audio>[\/vc_column][vc_column width=&#8221;1\/6&#8243;][\/vc_column][\/vc_row]<\/p>\n<\/div>","protected":false},"excerpt":{"rendered":"<p>[vc_row el_id=&#8221;SUBTITULAR_NOTICIA&#8221;][vc_column][vc_column_text] El lliurament de premis es dur\u00e0 a terme el 26 d&#8217;octubre al Centre de Congressos i comptar\u00e0 amb una xarrada col\u00b7loqui a c\u00e0rrec de la presidenta de l&#8217;Associaci\u00f3 [&hellip;]<\/p>\n","protected":false},"author":131,"featured_media":167203,"comment_status":"closed","ping_status":"closed","sticky":false,"template":"","format":"standard","meta":{"footnotes":""},"categories":[190,209,391,1312],"tags":[],"class_list":["post-167255","post","type-post","status-publish","format-standard","has-post-thumbnail","hentry","category-drets-socials","category-igualtat-va","category-home-va","category-noticias-va"],"_links":{"self":[{"href":"https:\/\/www.elche.es\/va\/wp-json\/wp\/v2\/posts\/167255","targetHints":{"allow":["GET"]}}],"collection":[{"href":"https:\/\/www.elche.es\/va\/wp-json\/wp\/v2\/posts"}],"about":[{"href":"https:\/\/www.elche.es\/va\/wp-json\/wp\/v2\/types\/post"}],"author":[{"embeddable":true,"href":"https:\/\/www.elche.es\/va\/wp-json\/wp\/v2\/users\/131"}],"replies":[{"embeddable":true,"href":"https:\/\/www.elche.es\/va\/wp-json\/wp\/v2\/comments?post=167255"}],"version-history":[{"count":0,"href":"https:\/\/www.elche.es\/va\/wp-json\/wp\/v2\/posts\/167255\/revisions"}],"wp:featuredmedia":[{"embeddable":true,"href":"https:\/\/www.elche.es\/va\/wp-json\/wp\/v2\/media\/167203"}],"wp:attachment":[{"href":"https:\/\/www.elche.es\/va\/wp-json\/wp\/v2\/media?parent=167255"}],"wp:term":[{"taxonomy":"category","embeddable":true,"href":"https:\/\/www.elche.es\/va\/wp-json\/wp\/v2\/categories?post=167255"},{"taxonomy":"post_tag","embeddable":true,"href":"https:\/\/www.elche.es\/va\/wp-json\/wp\/v2\/tags?post=167255"}],"curies":[{"name":"wp","href":"https:\/\/api.w.org\/{rel}","templated":true}]}}