{"id":167335,"date":"2021-10-19T09:20:59","date_gmt":"2021-10-19T08:20:59","guid":{"rendered":"https:\/\/www.elche.es\/2021\/10\/la-conselleria-mante-una-presa-de-contacte-amb-empresaris-i-universitats-per-a-marcar-el-full-de-ruta-del-centre-denvelliment\/"},"modified":"2021-10-19T09:21:00","modified_gmt":"2021-10-19T08:21:00","slug":"la-conselleria-mante-una-presa-de-contacte-amb-empresaris-i-universitats-per-a-marcar-el-full-de-ruta-del-centre-denvelliment","status":"publish","type":"post","link":"https:\/\/www.elche.es\/va\/2021\/10\/la-conselleria-mante-una-presa-de-contacte-amb-empresaris-i-universitats-per-a-marcar-el-full-de-ruta-del-centre-denvelliment\/","title":{"rendered":"La Conselleria mant\u00e9 una presa de contacte amb empresaris i universitats per a marcar el full de ruta del Centre d&#8217;Envelliment"},"content":{"rendered":"<div class=\"wpb-content-wrapper\"><p>[vc_row el_id=&#8221;SUBTITULAR_NOTICIA&#8221;][vc_column][vc_column_text]<\/p>\n<hr \/>\n<h4>La creaci\u00f3 del patronat fundacional ICAR suposar\u00e0 el primer pas per a l&#8217;arrancada d&#8217;un projecte cient\u00edfic que ser\u00e0 referent i que reunir\u00e0 experts internacionals<\/h4>\n<hr \/>\n<p>[\/vc_column_text][\/vc_column][\/vc_row][vc_row el_id=&#8221;TEXTO_NOTICIA&#8221;][vc_column][vc_column_text]La consellera d&#8217;Innovaci\u00f3, Universitats, Ci\u00e8ncia i Societat Digital, Carolina Pascual, <strong>ha mantingut una presa de contacte amb empresaris de la prov\u00edncia i amb les universitats d&#8217;Alacant (UA) i Miguel Hern\u00e1ndez d&#8217;Elx (UMHE) amb la finalitat de marcar el full de ruta que conduir\u00e0 la posada en marxa del Centre d&#8217;Investigaci\u00f3 d&#8217;Envelliment d&#8217;Elx<\/strong>. A la trobada han acudit l&#8217;alcalde, Carlos Gonz\u00e1lez, la regidora de Majors, Puri Vives, el rector de la Universitat Miguel Hern\u00e1ndez, Juan Jos\u00e9 Ruiz, el president de CEDELCO, Joaqu\u00edn P\u00e9rez, Antonio Gonz\u00e1lez, membre de l&#8217;entitat, la secret\u00e0ria auton\u00f2mica d&#8217;Innovaci\u00f3, Carmen Bevi\u00e0, la directora general de la Instituci\u00f3 Firal Alacantina, Esther Guilabert, entre altres personalitats.<\/p>\n<p>L&#8217;alcalde ha assenyalat que el Centre d&#8217;Investigaci\u00f3 d&#8217;Envelliment d&#8217;Elx <strong>\u201c\u00e9s un projecte estrat\u00e8gic i de futur per a la prov\u00edncia d&#8217;Alacant\u201d<\/strong>.<\/p>\n<p>\u201cEs tracta d&#8217;una aposta per la ci\u00e8ncia i la investigaci\u00f3, aix\u00ed com per la diversificaci\u00f3 i la projecci\u00f3 nacional i internacional\u201d, ha destacat el regidor il\u00b7licit\u00e0, que ha assegurat que <strong>l&#8217;objectiu que hi ha darrere d&#8217;aquesta iniciativa \u00e9s millorar les condicions de vida de les persones majors davant una esperan\u00e7a de vida creixent<\/strong>.<\/p>\n<p>El responsable de l&#8217;Equip de Govern ha qualificat aquest projecte com<strong> \u201cuna aposta de la Generalitat per l&#8217;eix de la prosperitat constitu\u00eft per l&#8217;aeroport, IFA, el Parc Empresarial i Torrellano\u201d<\/strong>, aix\u00ed com una decisi\u00f3 compromesa de molts empresaris de la prov\u00edncia d&#8217;Alacant i, especialment, d&#8217;Elx, als qui ha agra\u00eft el comprom\u00eds i la implicaci\u00f3 pel que suposar\u00e0 per al futur de la nostra ciutat.[\/vc_column_text][\/vc_column][\/vc_row][vc_row el_id=&#8221;DESTACADO_NOTICIA&#8221;][vc_column][vc_column_text el_class=&#8221;cuadronoticia&#8221;]<\/p>\n<h5>L&#8217;alcalde, Carlos Gonz\u00e1lez, assegura que \u201cl&#8217;objectiu que hi ha darrere d&#8217;aquesta iniciativa \u00e9s millorar les condicions de vida de les persones majors davant una esperan\u00e7a de vida creixent\u201d i assenyala que \u201c\u00e9s un projecte estrat\u00e8gic i de futur per a la prov\u00edncia d&#8217;Alacant\u201d<\/h5>\n<p>[\/vc_column_text][\/vc_column][\/vc_row][vc_row][vc_column][vc_column_text]Durant la reuni\u00f3 celebrada a la seu del Grup Soledad, situada al Parc Industrial d&#8217;Elx, <strong>s&#8217;ha establit un calendari de treball conjunt per a la futura creaci\u00f3 del patronat fundacional ICAR i per a la seua posterior inscripci\u00f3 davant notari<\/strong>.<\/p>\n<p>La creaci\u00f3 del patronat fundacional ICAR (International Center for Aging Research) suposar\u00e0 <strong>el primer pas per a l&#8217;arrancada d&#8217;un projecte cient\u00edfic que ser\u00e0 referent internacional i que reunir\u00e0 experts internacionals<\/strong> que investigaran per a millorar les condicions de vida de les persones davant una esperan\u00e7a de vida cada vegada major.<\/p>\n<p>Una vegada constitu\u00eft el patronat <strong>es far\u00e0 una crida internacional perqu\u00e8 investigadors i experts s&#8217;incorporen al centre i comencen a treballar<\/strong> des dels campus de la Universitat d&#8217;Alacant i de la Universitat Miguel Hern\u00e1ndez d&#8217;Elx.[\/vc_column_text][\/vc_column][\/vc_row][vc_row type=&#8221;flexslider_slide&#8221; interval=&#8221;5&#8243; source=&#8221;media_library&#8221; images=&#8221;&#8221; img_size=&#8221;full&#8221; external_img_size=&#8221;&#8221; onclick=&#8221;link_image&#8221; custom_links_target=&#8221;_self&#8221; el_class=&#8221;galerianoticia&#8221; title=&#8221;&#8221; custom_srcs=&#8221;&#8221; custom_links=&#8221;&#8221;][vc_column][vc_gallery type=&#8221;flexslider_slide&#8221; interval=&#8221;5&#8243; images=&#8221;167326,167324,167320&#8243; img_size=&#8221;full&#8221; el_class=&#8221;galerianoticia&#8221;][\/vc_column][\/vc_row][vc_row el_id=&#8221;TEXTO_FIN_NOTICIA&#8221;][vc_column][vc_column_text]El Centre d&#8217;Investigaci\u00f3 de l&#8217;Envelliment d&#8217;Elx evidencia l&#8217;<strong>aposta del Consell per la ci\u00e8ncia i la investigaci\u00f3 com a motor de la transformaci\u00f3 del model econ\u00f2mic de la Comunitat<\/strong>, aix\u00ed com el suport institucional que des de la Generalitat s&#8217;ofereix al teixit empresarial i a les universitats p\u00fabliques.<\/p>\n<p>A m\u00e9s, <strong>aquest projecte vertebra el teixit social i innovador de la prov\u00edncia d&#8217;Alacant al voltant de Districte Digital<\/strong>, que s&#8217;articula com un dels principals nodes innovadors del Mediterrani.<\/p>\n<hr \/>\n<p>[\/vc_column_text][\/vc_column][\/vc_row][vc_row][vc_column width=&#8221;1\/6&#8243;][\/vc_column][vc_column width=&#8221;2\/3&#8243;]<audio class=\"sc_audio\" src=\"https:\/\/soundcloud.com\/ayuntamiento-de-elche\/declaraciones-de-carlos-gonzalez-en-la-toma-de-contacto-por-el-centro-del-envejecimiento?si=c83f79515fbe4d048e8daa6807059a9b\" width=\"\" height=\"\"><\/audio>[\/vc_column][vc_column width=&#8221;1\/6&#8243;][\/vc_column][\/vc_row]<\/p>\n<\/div>","protected":false},"excerpt":{"rendered":"<p>[vc_row el_id=&#8221;SUBTITULAR_NOTICIA&#8221;][vc_column][vc_column_text] La creaci\u00f3 del patronat fundacional ICAR suposar\u00e0 el primer pas per a l&#8217;arrancada d&#8217;un projecte cient\u00edfic que ser\u00e0 referent i que reunir\u00e0 experts internacionals [\/vc_column_text][\/vc_column][\/vc_row][vc_row el_id=&#8221;TEXTO_NOTICIA&#8221;][vc_column][vc_column_text]La consellera d&#8217;Innovaci\u00f3, [&hellip;]<\/p>\n","protected":false},"author":131,"featured_media":167323,"comment_status":"closed","ping_status":"closed","sticky":false,"template":"","format":"standard","meta":{"footnotes":""},"categories":[391,890,1312],"tags":[],"class_list":["post-167335","post","type-post","status-publish","format-standard","has-post-thumbnail","hentry","category-home-va","category-mayores-va","category-noticias-va"],"_links":{"self":[{"href":"https:\/\/www.elche.es\/va\/wp-json\/wp\/v2\/posts\/167335","targetHints":{"allow":["GET"]}}],"collection":[{"href":"https:\/\/www.elche.es\/va\/wp-json\/wp\/v2\/posts"}],"about":[{"href":"https:\/\/www.elche.es\/va\/wp-json\/wp\/v2\/types\/post"}],"author":[{"embeddable":true,"href":"https:\/\/www.elche.es\/va\/wp-json\/wp\/v2\/users\/131"}],"replies":[{"embeddable":true,"href":"https:\/\/www.elche.es\/va\/wp-json\/wp\/v2\/comments?post=167335"}],"version-history":[{"count":0,"href":"https:\/\/www.elche.es\/va\/wp-json\/wp\/v2\/posts\/167335\/revisions"}],"wp:featuredmedia":[{"embeddable":true,"href":"https:\/\/www.elche.es\/va\/wp-json\/wp\/v2\/media\/167323"}],"wp:attachment":[{"href":"https:\/\/www.elche.es\/va\/wp-json\/wp\/v2\/media?parent=167335"}],"wp:term":[{"taxonomy":"category","embeddable":true,"href":"https:\/\/www.elche.es\/va\/wp-json\/wp\/v2\/categories?post=167335"},{"taxonomy":"post_tag","embeddable":true,"href":"https:\/\/www.elche.es\/va\/wp-json\/wp\/v2\/tags?post=167335"}],"curies":[{"name":"wp","href":"https:\/\/api.w.org\/{rel}","templated":true}]}}