{"id":167602,"date":"2021-10-20T11:50:57","date_gmt":"2021-10-20T10:50:57","guid":{"rendered":"https:\/\/www.elche.es\/2021\/10\/els-habitatges-de-la-zona-mr-c5-la-marina-es-connecten-a-la-nova-xarxa-de-clavegueram-municipal\/"},"modified":"2021-10-20T11:50:57","modified_gmt":"2021-10-20T10:50:57","slug":"els-habitatges-de-la-zona-mr-c5-la-marina-es-connecten-a-la-nova-xarxa-de-clavegueram-municipal","status":"publish","type":"post","link":"https:\/\/www.elche.es\/va\/2021\/10\/els-habitatges-de-la-zona-mr-c5-la-marina-es-connecten-a-la-nova-xarxa-de-clavegueram-municipal\/","title":{"rendered":"Els habitatges de la zona MR-C5 la Marina es connecten a la nova Xarxa de Clavegueram Municipal"},"content":{"rendered":"<div class=\"wpb-content-wrapper\"><p>[vc_row el_id=&#8221;SUBTITULAR_NOTICIA&#8221;][vc_column][vc_column_text]<\/p>\n<hr \/>\n<h4>El regidor d&#8217;Aig\u00fces, H\u00e9ctor D\u00edez, explica que les obres, que van comen\u00e7ar el dia 18 d&#8217;octubre, tenen un termini d&#8217;execuci\u00f3 de huit setmanes i un pressupost de m\u00e9s de 106.000 euros<\/h4>\n<hr \/>\n<p>[\/vc_column_text][\/vc_column][\/vc_row][vc_row el_id=&#8221;TEXTO_FIN_NOTICIA&#8221;][vc_column][vc_column_text]L&#8217;Ajuntament d&#8217;Elx, a trav\u00e9s de la Regidoria de Manteniment i de l&#8217;empresa mixta Aig\u00fces d\u2019Elx, <strong>ha posat en marxa les obres de millora de la gesti\u00f3 d&#8217;aig\u00fces residuals a la Marina<\/strong>, amb les quals s&#8217;instal\u00b7lar\u00e0 una nova xarxa de sanejament que connectar\u00e0 la zona MR-C5, compresa per un conjunt d&#8217;edificis situats entre els carrers de Rosseta i Sivert, l&#8217;avinguda de Ses Salines (antiga carretera N-332) i el cam\u00ed del Pinet, al col\u00b7lector general de la ciutat. Aix\u00ed ho ha anunciat el regidor d&#8217;Aig\u00fces, H\u00e9ctor D\u00edez, <strong>que ha explicat que els treballs, que van comen\u00e7ar el dia 18 d&#8217;octubre, tenen un termini d&#8217;execuci\u00f3 de huit setmanes i un pressupost de m\u00e9s de 106.000 euros<\/strong>.<\/p>\n<p>Segons ha recordat l&#8217;edil, actualment, <strong>la Marina compta amb una xarxa de clavegueram particular que acaba en un pou cec sense connexi\u00f3 amb la xarxa municipal<\/strong> i ha indicat que aix\u00f2 provocava que els abocaments dels edificis embossaren peri\u00f2dicament el pou cec i que provocaren desbordaments.<\/p>\n<p>Per aix\u00f2 s&#8217;ha posat en marxa aquesta iniciativa que connectar\u00e0 la xarxa de clavegueram amb el pou cec mitjan\u00e7ant canonada. A m\u00e9s, <strong>s&#8217;instal\u00b7lar\u00e0 una estaci\u00f3 de bombament amb la seua respectiva connexi\u00f3 el\u00e8ctrica de baixa tensi\u00f3, quadres de protecci\u00f3 i control<\/strong>.<\/p>\n<p>\u201cAmb aquesta actuaci\u00f3 continuem millorant el clavegueram p\u00fablic del municipi, <strong>eliminem l&#8217;exist\u00e8ncia de pous negres a la zona i millorem la gesti\u00f3 d&#8217;aig\u00fces residuals de la Marina<\/strong>\u201d, ha concl\u00f2s D\u00edez.<\/p>\n<hr \/>\n<p>[\/vc_column_text][\/vc_column][\/vc_row]<\/p>\n<\/div>","protected":false},"excerpt":{"rendered":"<p>[vc_row el_id=&#8221;SUBTITULAR_NOTICIA&#8221;][vc_column][vc_column_text] El regidor d&#8217;Aig\u00fces, H\u00e9ctor D\u00edez, explica que les obres, que van comen\u00e7ar el dia 18 d&#8217;octubre, tenen un termini d&#8217;execuci\u00f3 de huit setmanes i un pressupost de m\u00e9s [&hellip;]<\/p>\n","protected":false},"author":131,"featured_media":167578,"comment_status":"closed","ping_status":"closed","sticky":false,"template":"","format":"standard","meta":{"footnotes":""},"categories":[2247,391,1312],"tags":[],"class_list":["post-167602","post","type-post","status-publish","format-standard","has-post-thumbnail","hentry","category-aguas-va","category-home-va","category-noticias-va"],"_links":{"self":[{"href":"https:\/\/www.elche.es\/va\/wp-json\/wp\/v2\/posts\/167602","targetHints":{"allow":["GET"]}}],"collection":[{"href":"https:\/\/www.elche.es\/va\/wp-json\/wp\/v2\/posts"}],"about":[{"href":"https:\/\/www.elche.es\/va\/wp-json\/wp\/v2\/types\/post"}],"author":[{"embeddable":true,"href":"https:\/\/www.elche.es\/va\/wp-json\/wp\/v2\/users\/131"}],"replies":[{"embeddable":true,"href":"https:\/\/www.elche.es\/va\/wp-json\/wp\/v2\/comments?post=167602"}],"version-history":[{"count":0,"href":"https:\/\/www.elche.es\/va\/wp-json\/wp\/v2\/posts\/167602\/revisions"}],"wp:featuredmedia":[{"embeddable":true,"href":"https:\/\/www.elche.es\/va\/wp-json\/wp\/v2\/media\/167578"}],"wp:attachment":[{"href":"https:\/\/www.elche.es\/va\/wp-json\/wp\/v2\/media?parent=167602"}],"wp:term":[{"taxonomy":"category","embeddable":true,"href":"https:\/\/www.elche.es\/va\/wp-json\/wp\/v2\/categories?post=167602"},{"taxonomy":"post_tag","embeddable":true,"href":"https:\/\/www.elche.es\/va\/wp-json\/wp\/v2\/tags?post=167602"}],"curies":[{"name":"wp","href":"https:\/\/api.w.org\/{rel}","templated":true}]}}