{"id":168667,"date":"2021-10-26T13:42:35","date_gmt":"2021-10-26T12:42:35","guid":{"rendered":"https:\/\/www.elche.es\/2021\/10\/la-regidoria-de-festes-col%c2%b7labora-amb-la-parroquia-del-bon-pastor-en-la-clausura-dels-actes-del-50-aniversari-de-la-seua-fundacio\/"},"modified":"2021-10-26T13:42:36","modified_gmt":"2021-10-26T12:42:36","slug":"la-regidoria-de-festes-col%c2%b7labora-amb-la-parroquia-del-bon-pastor-en-la-clausura-dels-actes-del-50-aniversari-de-la-seua-fundacio","status":"publish","type":"post","link":"https:\/\/www.elche.es\/va\/2021\/10\/la-regidoria-de-festes-col%c2%b7labora-amb-la-parroquia-del-bon-pastor-en-la-clausura-dels-actes-del-50-aniversari-de-la-seua-fundacio\/","title":{"rendered":"La Regidoria de Festes col\u00b7labora amb la parr\u00f2quia del Bon Pastor en la clausura dels actes del 50 aniversari de la seua fundaci\u00f3"},"content":{"rendered":"<div class=\"wpb-content-wrapper\"><p>[vc_row el_id=&#8221;SUBTITULAR_NOTICIA&#8221;][vc_column][vc_column_text]<\/p>\n<h4>La Regidora de Festes, Mariola Galiana, acompanyada pel Rector del Bon Pastor, Eduardo Lorenzo, ha presentat els actes festius organitzats per a celebrar el 50 aniversari de la fundaci\u00f3 d&#8217;aquesta parr\u00f2quia<\/h4>\n<hr \/>\n<p>[\/vc_column_text][\/vc_column][\/vc_row][vc_row el_id=&#8221;TEXTO_FIN_NOTICIA&#8221;][vc_column][vc_column_text]La regidora de Festes, Mariola Galiana, acompanyada pel rector del Bon Pastor, Eduardo Lorenzo, i per membres de la comunitat parroquial, ha presentat els actes festius i de conviv\u00e8ncia que han sigut organitzats per a <strong>celebrar el 50 aniversari de la fundaci\u00f3 d&#8217;aquesta parr\u00f2quia del barri de Carr\u00fas, que tindran lloc el diumenge, 31 d&#8217;octubre<\/strong>.<\/p>\n<p>Mariola Galiana ha manifestat que la Regidoria de Festes s&#8217;ha implicat d&#8217;una forma especial en l&#8217;organitzaci\u00f3 d&#8217;aquesta celebraci\u00f3, \u201cdonat el destacat aniversari que se celebra i <strong>la important funci\u00f3 d&#8217;animaci\u00f3 del barri i de foment de la conviv\u00e8ncia entre ve\u00efns que tenen aquesta festivitat<\/strong>\u201d.<\/p>\n<p>El rector, Eduardo Lorenzo, ha agra\u00eft a la regidora el comprom\u00eds municipal amb aquesta celebraci\u00f3 i ha manifestat que <strong>es volia haver commemorat en 2020 aquest aniversari<\/strong> per\u00f2 que, a causa de les restriccions imposades per la pand\u00e8mia, s&#8217;ha optat per traslladar-lo a aquesta data en la qual <strong>les actuals normes permeten, amb prud\u00e8ncia, realitzar diverses activitats familiars i de conviv\u00e8ncia<\/strong>.[\/vc_column_text][\/vc_column][\/vc_row][vc_row source=&#8221;media_library&#8221; image=&#8221;&#8221; img_size=&#8221;full&#8221; external_img_size=&#8221;&#8221; add_caption=&#8221;&#8221; alignment=&#8221;left&#8221; style=&#8221;&#8221; external_style=&#8221;&#8221; border_color=&#8221;grey&#8221; external_border_color=&#8221;grey&#8221; onclick=&#8221;link_image&#8221; img_link_target=&#8221;_self&#8221; el_class=&#8221;fotounicanoticia&#8221; title=&#8221;&#8221; custom_src=&#8221;&#8221; caption=&#8221;&#8221; link=&#8221;&#8221; img_link_large=&#8221;&#8221;][vc_column][vc_single_image image=&#8221;168656&#8243; img_size=&#8221;full&#8221; onclick=&#8221;link_image&#8221; el_class=&#8221;fotounicanoticia&#8221;][\/vc_column][\/vc_row][vc_row][vc_column][vc_column_text]D&#8217;aquesta manera, les activitats programades per <strong>al 31 d&#8217;octubre i que se celebraran al carrer Joaqu\u00edn Garc\u00eda Mora (enfront de la parr\u00f2quia) comen\u00e7aran a les 9.30<\/strong> amb el desdejuni de xocolate amb xurros.<\/p>\n<p>A les <strong>11.00 se celebrar\u00e0 la missa solemne<\/strong>, i a les 12.30 comen\u00e7aran els jocs infantils i el Castell inflable.<\/p>\n<p>Posteriorment, <strong>a les 14.00 hores es gaudir\u00e0 d&#8217;una paella gegant<\/strong> per a tots els ve\u00efns i, despr\u00e9s del menjar, es gaudir\u00e0 de la sobretaula amb jocs familiars.<\/p>\n<p>La jornada festiva <strong>finalitzar\u00e0 a les 18.00 hores amb els focs artificials i el retorn de la imatge del Bon Pastor a l&#8217;interior del temple<\/strong>.<\/p>\n<hr \/>\n<p>&nbsp;<\/p>\n<p>[\/vc_column_text][\/vc_column][\/vc_row][vc_row source=&#8221;media_library&#8221; image=&#8221;&#8221; img_size=&#8221;medium&#8221; external_img_size=&#8221;&#8221; add_caption=&#8221;&#8221; alignment=&#8221;center&#8221; style=&#8221;&#8221; external_style=&#8221;&#8221; border_color=&#8221;grey&#8221; external_border_color=&#8221;grey&#8221; onclick=&#8221;link_image&#8221; img_link_target=&#8221;_self&#8221; el_class=&#8221;fotounicanoticiavertical&#8221; title=&#8221;&#8221; custom_src=&#8221;&#8221; caption=&#8221;&#8221; link=&#8221;&#8221; img_link_large=&#8221;&#8221;][vc_column][vc_single_image image=&#8221;168652&#8243; img_size=&#8221;medium&#8221; alignment=&#8221;center&#8221; onclick=&#8221;link_image&#8221; el_class=&#8221;fotounicanoticiavertical&#8221;][\/vc_column][\/vc_row]<\/p>\n<\/div>","protected":false},"excerpt":{"rendered":"<p>[vc_row el_id=&#8221;SUBTITULAR_NOTICIA&#8221;][vc_column][vc_column_text] La Regidora de Festes, Mariola Galiana, acompanyada pel Rector del Bon Pastor, Eduardo Lorenzo, ha presentat els actes festius organitzats per a celebrar el 50 aniversari de la [&hellip;]<\/p>\n","protected":false},"author":131,"featured_media":168655,"comment_status":"closed","ping_status":"closed","sticky":false,"template":"","format":"standard","meta":{"footnotes":""},"categories":[191,391,1312],"tags":[],"class_list":["post-168667","post","type-post","status-publish","format-standard","has-post-thumbnail","hentry","category-festes-va","category-home-va","category-noticias-va"],"_links":{"self":[{"href":"https:\/\/www.elche.es\/va\/wp-json\/wp\/v2\/posts\/168667","targetHints":{"allow":["GET"]}}],"collection":[{"href":"https:\/\/www.elche.es\/va\/wp-json\/wp\/v2\/posts"}],"about":[{"href":"https:\/\/www.elche.es\/va\/wp-json\/wp\/v2\/types\/post"}],"author":[{"embeddable":true,"href":"https:\/\/www.elche.es\/va\/wp-json\/wp\/v2\/users\/131"}],"replies":[{"embeddable":true,"href":"https:\/\/www.elche.es\/va\/wp-json\/wp\/v2\/comments?post=168667"}],"version-history":[{"count":0,"href":"https:\/\/www.elche.es\/va\/wp-json\/wp\/v2\/posts\/168667\/revisions"}],"wp:featuredmedia":[{"embeddable":true,"href":"https:\/\/www.elche.es\/va\/wp-json\/wp\/v2\/media\/168655"}],"wp:attachment":[{"href":"https:\/\/www.elche.es\/va\/wp-json\/wp\/v2\/media?parent=168667"}],"wp:term":[{"taxonomy":"category","embeddable":true,"href":"https:\/\/www.elche.es\/va\/wp-json\/wp\/v2\/categories?post=168667"},{"taxonomy":"post_tag","embeddable":true,"href":"https:\/\/www.elche.es\/va\/wp-json\/wp\/v2\/tags?post=168667"}],"curies":[{"name":"wp","href":"https:\/\/api.w.org\/{rel}","templated":true}]}}