{"id":168704,"date":"2021-10-26T14:05:59","date_gmt":"2021-10-26T13:05:59","guid":{"rendered":"https:\/\/www.elche.es\/2021\/10\/lajuntament-i-adacea-reivindiquen-una-rehabilitacio-especialitzada-per-a-les-persones-amb-dany-cerebral\/"},"modified":"2021-10-26T14:06:00","modified_gmt":"2021-10-26T13:06:00","slug":"lajuntament-i-adacea-reivindiquen-una-rehabilitacio-especialitzada-per-a-les-persones-amb-dany-cerebral","status":"publish","type":"post","link":"https:\/\/www.elche.es\/va\/2021\/10\/lajuntament-i-adacea-reivindiquen-una-rehabilitacio-especialitzada-per-a-les-persones-amb-dany-cerebral\/","title":{"rendered":"L&#8217;Ajuntament i ADACEA reivindiquen una rehabilitaci\u00f3 especialitzada per a les persones amb dany cerebral"},"content":{"rendered":"<div class=\"wpb-content-wrapper\"><p>[vc_row el_id=&#8221;SUBTITULAR_NOTICIA&#8221;][vc_column][vc_column_text]<\/p>\n<hr \/>\n<h4>El regidor d&#8217;Igualtat, Mariano Valera, el gerent de l&#8217;Associaci\u00f3 de Dany Cerebral Adquirit de la prov\u00edncia d&#8217;Alacant (ADACEA), Antonio Rico, l&#8217;usuari Aar\u00f3n Soler i el seu pare, Octavio Soler, participen en la lectura del manifest que demana una rehabilitaci\u00f3 perqu\u00e8 hi haja serveis d&#8217;atenci\u00f3 en tots els punts del pa\u00eds<\/h4>\n<hr \/>\n<p>&nbsp;<\/p>\n<p>[\/vc_column_text][\/vc_column][\/vc_row][vc_row el_id=&#8221;TEXTO_NOTICIA&#8221;][vc_column][vc_column_text]El manifest amb motiu del Dia del Dany Cerebral, celebrat aquest mat\u00ed al Sal\u00f3 de Plens de l&#8217;Ajuntament d&#8217;Elx, ha posat el focus en la necessitat que totes les persones que pateixen un dany cerebral puguen accedir, des del primer moment, a <strong>una rehabilitaci\u00f3 especialitzada independentment de la situaci\u00f3 espec\u00edfica de cada persona.<\/strong><\/p>\n<p>L&#8217;usuari de l&#8217;Associaci\u00f3 de Dany Cerebral Adquirit de la prov\u00edncia d&#8217;Alacant (ADACEA), Aar\u00f3n Soler i el seu pare, Octavio Soler, han llegit el manifest en el qual <strong>reclamen impulsar una estrat\u00e8gia nacional d&#8217;atenci\u00f3 al dany cerebral, l&#8217;elaboraci\u00f3 d&#8217;un cens de persones amb dany cerebral i la creaci\u00f3 de la categoria diagn\u00f2stica de &#8220;Dany Cerebral&#8221;<\/strong>.<\/p>\n<p>A m\u00e9s, una altra de les seues reivindicacions inclou als familiars com a <strong>&#8220;part benefici\u00e0ria del proc\u00e9s d&#8217;atenci\u00f3 i no nom\u00e9s com a part col\u00b7laboradora&#8221;<\/strong> perqu\u00e8 puguen rebre tota l&#8217;atenci\u00f3 necess\u00e0ria durant el proc\u00e9s.[\/vc_column_text][\/vc_column][\/vc_row][vc_row type=&#8221;flexslider_slide&#8221; interval=&#8221;5&#8243; source=&#8221;media_library&#8221; images=&#8221;&#8221; img_size=&#8221;full&#8221; external_img_size=&#8221;&#8221; onclick=&#8221;link_image&#8221; custom_links_target=&#8221;_self&#8221; el_class=&#8221;galerianoticia&#8221; title=&#8221;&#8221; custom_srcs=&#8221;&#8221; custom_links=&#8221;&#8221;][vc_column][vc_gallery type=&#8221;flexslider_slide&#8221; interval=&#8221;5&#8243; images=&#8221;168625,168627,168629,168631,168633,168635&#8243; img_size=&#8221;full&#8221; el_class=&#8221;galerianoticia&#8221;][\/vc_column][\/vc_row][vc_row el_id=&#8221;TEXTO_FIN_NOTICIA&#8221;][vc_column][vc_column_text]Per part seua, el gerent d&#8217;ADACEA, Antonio Rico, <strong>ha posat el focus en la import\u00e0ncia de tindre pisos tutelats o tallers i locals m\u00e9s grans<\/strong> per a atendre a qualsevol persona que ho requerisca quan &#8220;Elx tinga un tractament de Dany Cerebral Adquirit adequat a la ciutat que \u00e9s&#8221;.<\/p>\n<p>A m\u00e9s, el regidor de l&#8217;\u00e0rea, Mariano Valera, ha recalcat la import\u00e0ncia de <strong>&#8220;continuar treballant amb entitats com ADACEA a trav\u00e9s dels programes de subvenci\u00f3 de la Regidoria&#8221;<\/strong>. A l&#8217;acte han assistit tamb\u00e9 membres de la Corporaci\u00f3 Municipal.<\/p>\n<p>Per a col\u00b7laborar i visibilitzar el Dia del Dany Cerebral, la Federaci\u00f3 Espanyola de Dany Cerebral (FEDACE) du a terme una iniciativa que consisteix a <strong>pujar una foto o un v\u00eddeo a les xarxes socials amb l&#8217;etiqueta #D\u00edaDa\u00f1oCerebral<\/strong> per tal de poder guanyar una col\u00b7lecci\u00f3 de publicacions i de guies de FEDACE.<\/p>\n<hr \/>\n<p>&nbsp;<\/p>\n<p>[\/vc_column_text][\/vc_column][\/vc_row][vc_row][vc_column width=&#8221;1\/6&#8243;][\/vc_column][vc_column width=&#8221;2\/3&#8243;]<audio class=\"sc_audio\" src=\"https:\/\/soundcloud.com\/ayuntamiento-de-elche\/lectura-del-manifiesto-en-el-dia-del-dano-cerebral-adquirido?si=a07a2e7658d14dc6b68472970d140093\" width=\"\" height=\"\"><\/audio>[\/vc_column][vc_column width=&#8221;1\/6&#8243;][\/vc_column][\/vc_row]<\/p>\n<\/div>","protected":false},"excerpt":{"rendered":"<p>[vc_row el_id=&#8221;SUBTITULAR_NOTICIA&#8221;][vc_column][vc_column_text] El regidor d&#8217;Igualtat, Mariano Valera, el gerent de l&#8217;Associaci\u00f3 de Dany Cerebral Adquirit de la prov\u00edncia d&#8217;Alacant (ADACEA), Antonio Rico, l&#8217;usuari Aar\u00f3n Soler i el seu pare, Octavio [&hellip;]<\/p>\n","protected":false},"author":131,"featured_media":168624,"comment_status":"closed","ping_status":"closed","sticky":false,"template":"","format":"standard","meta":{"footnotes":""},"categories":[190,391,1312],"tags":[],"class_list":["post-168704","post","type-post","status-publish","format-standard","has-post-thumbnail","hentry","category-drets-socials","category-home-va","category-noticias-va"],"_links":{"self":[{"href":"https:\/\/www.elche.es\/va\/wp-json\/wp\/v2\/posts\/168704","targetHints":{"allow":["GET"]}}],"collection":[{"href":"https:\/\/www.elche.es\/va\/wp-json\/wp\/v2\/posts"}],"about":[{"href":"https:\/\/www.elche.es\/va\/wp-json\/wp\/v2\/types\/post"}],"author":[{"embeddable":true,"href":"https:\/\/www.elche.es\/va\/wp-json\/wp\/v2\/users\/131"}],"replies":[{"embeddable":true,"href":"https:\/\/www.elche.es\/va\/wp-json\/wp\/v2\/comments?post=168704"}],"version-history":[{"count":0,"href":"https:\/\/www.elche.es\/va\/wp-json\/wp\/v2\/posts\/168704\/revisions"}],"wp:featuredmedia":[{"embeddable":true,"href":"https:\/\/www.elche.es\/va\/wp-json\/wp\/v2\/media\/168624"}],"wp:attachment":[{"href":"https:\/\/www.elche.es\/va\/wp-json\/wp\/v2\/media?parent=168704"}],"wp:term":[{"taxonomy":"category","embeddable":true,"href":"https:\/\/www.elche.es\/va\/wp-json\/wp\/v2\/categories?post=168704"},{"taxonomy":"post_tag","embeddable":true,"href":"https:\/\/www.elche.es\/va\/wp-json\/wp\/v2\/tags?post=168704"}],"curies":[{"name":"wp","href":"https:\/\/api.w.org\/{rel}","templated":true}]}}