{"id":168790,"date":"2021-10-27T08:49:35","date_gmt":"2021-10-27T07:49:35","guid":{"rendered":"https:\/\/www.elche.es\/2021\/10\/lalcalde-assegura-que-rafael-bernabeu-es-referent-duna-generacio-dempresaris-que-han-sigut-crucials-per-al-desenvolupament-delx\/"},"modified":"2021-10-27T08:49:36","modified_gmt":"2021-10-27T07:49:36","slug":"lalcalde-assegura-que-rafael-bernabeu-es-referent-duna-generacio-dempresaris-que-han-sigut-crucials-per-al-desenvolupament-delx","status":"publish","type":"post","link":"https:\/\/www.elche.es\/va\/2021\/10\/lalcalde-assegura-que-rafael-bernabeu-es-referent-duna-generacio-dempresaris-que-han-sigut-crucials-per-al-desenvolupament-delx\/","title":{"rendered":"L&#8217;alcalde assegura que Rafael Bernabeu \u00e9s \u201creferent d&#8217;una generaci\u00f3 d&#8217;empresaris que han sigut crucials per al desenvolupament d&#8217;Elx\u201d"},"content":{"rendered":"<div class=\"wpb-content-wrapper\"><p>[vc_row el_id=&#8221;SUBTITULAR_NOTICIA&#8221;][vc_column][vc_column_text]<\/p>\n<hr \/>\n<h4>Carlos Gonz\u00e1lez elogia la traject\u00f2ria de l&#8217;empresari il\u00b7licit\u00e0, que hui ha sigut distingit en la III Gala dels Premis de la Uni\u00f3 Empresarial de la Prov\u00edncia d&#8217;Alacant<\/h4>\n<hr \/>\n<p>[\/vc_column_text][\/vc_column][\/vc_row][vc_row el_id=&#8221;TEXTO_NOTICIA&#8221;][vc_column][vc_column_text]L&#8217;hort del Cura ha acollit hui la III edici\u00f3 dels Premis UEPAL (Uni\u00f3 Empresarial de la Prov\u00edncia d&#8217;Alacant) en la qual<strong> s&#8217;ha entregat a Rafael Bernabeu Moya el premi a la traject\u00f2ria i l&#8217;associacionisme empresarial<\/strong>. L&#8217;alcalde d&#8217;Elx, Carlos Gonz\u00e1lez, ha sigut l&#8217;encarregat d&#8217;entregar, juntament amb el president de la UEPAL, Juan Jos\u00e9 Sell\u00e9s, aquesta distinci\u00f3 a l&#8217;empresari il\u00b7licit\u00e0 del qual ha destacat la seua traject\u00f2ria com a representant d&#8217;una generaci\u00f3 d&#8217;empresaris que han sigut crucials en el desenvolupament d&#8217;Elx.<\/p>\n<p>\u201cVull tindre paraules de felicitaci\u00f3 especials per a Rafael Bernabeu, una felicitaci\u00f3 carregada d&#8217;afecte i d&#8217;estima per aquest premi a la traject\u00f2ria empresarial. El teu, Rafael, \u00e9s un premi especialment merescut per una traject\u00f2ria empresarial marcada per la serietat, pel bon fer i per la responsabilitat empresarial i social. Eres un referent empresarial a Elx, a la Comunitat i a Espanya. <strong>Representes una generaci\u00f3 d&#8217;empresaris que han sigut crucials i determinants per a Elx pel seu empenyiment, per la seua capacitat per a emprendre i per l&#8217;\u00e8xit empresarial que han tingut i que ha sigut determinant perqu\u00e8 la nostra ciutat haja prosperat com ho ha fet des dels anys 50\u201d.<\/strong><\/p>\n<p>A l&#8217;acte han assistit <strong>el conseller d&#8217;Economia, Rafael Climent, el president de la Confederaci\u00f3 d&#8217;Empresaris Valenciana, Salvador Navarro, el rector de la UMH, Juan Jos\u00e9 Ruiz<\/strong>, a m\u00e9s de representants de l&#8217;associacionisme empresarial de la prov\u00edncia.<\/p>\n<p>L&#8217;alcalde, a m\u00e9s, ha tancat l&#8217;acte i ha assegurat que comparteix el sentir de l&#8217;empresariat, que ha reivindicat <strong>\u201cm\u00e9s inversi\u00f3 per a la prov\u00edncia d&#8217;Alacant, sobretot en infraestructures vi\u00e0ries i ferrovi\u00e0ries, m\u00e0ximament quan bona part d&#8217;elles tenen a veure amb el terme municipal d&#8217;Elx<\/strong>, com \u00e9s el cas de la connexi\u00f3 de l&#8217;aeroport a trav\u00e9s del ferrocarril i la connexi\u00f3 de l&#8217;estaci\u00f3 de l&#8217;AVE amb la xarxa de rodalia. La modernitzaci\u00f3 de la xarxa de rodalia Alacant-Elx-M\u00farcia \u00e9s vital per a la prov\u00edncia i per a la Comunitat Valenciana\u201d, ha assenyalat Gonz\u00e1lez.[\/vc_column_text][\/vc_column][\/vc_row][vc_row type=&#8221;flexslider_slide&#8221; interval=&#8221;5&#8243; source=&#8221;media_library&#8221; images=&#8221;&#8221; img_size=&#8221;full&#8221; external_img_size=&#8221;&#8221; onclick=&#8221;link_image&#8221; custom_links_target=&#8221;_self&#8221; el_class=&#8221;galerianoticia&#8221; title=&#8221;&#8221; custom_srcs=&#8221;&#8221; custom_links=&#8221;&#8221;][vc_column][vc_gallery type=&#8221;flexslider_slide&#8221; interval=&#8221;5&#8243; images=&#8221;168742,168740,168738,168736,168734,168732,168730,168728,168726&#8243; img_size=&#8221;full&#8221; el_class=&#8221;galerianoticia&#8221;][\/vc_column][\/vc_row][vc_row el_id=&#8221;DESTACADO_NOTICIA&#8221;][vc_column][vc_column_text el_class=&#8221;cuadronoticia&#8221;]<\/p>\n<h5>L&#8217;alcalde assegura davant els empresaris que treballa perqu\u00e8 el Govern d&#8217;Espanya i el de la Generalitat invertisquen m\u00e9s en infraestructures que s\u00f3n vitals per a la prov\u00edncia i torna a defensar el transvasament Tajo-Segura<\/h5>\n<p>[\/vc_column_text][\/vc_column][\/vc_row][vc_row el_id=&#8221;TEXTO_FIN_NOTICIA&#8221;][vc_column][vc_column_text]\u201cCompartisc la necessitat de reivindicar al Govern d&#8217;Espanya que invertisca en infraestructures i que millore la inversi\u00f3 a la prov\u00edncia\u201d, ha indicat l&#8217;alcalde, que ha afegit que \u201cno nom\u00e9s ho dic ac\u00ed, <strong>treballar\u00e9 perqu\u00e8 aix\u00f2 siga una realitat en els Pressupostos Generals de l&#8217;Estat que en aquest moment estan en tramitaci\u00f3<\/strong>. I tamb\u00e9 crec que \u00e9s necessari que la Generalitat invertisca amb for\u00e7a en una prov\u00edncia que \u00e9s essencial en la din\u00e0mica social i econ\u00f2mica de la Comunitat\u201d.<\/p>\n<p>En les paraules de clausura de l&#8217;acte, el regidor ha tornat a pronunciar-se a favor del transvasament Tajo-Segura.<strong> \u201cHem d&#8217;estar tots segurs i defensar el transvasament, perqu\u00e8 \u00e9s una infraestructura absolutament fonamental per a la superviv\u00e8ncia de la prov\u00edncia<\/strong>. Governe qui governe, hem de fer un esfor\u00e7 per a fer veure al Govern d&#8217;Espanya i a altres comunitats aut\u00f2nomes que eixa aportaci\u00f3 h\u00eddrica \u00e9s essencial per a aquesta prov\u00edncia\u201d.<\/p>\n<p>Amb aquests premis <strong>UEPAL pret\u00e9n posar en valor les persones i les entitats que han treballat i treballen pel m\u00f3n associatiu i empresarial<\/strong> de la prov\u00edncia d&#8217;Alacant.<\/p>\n<p>Durant la gala <strong>tamb\u00e9 s&#8217;han lliurat quatre premis a entitats que s&#8217;han caracteritzat per defensar els valors associatius<\/strong>. El premi Foment de l&#8217;economia provincial ha sigut per a la Federaci\u00f3 d&#8217;Empresaris de Fruits i Productes Hort\u00edcoles, FEXPHAL; el premi al Foment a la formaci\u00f3 ha sigut per a la Federaci\u00f3 d&#8217;Obres P\u00fabliques de la Prov\u00edncia d&#8217;Alacant, FOPA; el premi Foment a la vertebraci\u00f3 de la prov\u00edncia a la Federaci\u00f3 Empresarial Alcoi\u00e0-Comtat, FEDAC i el reconeixement al Foment de la incorporaci\u00f3 i la participaci\u00f3 activa de la dona en els \u00f2rgans de govern empresarials ha sigut per a la Federaci\u00f3 d&#8217;Associacions de Joves Empresaris de la Prov\u00edncia d&#8217;Alacant, JOVEMPA.<\/p>\n<hr \/>\n<p>[\/vc_column_text][\/vc_column][\/vc_row][vc_row][vc_column width=&#8221;1\/6&#8243;][\/vc_column][vc_column width=&#8221;2\/3&#8243;]<audio class=\"sc_audio\" src=\"\" width=\"\" height=\"\"><\/audio>[\/vc_column][vc_column width=&#8221;1\/6&#8243;][\/vc_column][\/vc_row]<\/p>\n<\/div>","protected":false},"excerpt":{"rendered":"<p>[vc_row el_id=&#8221;SUBTITULAR_NOTICIA&#8221;][vc_column][vc_column_text] Carlos Gonz\u00e1lez elogia la traject\u00f2ria de l&#8217;empresari il\u00b7licit\u00e0, que hui ha sigut distingit en la III Gala dels Premis de la Uni\u00f3 Empresarial de la Prov\u00edncia d&#8217;Alacant [\/vc_column_text][\/vc_column][\/vc_row][vc_row [&hellip;]<\/p>\n","protected":false},"author":131,"featured_media":168739,"comment_status":"closed","ping_status":"closed","sticky":false,"template":"","format":"standard","meta":{"footnotes":""},"categories":[391,1312,183],"tags":[],"class_list":["post-168790","post","type-post","status-publish","format-standard","has-post-thumbnail","hentry","category-home-va","category-noticias-va","category-pomocio-economica"],"_links":{"self":[{"href":"https:\/\/www.elche.es\/va\/wp-json\/wp\/v2\/posts\/168790","targetHints":{"allow":["GET"]}}],"collection":[{"href":"https:\/\/www.elche.es\/va\/wp-json\/wp\/v2\/posts"}],"about":[{"href":"https:\/\/www.elche.es\/va\/wp-json\/wp\/v2\/types\/post"}],"author":[{"embeddable":true,"href":"https:\/\/www.elche.es\/va\/wp-json\/wp\/v2\/users\/131"}],"replies":[{"embeddable":true,"href":"https:\/\/www.elche.es\/va\/wp-json\/wp\/v2\/comments?post=168790"}],"version-history":[{"count":0,"href":"https:\/\/www.elche.es\/va\/wp-json\/wp\/v2\/posts\/168790\/revisions"}],"wp:featuredmedia":[{"embeddable":true,"href":"https:\/\/www.elche.es\/va\/wp-json\/wp\/v2\/media\/168739"}],"wp:attachment":[{"href":"https:\/\/www.elche.es\/va\/wp-json\/wp\/v2\/media?parent=168790"}],"wp:term":[{"taxonomy":"category","embeddable":true,"href":"https:\/\/www.elche.es\/va\/wp-json\/wp\/v2\/categories?post=168790"},{"taxonomy":"post_tag","embeddable":true,"href":"https:\/\/www.elche.es\/va\/wp-json\/wp\/v2\/tags?post=168790"}],"curies":[{"name":"wp","href":"https:\/\/api.w.org\/{rel}","templated":true}]}}