{"id":168815,"date":"2021-10-27T10:20:04","date_gmt":"2021-10-27T09:20:04","guid":{"rendered":"https:\/\/www.elche.es\/2021\/10\/reunio-del-club-de-lectura-del-mes-doctubre\/"},"modified":"2021-10-27T10:20:04","modified_gmt":"2021-10-27T09:20:04","slug":"reunio-del-club-de-lectura-del-mes-doctubre","status":"publish","type":"post","link":"https:\/\/www.elche.es\/va\/2021\/10\/reunio-del-club-de-lectura-del-mes-doctubre\/","title":{"rendered":"Reuni\u00f3 del Club de Lectura del mes d&#8217;octubre"},"content":{"rendered":"<div dir=\"auto\"><\/div>\n<div dir=\"auto\"><\/div>\n<div dir=\"auto\">Des de la Biblioteca Pere Ibarra reprenem de nou les reunions mensuals del nostre Club de Lectura.<br \/>\nLa tert\u00falia ser\u00e0 el pr\u00f2xim dijous 28 d&#8217;octubre, a les 17:00h. a la Biblioteca Central Pere Ibarra.<br \/>\nA m\u00e9s, en aquesta ocasi\u00f3 comptarem amb la pres\u00e8ncia de l&#8217;autora, <strong>Luisa Fernanda Escalada Cuadrado<\/strong>, per a parlar sobre el seu llibre <em>En canal<\/em>.<\/div>\n","protected":false},"excerpt":{"rendered":"<p>Des de la Biblioteca Pere Ibarra reprenem de nou les reunions mensuals del nostre Club de Lectura. La tert\u00falia ser\u00e0 el pr\u00f2xim dijous 28 d&#8217;octubre, a les 17:00h. a la [&hellip;]<\/p>\n","protected":false},"author":131,"featured_media":168809,"comment_status":"closed","ping_status":"closed","sticky":false,"template":"","format":"standard","meta":{"footnotes":""},"categories":[181,193,1312],"tags":[],"class_list":["post-168815","post","type-post","status-publish","format-standard","has-post-thumbnail","hentry","category-biblioteques-va","category-cultura-va","category-noticias-va"],"_links":{"self":[{"href":"https:\/\/www.elche.es\/va\/wp-json\/wp\/v2\/posts\/168815","targetHints":{"allow":["GET"]}}],"collection":[{"href":"https:\/\/www.elche.es\/va\/wp-json\/wp\/v2\/posts"}],"about":[{"href":"https:\/\/www.elche.es\/va\/wp-json\/wp\/v2\/types\/post"}],"author":[{"embeddable":true,"href":"https:\/\/www.elche.es\/va\/wp-json\/wp\/v2\/users\/131"}],"replies":[{"embeddable":true,"href":"https:\/\/www.elche.es\/va\/wp-json\/wp\/v2\/comments?post=168815"}],"version-history":[{"count":0,"href":"https:\/\/www.elche.es\/va\/wp-json\/wp\/v2\/posts\/168815\/revisions"}],"wp:featuredmedia":[{"embeddable":true,"href":"https:\/\/www.elche.es\/va\/wp-json\/wp\/v2\/media\/168809"}],"wp:attachment":[{"href":"https:\/\/www.elche.es\/va\/wp-json\/wp\/v2\/media?parent=168815"}],"wp:term":[{"taxonomy":"category","embeddable":true,"href":"https:\/\/www.elche.es\/va\/wp-json\/wp\/v2\/categories?post=168815"},{"taxonomy":"post_tag","embeddable":true,"href":"https:\/\/www.elche.es\/va\/wp-json\/wp\/v2\/tags?post=168815"}],"curies":[{"name":"wp","href":"https:\/\/api.w.org\/{rel}","templated":true}]}}