{"id":168967,"date":"2021-10-27T13:22:37","date_gmt":"2021-10-27T12:22:37","guid":{"rendered":"https:\/\/www.elche.es\/2021\/10\/el-nou-accelerador-lineal-del-servei-doncologia-radioterapica-de-lhospital-general-universitari-delx-ja-aten-els-seus-primers-pacients\/"},"modified":"2021-10-27T13:22:38","modified_gmt":"2021-10-27T12:22:38","slug":"el-nou-accelerador-lineal-del-servei-doncologia-radioterapica-de-lhospital-general-universitari-delx-ja-aten-els-seus-primers-pacients","status":"publish","type":"post","link":"https:\/\/www.elche.es\/va\/2021\/10\/el-nou-accelerador-lineal-del-servei-doncologia-radioterapica-de-lhospital-general-universitari-delx-ja-aten-els-seus-primers-pacients\/","title":{"rendered":"El nou accelerador lineal del servei d&#8217;Oncologia Radioter\u00e0pica de l&#8217;Hospital General Universitari d&#8217;Elx ja at\u00e9n els seus primers pacients"},"content":{"rendered":"<div class=\"wpb-content-wrapper\"><p>[vc_row el_id=&#8221;SUBTITULAR_NOTICIA&#8221;][vc_column][vc_column_text]<\/p>\n<hr \/>\n<h4>L&#8217;accelerador d&#8217;\u00faltima generaci\u00f3 permet l&#8217;administraci\u00f3 de tractaments radioter\u00e0pics m\u00e9s precisos i minimitza els efectes secundaris i el temps de tractament<\/h4>\n<hr \/>\n<p>[\/vc_column_text][\/vc_column][\/vc_row][vc_row el_id=&#8221;TEXTO_FIN_NOTICIA&#8221;][vc_column][vc_column_text]El nou accelerador lineal del Servei de Radioter\u00e0pia Oncol\u00f2gica de l&#8217;Hospital General Universitari d&#8217;Elx, fruit del conveni de col\u00b7laboraci\u00f3 de la Generalitat Valenciana amb la Fundaci\u00f3 Amancio Ortega, <strong>at\u00e9n des de hui els seus primers pacients.<\/strong><\/p>\n<p>\u00c9s necessari destacar que, durant el seu muntatge, calibrat, la dotaci\u00f3 de plantilla i la formaci\u00f3 d&#8217;aquesta, no s&#8217;ha susp\u00e9s cap tractament.<\/p>\n<p>En eixe sentit, el doctor Carlos Ortega, responsable del Servei d&#8217;Oncologia Radioter\u00e0pica de l&#8217;hospital il\u00b7licit\u00e0, explica que \u201cl<strong>a posada en marxa d&#8217;aquest tipus d&#8217;equips s&#8217;ha complit amb el termini de preparaci\u00f3 i de muntatge<\/strong>, fins i tot malgrat la situaci\u00f3 de pand\u00e8mia per Covid19 que travessem des de l&#8217;any passat\u201d.<\/p>\n<h5>Beneficis per als pacients<\/h5>\n<p>El nou accelerador de tecnologia punta presenta importants avantatges per als pacients oncol\u00f2gics. Gr\u00e0cies a ell es poden realitzar tractaments d&#8217;\u00faltima generaci\u00f3 com l&#8217;<strong>Arcoterapia Volum\u00e8trica (VMAT), que destrueix les c\u00e8l\u00b7lules malignes i causa el menor mal en el teixit sa.<\/strong><\/p>\n<p>\u201cAquesta nova t\u00e8cnica a l&#8217;hospital proporciona distribucions de dosis m\u00e9s conformades i homog\u00e8nies si es compara amb la radioter\u00e0pia d&#8217;intensitat modulada. <strong>Es redueix de manera considerable el temps d&#8217;administraci\u00f3 del tractament i s&#8217;aconsegueixen reduccions de fins a un 70% de la duraci\u00f3 de cada sessi\u00f3 i, en conseq\u00fc\u00e8ncia, del temps que el pacient ha de romandre a la sala de tractament<\/strong>, en comparaci\u00f3 amb la radioter\u00e0pia convencional. Amb tot aix\u00f2 s&#8217;aconsegueixen millors resultats oncol\u00f2gics, amb menors efectes secundaris i es millora la qualitat de vida dels pacients\u201d, explica el doctor Ortega.<\/p>\n<h5>TAC Simulador<\/h5>\n<p>Abans de ser tractats a l&#8217;accelerador lineal, els pacients han de realitzar-se un TAC simulador. Es tracta d&#8217;un <strong>TAC d&#8217;\u00faltima generaci\u00f3 espec\u00edfic per a radioter\u00e0pia<\/strong> a trav\u00e9s del qual els especialistes dissenyen el tractament que ha de ser subministrat per l&#8217;accelerador de forma molt precisa.<\/p>\n<p>El TAC <strong>permet obtindre l&#8217;anatomia del pacient per a dissenyar el volum de tractament concret<\/strong>, i \u00e9s que l&#8217;Oncologia Radioter\u00e0pica no sols permet l&#8217;\u00fas de m\u00faltiples fasces de radiaci\u00f3, sin\u00f3 focalitzar les dosis adequades en el tumor, mentre es preserven la resta dels \u00f2rgans m\u00e9s pr\u00f2xims.<\/p>\n<p>Aix\u00f2 es tradueix en qu\u00e8, <strong>encara que els primers pacients seran tractats amb l&#8217;accelerador lineal aquesta mateixa setmana, van ser valorats fa 10 dies i se&#8217;ls va realitzar aquest TAC de simulaci\u00f3<\/strong>, per la qual cosa el Servei d&#8217;Oncologia Radioter\u00e0pica ja els estava atenent des de mitjan mes.<\/p>\n<h5>Altres millores<\/h5>\n<p><strong>El Servei d&#8217;Oncologia Radioter\u00e0pica de l&#8217;Hospital General Universitari d&#8217;Elx no sols destaca per la seua atenci\u00f3 cl\u00ednica als pacients, sin\u00f3 que ha introdu\u00eft un altre tipus de millores innovadores, com ara convertir-se en el primer servei p\u00fablic de la prov\u00edncia sense paper f\u00edsic<\/strong>, ja que du a terme els seus fluxos de treball mitjan\u00e7ant una xarxa de gesti\u00f3 pr\u00f2pia totalment informatitzada que permet una labor m\u00e9s eficient, r\u00e0pida, segura i neta per al medi ambient.<\/p>\n<h5>Servei Multidisciplinari<\/h5>\n<p>El Servei d&#8217;Oncologia Radioter\u00e0pica est\u00e0 dotat de <strong>la m\u00e9s moderna tecnologia i est\u00e0 destinat al tractament de diferents tipus de c\u00e0ncer<\/strong>.<\/p>\n<p>Els seus professionals tracten tot tipus de tumors, encara que <strong>els m\u00e9s freq\u00fcents s\u00f3n els de mama, pulm\u00f3, pr\u00f2stata, cap i coll, aix\u00ed com la patologia ginecol\u00f2gica i gastrointestinal<\/strong>, sobre la base de protocols cl\u00ednics actualitzats basats en les \u00faltimes guies cl\u00edniques i en les recomanacions tant en l&#8217;\u00e0mbit nacional com internacional.<\/p>\n<p>Per a aix\u00f2, el servei compta amb aparells d&#8217;\u00faltima generaci\u00f3 com \u00e9s el cas de l&#8217;accelerador lineal recentment en funcionament que \u201ca m\u00e9s <strong>incorpora un sistema d&#8217;imatge guiada d&#8217;alta definici\u00f3 on els professionals visualitzen di\u00e0riament les lesions que s&#8217;irradien amb una alt\u00edssima precisi\u00f3<\/strong>\u201d, subratlla el doctor Ortega.<\/p>\n<p>El servei d&#8217;Oncologia Radioter\u00e0pica <strong>est\u00e0 format per una plantilla multidisciplin\u00e0ria<\/strong> composta per especialistes m\u00e8dics\/es, radiof\u00edsics\/es, infermers\/es, t\u00e8cnics\/es en radioter\u00e0pia, auxiliars administratius etc., que treballen de manera coordinada per tal de proporcionar un abordatge del pacient molt complet i de major qualitat.<\/p>\n<hr \/>\n<p>[\/vc_column_text][\/vc_column][\/vc_row][vc_row][vc_column width=&#8221;1\/6&#8243;][\/vc_column][vc_column width=&#8221;2\/3&#8243;]<audio class=\"sc_audio\" src=\"\" width=\"\" height=\"\"><\/audio>[\/vc_column][vc_column width=&#8221;1\/6&#8243;][\/vc_column][\/vc_row]<\/p>\n<\/div>","protected":false},"excerpt":{"rendered":"<p>[vc_row el_id=&#8221;SUBTITULAR_NOTICIA&#8221;][vc_column][vc_column_text] L&#8217;accelerador d&#8217;\u00faltima generaci\u00f3 permet l&#8217;administraci\u00f3 de tractaments radioter\u00e0pics m\u00e9s precisos i minimitza els efectes secundaris i el temps de tractament [\/vc_column_text][\/vc_column][\/vc_row][vc_row el_id=&#8221;TEXTO_FIN_NOTICIA&#8221;][vc_column][vc_column_text]El nou accelerador lineal del Servei de [&hellip;]<\/p>\n","protected":false},"author":131,"featured_media":168953,"comment_status":"closed","ping_status":"closed","sticky":false,"template":"","format":"standard","meta":{"footnotes":""},"categories":[391,1312,893],"tags":[],"class_list":["post-168967","post","type-post","status-publish","format-standard","has-post-thumbnail","hentry","category-home-va","category-noticias-va","category-sanidad-va"],"_links":{"self":[{"href":"https:\/\/www.elche.es\/va\/wp-json\/wp\/v2\/posts\/168967","targetHints":{"allow":["GET"]}}],"collection":[{"href":"https:\/\/www.elche.es\/va\/wp-json\/wp\/v2\/posts"}],"about":[{"href":"https:\/\/www.elche.es\/va\/wp-json\/wp\/v2\/types\/post"}],"author":[{"embeddable":true,"href":"https:\/\/www.elche.es\/va\/wp-json\/wp\/v2\/users\/131"}],"replies":[{"embeddable":true,"href":"https:\/\/www.elche.es\/va\/wp-json\/wp\/v2\/comments?post=168967"}],"version-history":[{"count":0,"href":"https:\/\/www.elche.es\/va\/wp-json\/wp\/v2\/posts\/168967\/revisions"}],"wp:featuredmedia":[{"embeddable":true,"href":"https:\/\/www.elche.es\/va\/wp-json\/wp\/v2\/media\/168953"}],"wp:attachment":[{"href":"https:\/\/www.elche.es\/va\/wp-json\/wp\/v2\/media?parent=168967"}],"wp:term":[{"taxonomy":"category","embeddable":true,"href":"https:\/\/www.elche.es\/va\/wp-json\/wp\/v2\/categories?post=168967"},{"taxonomy":"post_tag","embeddable":true,"href":"https:\/\/www.elche.es\/va\/wp-json\/wp\/v2\/tags?post=168967"}],"curies":[{"name":"wp","href":"https:\/\/api.w.org\/{rel}","templated":true}]}}