{"id":169008,"date":"2021-10-27T14:41:49","date_gmt":"2021-10-27T13:41:49","guid":{"rendered":"https:\/\/www.elche.es\/2021\/10\/el-jaciment-de-lalcudia-es-vesteix-de-gala-per-a-commemorar-el-25e-aniversari-de-la-incorporacio-a-la-universitat-dalacant\/"},"modified":"2021-10-27T14:41:49","modified_gmt":"2021-10-27T13:41:49","slug":"el-jaciment-de-lalcudia-es-vesteix-de-gala-per-a-commemorar-el-25e-aniversari-de-la-incorporacio-a-la-universitat-dalacant","status":"publish","type":"post","link":"https:\/\/www.elche.es\/va\/2021\/10\/el-jaciment-de-lalcudia-es-vesteix-de-gala-per-a-commemorar-el-25e-aniversari-de-la-incorporacio-a-la-universitat-dalacant\/","title":{"rendered":"El jaciment de l&#8217;Alc\u00fadia es vesteix de gala per a commemorar el 25\u00e9 aniversari de la incorporaci\u00f3 a la Universitat d&#8217;Alacant"},"content":{"rendered":"<div class=\"wpb-content-wrapper\"><p>[vc_row el_id=&#8221;SUBTITULAR_NOTICIA&#8221;][vc_column][vc_column_text]<\/p>\n<hr \/>\n<h4>A m\u00e9s d\u2019estrenar senyalitzaci\u00f3 i itineraris, els actes commemoratius de la creaci\u00f3 de la Fundaci\u00f3 Arqueol\u00f2gica inclouen l\u2019edici\u00f3 d\u2019un llibre commemoratiu i la creaci\u00f3 d\u2019una sala expositiva al MUA, entre altres accions<\/h4>\n<hr \/>\n<p>[\/vc_column_text][\/vc_column][\/vc_row][vc_row el_id=&#8221;TEXTO_NOTICIA&#8221;][vc_column][vc_column_text]<br \/>\nEl vicerector d&#8217;Investigaci\u00f3 de la Universitat d\u2019Alacant, Juan Mora; el director cient\u00edfic de L\u2019Alc\u00fadia, Javier Jover, i <strong>la regidora de l\u2019Ajuntament d\u2019Elx, Marga Ant\u00f3n, han sigut els encarregats de presentar aquest mat\u00ed la programaci\u00f3 commemorativa del 25 aniversari de la creaci\u00f3 de la Fundaci\u00f3 Arqueol\u00f2gica L&#8217;Alc\u00fadia<\/strong> en un acte que s\u2019ha celebrat a les instal\u00b7lacions del jaciment.<br aria-hidden=\"true\" \/><br aria-hidden=\"true\" \/>Juan Mora ha destacat que \u00abhan sigut 25 anys de treball constant, per part del seu patronat, la comissi\u00f3 executiva, la comissi\u00f3 cient\u00edfica, la direcci\u00f3 i l\u2019equip hum\u00e0 de L\u2019Alc\u00fadia, amb una traject\u00f2ria centrada en la gesti\u00f3 integral de la recerca, la conservaci\u00f3, la difusi\u00f3 i la promoci\u00f3 social d\u2019un llegat patrimonial d\u2019un valor arqueol\u00f2gic, hist\u00f2ric i cultural enorme\u00bb. Per part seua, <strong>l\u2019edil il\u00b7licitana, Marga Ant\u00f3n, ha apuntat la \u00abimport\u00e0ncia del jaciment arqueol\u00f2gic de l\u2019Alc\u00fadia, no solament per a la recerca arqueol\u00f2gica i el potencial cient\u00edfic, sin\u00f3 tamb\u00e9 com a important revulsiu econ\u00f2mic per a la ciutat d\u2019Elx pel seu valor patrimonial, cultural i tur\u00edstic<\/strong>\u00bb.<br aria-hidden=\"true\" \/><br aria-hidden=\"true\" \/>El director cient\u00edfic del jaciment, Javier Jover, ha subratllat la import\u00e0ncia del jaciment per a la recerca i per a la formaci\u00f3. Jover ha explicat les iniciatives que es duran a terme amb motiu de la commemoraci\u00f3 del vint-i-cinc aniversari de la creaci\u00f3 de la Fundaci\u00f3 Arqueol\u00f2gica L\u2019Alc\u00fadia. Entre altres accions, ha destacat &#8220;<strong>l\u2019adequaci\u00f3 i la posada en valor de noves zones arqueol\u00f2giques amb la creaci\u00f3 de nous itineraris visitables que donaran l\u2019oportunitat als visitants de con\u00e8ixer noves zones<\/strong> en les quals hem treballat i, d\u2019una altra banda, l\u2019edici\u00f3 d\u2019un llibre commemoratiu en qu\u00e8 es donaran a con\u00e8ixer, entre altres q\u00fcestions, els avan\u00e7os en les recerques realitzades pels grups que han excavat al jaciment els darrers anys&#8221;.<br aria-hidden=\"true\" \/><br \/>\n[\/vc_column_text][\/vc_column][\/vc_row][vc_row type=&#8221;flexslider_slide&#8221; interval=&#8221;5&#8243; source=&#8221;media_library&#8221; images=&#8221;&#8221; img_size=&#8221;full&#8221; external_img_size=&#8221;&#8221; onclick=&#8221;link_image&#8221; custom_links_target=&#8221;_self&#8221; el_class=&#8221;galerianoticia&#8221; title=&#8221;&#8221; custom_srcs=&#8221;&#8221; custom_links=&#8221;&#8221;][vc_column][vc_gallery type=&#8221;flexslider_slide&#8221; interval=&#8221;5&#8243; images=&#8221;169004,169002,168998&#8243; img_size=&#8221;full&#8221; el_class=&#8221;galerianoticia&#8221;][\/vc_column][\/vc_row][vc_row el_id=&#8221;TEXTO_FIN_NOTICIA&#8221;][vc_column][vc_column_text]<\/p>\n<h5>25 aniversari<\/h5>\n<p>La Universitat d\u2019Alacant ha programat una completa s\u00e8rie d\u2019activitats i accions per a commemorar el vint-i-cinqu\u00e8 aniversari de la creaci\u00f3 de la Fundaci\u00f3 Arqueol\u00f2gica L\u2019Alc\u00fadia que <strong>comencen avui mateix amb la presentaci\u00f3 del programa i la inauguraci\u00f3 dels nous itineraris i la senyal\u00edstica, i acabaran el 2 de desembre amb una gala commemorativa al Museu de L&#8217;Alc\u00fadia<\/strong>.<br aria-hidden=\"true\" \/><br aria-hidden=\"true\" \/>Des d\u2019avui es poden visitar les noves zones arqueol\u00f2giques en l\u2019\u00e0rea nord-occidental de jaciment previstes en el Pla Director i que han quedat integrades en el recorregut. En concret, els visitants tindran l\u2019oportunitat de con\u00e8ixer la muralla romana, les termes occidentals, les cases ib\u00e8riques, la casa de l\u2019orfebre i el clavegueram. L\u2019itinerari disposa d\u2019un <strong>nou plaf\u00f3 informatiu que s\u2019incorporar\u00e0, de manera progressiva, a totes les zones visitables del jaciment<\/strong>. Zones que, a m\u00e9s, tenen instal\u00b7lades noves c\u00e0meres de videovigil\u00e0ncia per a incrementar la seguretat del jaciment.<br aria-hidden=\"true\" \/><br aria-hidden=\"true\" \/><strong>El dia 3 de novembre, el MAHE acollir\u00e0 la presentaci\u00f3 del llibre &#8220;La Fundaci\u00f3n La Alcudia de Investigaci\u00f3n Arqueol\u00f3gica. 25 a\u00f1os creando patrimonio&#8221;<\/strong>, editat per Javier Jover i Alejandro Ramos i publicat pel\u00a0Servei de Publicacions de la UA. Una obra dedicada a divulgar el treball desenvolupat per la Fundaci\u00f3 L\u2019Alc\u00fadia i a presentar els principals resultats obtinguts pels projectes de recerca promoguts des del Vicerectorat d\u2019Investigaci\u00f3 des del 2017 fins a l\u2019actualitat. El llibre t\u00e9 232 p\u00e0gines, integrat per 17 cap\u00edtols en tres blocs, en qu\u00e8 han participat 29 autors de les universitats d\u2019Alacant, de M\u00farcia, membres de la Fundaci\u00f3 L\u2019Alc\u00fadia i col\u00b7laboradors habituals com l\u2019Associaci\u00f3 d\u2019Amics de l\u2019Alc\u00fadia, ASADILA.<br aria-hidden=\"true\" \/><br aria-hidden=\"true\" \/>En el marc de la commemoraci\u00f3, es desenvolupar\u00e0 el XVIII Curs sobre Arqueologia Il\u00b7licitana, els denominats\u00a0<strong>&#8220;lunes de La Alcudia&#8221;\u00a0<\/strong>que, com el nom indica, tindran lloc t<strong>ots els dilluns del mes de novembre a partir del dia 8. Es tracta d\u2019un cicle de confer\u00e8ncies que es dur\u00e0 a terme al Centre de Congressos Ciutat d\u2019Elx<\/strong> i que aquesta vegada estar\u00e0 dedicat als resultats obtinguts en els projectes de recerca duts a terme al jaciment d\u2019en\u00e7\u00e0 del 2017.<br aria-hidden=\"true\" \/><br aria-hidden=\"true\" \/>Una altra de les iniciatives previstes en la programaci\u00f3 del vint-i-cinc aniversari \u00e9s l<strong>\u2019adequaci\u00f3 d\u2019un nou espai expositiu al Museu de Universitat d&#8217;Alacant (MUA), fruit de la remodelaci\u00f3 i ampliaci\u00f3 de la sala L\u2019Alc\u00fadia del MUA creada el 2013<\/strong>. La nova sala, que es dedicar\u00e0 a l\u2019exposici\u00f3 dels projectes d\u2019investigaci\u00f3 desenvolupats els \u00faltims anys, comptar\u00e0 amb tres petits mosaics romans de paret procedents de la vil\u00b7la romana d\u2019Algor\u00f3s (Elx). Es tracta d\u2019una luxosa vil\u00b7la situada prop de l\u2019Alc\u00fadia, i els mosaics, acabats de restaurar, es podran veure a la Universitat d\u2019Alacant gr\u00e0cies a un acord amb el Museu Arqueol\u00f2gic Nacional.<br aria-hidden=\"true\" \/><br aria-hidden=\"true\" \/>La promoci\u00f3 i divulgaci\u00f3 de les recerques de l\u2019Alc\u00fadia tamb\u00e9 ocupa part de les activitats dissenyades amb motiu de l\u2019efem\u00e8ride. Aix\u00ed, <strong>est\u00e0 previst participar en destacats f\u00f2rums cient\u00edfics com en Congr\u00e9s Internacional Small Towns: \u00abUna realitat urbana a la Hisp\u00e0nia romana\u00bb<\/strong>, que se celebra al Marq, en el qual les professores Mercedes Tendero Porras i Ana Mar\u00eda Ronda Femenia presentaran una comunicaci\u00f3 dedicada a l\u2019urbanisme i el seu desenvolupament en aquesta zona.<\/p>\n<hr \/>\n<p>&nbsp;<\/p>\n<p>[\/vc_column_text][\/vc_column][\/vc_row][vc_row][vc_column width=&#8221;1\/6&#8243;][\/vc_column][vc_column width=&#8221;2\/3&#8243;]<audio class=\"sc_audio\" src=\"\" width=\"\" height=\"\"><\/audio>[\/vc_column][vc_column width=&#8221;1\/6&#8243;][\/vc_column][\/vc_row]<\/p>\n<\/div>","protected":false},"excerpt":{"rendered":"<p>[vc_row el_id=&#8221;SUBTITULAR_NOTICIA&#8221;][vc_column][vc_column_text] A m\u00e9s d\u2019estrenar senyalitzaci\u00f3 i itineraris, els actes commemoratius de la creaci\u00f3 de la Fundaci\u00f3 Arqueol\u00f2gica inclouen l\u2019edici\u00f3 d\u2019un llibre commemoratiu i la creaci\u00f3 d\u2019una sala expositiva al [&hellip;]<\/p>\n","protected":false},"author":131,"featured_media":169001,"comment_status":"closed","ping_status":"closed","sticky":false,"template":"","format":"standard","meta":{"footnotes":""},"categories":[193,391,1312],"tags":[],"class_list":["post-169008","post","type-post","status-publish","format-standard","has-post-thumbnail","hentry","category-cultura-va","category-home-va","category-noticias-va"],"_links":{"self":[{"href":"https:\/\/www.elche.es\/va\/wp-json\/wp\/v2\/posts\/169008","targetHints":{"allow":["GET"]}}],"collection":[{"href":"https:\/\/www.elche.es\/va\/wp-json\/wp\/v2\/posts"}],"about":[{"href":"https:\/\/www.elche.es\/va\/wp-json\/wp\/v2\/types\/post"}],"author":[{"embeddable":true,"href":"https:\/\/www.elche.es\/va\/wp-json\/wp\/v2\/users\/131"}],"replies":[{"embeddable":true,"href":"https:\/\/www.elche.es\/va\/wp-json\/wp\/v2\/comments?post=169008"}],"version-history":[{"count":0,"href":"https:\/\/www.elche.es\/va\/wp-json\/wp\/v2\/posts\/169008\/revisions"}],"wp:featuredmedia":[{"embeddable":true,"href":"https:\/\/www.elche.es\/va\/wp-json\/wp\/v2\/media\/169001"}],"wp:attachment":[{"href":"https:\/\/www.elche.es\/va\/wp-json\/wp\/v2\/media?parent=169008"}],"wp:term":[{"taxonomy":"category","embeddable":true,"href":"https:\/\/www.elche.es\/va\/wp-json\/wp\/v2\/categories?post=169008"},{"taxonomy":"post_tag","embeddable":true,"href":"https:\/\/www.elche.es\/va\/wp-json\/wp\/v2\/tags?post=169008"}],"curies":[{"name":"wp","href":"https:\/\/api.w.org\/{rel}","templated":true}]}}