{"id":169013,"date":"2021-10-27T15:19:27","date_gmt":"2021-10-27T14:19:27","guid":{"rendered":"https:\/\/www.elche.es\/2021\/10\/elx-impulsa-un-nou-pla-desport-escolar-per-a-augmentar-el-nombre-de-xiquets-i-de-joves-que-realitzen-exercici-fisic-al-municipi\/"},"modified":"2021-10-28T08:43:37","modified_gmt":"2021-10-28T07:43:37","slug":"elx-impulsa-un-nou-pla-desport-escolar-per-a-augmentar-el-nombre-de-xiquets-i-de-joves-que-realitzen-exercici-fisic-al-municipi","status":"publish","type":"post","link":"https:\/\/www.elche.es\/va\/2021\/10\/elx-impulsa-un-nou-pla-desport-escolar-per-a-augmentar-el-nombre-de-xiquets-i-de-joves-que-realitzen-exercici-fisic-al-municipi\/","title":{"rendered":"Elx impulsa un nou Pla d&#8217;Esport Escolar per a augmentar el nombre de xiquets i de joves que realitzen exercici f\u00edsic al municipi"},"content":{"rendered":"<div class=\"wpb-content-wrapper\"><p>[vc_row el_id=&#8221;SUBTITULAR_NOTICIA&#8221;][vc_column][vc_column_text]<\/p>\n<hr \/>\n<h4>Les regidories d&#8217;Esports i d&#8217;Educaci\u00f3 uneixen forces, juntament amb la Fundaci\u00f3 de l&#8217;Esport Il\u00b7licit\u00e0, per a rellan\u00e7ar la iniciaci\u00f3 en diferents disciplines en l&#8217;\u00e0mbit dels centres educatius<\/h4>\n<hr \/>\n<p>[\/vc_column_text][\/vc_column][\/vc_row][vc_row el_id=&#8221;TEXTO_NOTICIA&#8221;][vc_column][vc_column_text]Elx impulsa un nou Pla d&#8217;Esport Escolar per a augmentar la xifra de xiquets i de joves que realitzen exercici f\u00edsic al municipi. Les regidories d&#8217;Esports i d&#8217;Educaci\u00f3 uneixen forces, juntament amb la Fundaci\u00f3 de l&#8217;Esport Il\u00b7licit\u00e0, <strong>per a rellan\u00e7ar l&#8217;estrat\u00e8gia amb la finalitat que l&#8217;alumnat il\u00b7licit\u00e0 s&#8217;inicie en diferents disciplines en l&#8217;\u00e0mbit del seu centre educatiu i, alhora, aprenguen els valors lligats a l&#8217;esport<\/strong>.<\/p>\n<p>Els regidors Vicente Alberola i Mar\u00eda Jos\u00e9 Mart\u00ednez \u2013que han agra\u00eft les persones que han fet d&#8217;aquest projecte, una realitat\u2013 la presidenta de la Fundaci\u00f3 de l&#8217;Esport Il\u00b7licit\u00e0, Raquel Rosique, i el coordinador de l&#8217;\u00c0rea d&#8217;Esports de l&#8217;Ajuntament, Jos\u00e9 Francisco Aldeguer, <strong>han presentat al migdia el Pla; un nou comen\u00e7ament a causa de \u201cla disminuci\u00f3 de practicants tant d&#8217;esports escolars com en els Jocs Escolars\u201d, segons l&#8217;edil, \u201cper la qual cosa hem fet un tomb per a adaptar-nos als canvis que s&#8217;han produ\u00eft sobre aquest tema en els \u00faltims anys<\/strong>\u201d. Alberola ha explicat que el projecte es fomenta i es coordina des del mateix Consistori, mentre que la Fundaci\u00f3 s&#8217;encarrega de la seua execuci\u00f3.<\/p>\n<p>Aix\u00ed doncs, els col\u00b7legis i els instituts d&#8217;Elx ara seran el principal nucli de promoci\u00f3 esportiva, en consens amb els clubs de la localitat i amb les mateixes instal\u00b7lacions educatives, amb els equips directius, amb els departaments d&#8217;Educaci\u00f3 F\u00edsica i amb les AMPA al capdavant, tal com ha destacat Mart\u00ednez, <strong>que ha manifestat la import\u00e0ncia de l&#8217;esport en el mitj\u00e0 educatiu per a fomentar h\u00e0bits saludables \u201cdes del comprom\u00eds, la responsabilitat i la implicaci\u00f3 de les entitats participants<\/strong>, amb una perspectiva integradora, col\u00b7laborativa i professionalitzada en esport base i professional\u201d.<\/p>\n<p>El Pla, fruit de l&#8217;entesa entre diferents agents, es consolida en <strong>tres pilars b\u00e0sics<\/strong>: en la <strong>promoci\u00f3 de la pr\u00e0ctica esportiva base<\/strong> (amb jocs escolars i escoles esportives); en la <strong>col\u00b7laboraci\u00f3 amb clubs i entitats esportives; i en les infraestructures esportives<\/strong> (amb l\u2019organitzaci\u00f3, el manteniment i la conservaci\u00f3 de les instal\u00b7lacions). Dins d&#8217;aquest marc, tots els t\u00e8cnics esportius del programa estan especialitzats en l&#8217;ensenyament esportiu i degudament titulats.<\/p>\n<p>L&#8217;organitzaci\u00f3 i el desenvolupament de les escoles esportives segueixen un ordre en cinc nivells segons el curs en el qual es troben els estudiants. \u00c9s per aix\u00f2 que als xiquets i a les xiquetes en infantil P4 i P5 se&#8217;ls imparteix psicomotricitat com a introducci\u00f3 a l&#8217;activitat f\u00edsica. Als prebenjamins de 1r i de 2n de prim\u00e0ria, iniciaci\u00f3 multiesportiva. Les escoles d&#8217;especialitzaci\u00f3 esportiva es dirigeixen a benjamins i alevins de 3r, 4t, 5\u00e9 i 6\u00e9 de prim\u00e0ria, mentre que les escoles d&#8217;esport l\u00fadic s&#8217;enfoquen a tots els nivells, fins i tot, en l&#8217;ESO. Aix\u00ed mateix, <strong>s&#8217;introdueix un programa d&#8217;esport inclusiu i adaptat, dirigit a centres escolars CAES<\/strong>.[\/vc_column_text][\/vc_column][\/vc_row][vc_row source=&#8221;media_library&#8221; image=&#8221;&#8221; img_size=&#8221;full&#8221; external_img_size=&#8221;&#8221; add_caption=&#8221;&#8221; alignment=&#8221;left&#8221; style=&#8221;&#8221; external_style=&#8221;&#8221; border_color=&#8221;grey&#8221; external_border_color=&#8221;grey&#8221; onclick=&#8221;link_image&#8221; img_link_target=&#8221;_self&#8221; title=&#8221;&#8221; custom_src=&#8221;&#8221; caption=&#8221;&#8221; link=&#8221;&#8221; img_link_large=&#8221;&#8221;][vc_column][vc_single_image image=&#8221;168964&#8243; img_size=&#8221;full&#8221; onclick=&#8221;link_image&#8221; css=&#8221;.vc_custom_1635363826680{margin-top: 20px !important;margin-bottom: 0px !important;}&#8221;][\/vc_column][\/vc_row][vc_row el_id=&#8221;DESTACADO_NOTICIA&#8221;][vc_column][vc_column_text el_class=&#8221;cuadronoticia&#8221;]<\/p>\n<h5>L&#8217;organitzaci\u00f3 i el desenvolupament de les escoles esportives segueixen un ordre en cinc nivells, segons el curs dels estudiants, i inclou un programa de pr\u00e0ctica f\u00edsica inclusiva i adaptada<\/h5>\n<p>[\/vc_column_text][\/vc_column][\/vc_row][vc_row el_id=&#8221;TEXTO_FIN_NOTICIA&#8221;][vc_column][vc_column_text]Rosique, que ha adm\u00e9s la laboriositat del projecte ja que hi ha \u201cmolta gent implicada\u201d, ha subratllat la traject\u00f2ria d&#8217;Elx com a ciutat bolcada amb l&#8217;esport. \u201cHav\u00edem de millorar la situaci\u00f3 dels \u00faltims anys, i aquest Pla \u00e9s una arrancada\u201d. D&#8217;antuvi, s&#8217;ha congratulat per un <strong>augment de 800 xiquets i xiquetes que ja estan apuntats en les diferents activitats esportives, \u201cxifres que estan molt b\u00e9 per a comen\u00e7ar\u201d<\/strong>, ha recalcat i ha accentuat que s\u00f3n moltes les fam\u00edlies que han inscrit els seus xiquets i xiquetes de P4 i P5 en psicomotricitat. A m\u00e9s, ha insistit que \u201cvolem arribar a tots, que cap xiquet o xiqueta, per les seues circumst\u00e0ncies familiars, socials i econ\u00f2miques, quede excl\u00f2s sense poder practicar cap de les disciplines proposades\u201d.<\/p>\n<p>Aldeguer, per part seua, ha ressaltat que existeix bona predisposici\u00f3 entre tots els agents implicats en l&#8217;ambici\u00f3s projecte, i que <strong>al llarg de l&#8217;any s&#8217;adheriran nous centres i noves idees perqu\u00e8 l&#8217;esport escolar, la participaci\u00f3 del qual estava disminuint \u2013per una s\u00e8rie circumst\u00e0ncies com la pand\u00e8mia\u2013, malgrat ser Elx un referent en la mat\u00e8ria, es treballa per a \u201cque torne a augmentar\u201d<\/strong>. \u201cEls protagonistes s\u00f3n els xiquets i les xiquetes, no que siguen campions o que guanyen medalles\u201d, ha aclarit. \u201cL&#8217;important \u00e9s crear-los h\u00e0bits, arribar al major nombre de xiquets i de xiquetes, perqu\u00e8 l&#8217;exercici f\u00edsic \u00e9s fonamental per al seu desenvolupament; no sols que aprenguen les t\u00e8cniques i les t\u00e0ctiques dels esports, sin\u00f3 que aprenguen a ser millors ciutadans i millors persones a trav\u00e9s de l&#8217;esport\u201d.<\/p>\n<p>El coordinador d&#8217;Esports ha afirmat que, gradualment, el projecte creixer\u00e0, i que la introducci\u00f3 d\u2019aquest ja ha tingut repercussi\u00f3 en l\u2019\u00e0mbit escolar del municipi. No en va, <strong>existien quasi 30 col\u00b7legis sense cap esport escolar, mentre que ara mateix tots tenen algun grup que realitza activitat esportiva.<\/strong><\/p>\n<hr \/>\n<p>&nbsp;<\/p>\n<p>[\/vc_column_text][\/vc_column][\/vc_row][vc_row][vc_column width=&#8221;1\/6&#8243;][\/vc_column][vc_column width=&#8221;2\/3&#8243;]<audio class=\"sc_audio\" src=\"https:\/\/soundcloud.com\/ayuntamiento-de-elche\/vicente-alberola-jose-martinez-raquel-rosique-y-jose-aldeguer-proyecto-para-el-deporte-escolar?si=764d003779ba4480afd24aee1cce62b8\" width=\"\" height=\"\"><\/audio>[\/vc_column][vc_column width=&#8221;1\/6&#8243;][\/vc_column][\/vc_row]<\/p>\n<\/div>","protected":false},"excerpt":{"rendered":"<p>[vc_row el_id=&#8221;SUBTITULAR_NOTICIA&#8221;][vc_column][vc_column_text] Les regidories d&#8217;Esports i d&#8217;Educaci\u00f3 uneixen forces, juntament amb la Fundaci\u00f3 de l&#8217;Esport Il\u00b7licit\u00e0, per a rellan\u00e7ar la iniciaci\u00f3 en diferents disciplines en l&#8217;\u00e0mbit dels centres educatius [\/vc_column_text][\/vc_column][\/vc_row][vc_row [&hellip;]<\/p>\n","protected":false},"author":131,"featured_media":168957,"comment_status":"closed","ping_status":"closed","sticky":false,"template":"","format":"standard","meta":{"footnotes":""},"categories":[194,187,391,1312],"tags":[],"class_list":["post-169013","post","type-post","status-publish","format-standard","has-post-thumbnail","hentry","category-educacio-va","category-esports","category-home-va","category-noticias-va"],"_links":{"self":[{"href":"https:\/\/www.elche.es\/va\/wp-json\/wp\/v2\/posts\/169013","targetHints":{"allow":["GET"]}}],"collection":[{"href":"https:\/\/www.elche.es\/va\/wp-json\/wp\/v2\/posts"}],"about":[{"href":"https:\/\/www.elche.es\/va\/wp-json\/wp\/v2\/types\/post"}],"author":[{"embeddable":true,"href":"https:\/\/www.elche.es\/va\/wp-json\/wp\/v2\/users\/131"}],"replies":[{"embeddable":true,"href":"https:\/\/www.elche.es\/va\/wp-json\/wp\/v2\/comments?post=169013"}],"version-history":[{"count":0,"href":"https:\/\/www.elche.es\/va\/wp-json\/wp\/v2\/posts\/169013\/revisions"}],"wp:featuredmedia":[{"embeddable":true,"href":"https:\/\/www.elche.es\/va\/wp-json\/wp\/v2\/media\/168957"}],"wp:attachment":[{"href":"https:\/\/www.elche.es\/va\/wp-json\/wp\/v2\/media?parent=169013"}],"wp:term":[{"taxonomy":"category","embeddable":true,"href":"https:\/\/www.elche.es\/va\/wp-json\/wp\/v2\/categories?post=169013"},{"taxonomy":"post_tag","embeddable":true,"href":"https:\/\/www.elche.es\/va\/wp-json\/wp\/v2\/tags?post=169013"}],"curies":[{"name":"wp","href":"https:\/\/api.w.org\/{rel}","templated":true}]}}