{"id":169101,"date":"2021-10-28T11:38:45","date_gmt":"2021-10-28T10:38:45","guid":{"rendered":"https:\/\/www.elche.es\/2021\/10\/la-policia-local-dete-un-home-per-sostraure-diners-a-linterior-dun-vehicle\/"},"modified":"2021-10-28T11:38:46","modified_gmt":"2021-10-28T10:38:46","slug":"la-policia-local-dete-un-home-per-sostraure-diners-a-linterior-dun-vehicle","status":"publish","type":"post","link":"https:\/\/www.elche.es\/va\/2021\/10\/la-policia-local-dete-un-home-per-sostraure-diners-a-linterior-dun-vehicle\/","title":{"rendered":"La Policia Local det\u00e9 un home per sostraure diners a l&#8217;interior d&#8217;un vehicle"},"content":{"rendered":"<div class=\"wpb-content-wrapper\"><p>[vc_row el_id=&#8221;SUBTITULAR_NOTICIA&#8221;][vc_column][vc_column_text]<\/p>\n<h4>El propietari va alertar el cos de seguretat municipal quan va descobrir una persona que rebuscava dins del turisme estacionat al carrer Boniol<\/h4>\n<hr \/>\n<p>[\/vc_column_text][\/vc_column][\/vc_row][vc_row el_id=&#8221;TEXTO_FIN_NOTICIA&#8221;][vc_column][vc_column_text]Una patrulla de la Policia Local d&#8217;Elx va acudir el dilluns 18 a mitjanit al carrer Boniol, a Sant Antoni, ja que va rebre una trucada del propietari d&#8217;un turisme, <strong>i va veure un home que registrava a l&#8217;interior d&#8217;aquest<\/strong>. Segons va indicar als agents, va sorprendre aquesta persona quan es disposava a agafar el cotxe per a anar al seu lloc de treball, <strong>la qual va fugir quan es va adonar de la seua pres\u00e8ncia.<\/strong><\/p>\n<p>Despr\u00e9s d&#8217;aportar una detallada descripci\u00f3 del sospit\u00f3s als agents i de confirmar que trobava a faltar els diners que havia deixat a l&#8217;autom\u00f2bil, la v\u00edctima es va anar a treballar, mentre que les dotacions policials van iniciar la cerca del presumpte autor. <strong>Minuts despr\u00e9s, va ser interceptat prop del lloc dels fets.<\/strong><\/p>\n<p>Com que coincidia plenament amb els trets descrits per l&#8217;afectat, es van comprovar les seues pertinences, i es van trobar diversos objectes; entre aquests, u<strong>na quantitat de diners que coincidia amb l&#8217;expressada per la v\u00edctima<\/strong>. Per aix\u00f2, l&#8217;home, de 38 anys, va ser detingut i traslladat a depend\u00e8ncies policials.<\/p>\n<hr \/>\n<p>&nbsp;<\/p>\n<p>[\/vc_column_text][\/vc_column][\/vc_row]<\/p>\n<\/div>","protected":false},"excerpt":{"rendered":"<p>[vc_row el_id=&#8221;SUBTITULAR_NOTICIA&#8221;][vc_column][vc_column_text] El propietari va alertar el cos de seguretat municipal quan va descobrir una persona que rebuscava dins del turisme estacionat al carrer Boniol [\/vc_column_text][\/vc_column][\/vc_row][vc_row el_id=&#8221;TEXTO_FIN_NOTICIA&#8221;][vc_column][vc_column_text]Una patrulla de la [&hellip;]<\/p>\n","protected":false},"author":131,"featured_media":148818,"comment_status":"closed","ping_status":"closed","sticky":false,"template":"","format":"standard","meta":{"footnotes":""},"categories":[1312,238],"tags":[],"class_list":["post-169101","post","type-post","status-publish","format-standard","has-post-thumbnail","hentry","category-noticias-va","category-policia-local-va"],"_links":{"self":[{"href":"https:\/\/www.elche.es\/va\/wp-json\/wp\/v2\/posts\/169101","targetHints":{"allow":["GET"]}}],"collection":[{"href":"https:\/\/www.elche.es\/va\/wp-json\/wp\/v2\/posts"}],"about":[{"href":"https:\/\/www.elche.es\/va\/wp-json\/wp\/v2\/types\/post"}],"author":[{"embeddable":true,"href":"https:\/\/www.elche.es\/va\/wp-json\/wp\/v2\/users\/131"}],"replies":[{"embeddable":true,"href":"https:\/\/www.elche.es\/va\/wp-json\/wp\/v2\/comments?post=169101"}],"version-history":[{"count":0,"href":"https:\/\/www.elche.es\/va\/wp-json\/wp\/v2\/posts\/169101\/revisions"}],"wp:featuredmedia":[{"embeddable":true,"href":"https:\/\/www.elche.es\/va\/wp-json\/wp\/v2\/media\/148818"}],"wp:attachment":[{"href":"https:\/\/www.elche.es\/va\/wp-json\/wp\/v2\/media?parent=169101"}],"wp:term":[{"taxonomy":"category","embeddable":true,"href":"https:\/\/www.elche.es\/va\/wp-json\/wp\/v2\/categories?post=169101"},{"taxonomy":"post_tag","embeddable":true,"href":"https:\/\/www.elche.es\/va\/wp-json\/wp\/v2\/tags?post=169101"}],"curies":[{"name":"wp","href":"https:\/\/api.w.org\/{rel}","templated":true}]}}