{"id":169354,"date":"2021-10-29T09:07:19","date_gmt":"2021-10-29T08:07:19","guid":{"rendered":"https:\/\/www.elche.es\/2021\/10\/les-corts-valencianes-aproven-la-llei-que-garanteix-el-financament-i-la-conservacio-del-palmerar-il%c2%b7licita\/"},"modified":"2021-10-29T13:02:26","modified_gmt":"2021-10-29T12:02:26","slug":"les-corts-valencianes-aproven-la-llei-que-garanteix-el-financament-i-la-conservacio-del-palmerar-il%c2%b7licita","status":"publish","type":"post","link":"https:\/\/www.elche.es\/va\/2021\/10\/les-corts-valencianes-aproven-la-llei-que-garanteix-el-financament-i-la-conservacio-del-palmerar-il%c2%b7licita\/","title":{"rendered":"Les Corts Valencianes aproven la llei que garanteix el finan\u00e7ament i la conservaci\u00f3 del Palmerar il\u00b7licit\u00e0"},"content":{"rendered":"<div class=\"wpb-content-wrapper\"><p>[vc_row][vc_column][vc_column_text]<\/p>\n<hr \/>\n<h4>La nova normativa que regula el Patrimoni de la Humanitat tira endavant amb 62 vots a favor del PSOE, Comprom\u00eds, Podemos i Ciudadanos i 33 abstencions del PP i de Vox<\/h4>\n<hr \/>\n<h4><\/h4>\n<p>[\/vc_column_text][\/vc_column][\/vc_row][vc_row][vc_column][vc_column_text]Les Corts Valencianes han aprovat aquest mat\u00ed la <strong>Llei de Protecci\u00f3 del Palmerar d&#8217;Elx<\/strong> per 62 vots a favor de PSOE, Comprom\u00eds, Podemos i Ciutadadanos, i 33 abstencions de PP i de Vox, durant una sessi\u00f3 a la qual han assistit l&#8217;<strong>alcalde d&#8217;Elx, Carlos Gonz\u00e1lez, la pres\u00e8ncia del qual va agrair p\u00fablicament el president de la instituci\u00f3, Enric Morera, i els regidors del Palmerar, H\u00e9ctor D\u00edez, d&#8217;Urbanisme, Ana Arabid, de Medi Ambient, Esther D\u00edez i de Desenvolupament Rural, Felip S\u00e1nchez<\/strong>.\u201c\u00c9s un dia transcendental per al Palmerar amb l&#8217;aprovaci\u00f3 d&#8217;aquesta llei per les Corts Valencianes. Estem fent un pas decisiu per a garantir la conservaci\u00f3 i que puguem llegar a les generacions futures el palmerar il\u00b7licit\u00e0. Destacaria com a fonamental el fet que <strong>aquesta llei blinda el Palmerar enfront de la seua principal amena\u00e7a, la construcci\u00f3<\/strong>. Aquesta \u00e9s una llei que, per tant, garanteix que els horts de palmeres d&#8217;Elx queden exempts de construcci\u00f3 en el futur\u201d, ha assenyalat l&#8217;alcalde a la seu del parlament regional.[\/vc_column_text][\/vc_column][\/vc_row][vc_row][vc_column][vc_video link=&#8221;https:\/\/youtu.be\/YzrJp9V6doo&#8221; align=&#8221;center&#8221; css=&#8221;.vc_custom_1635447668155{margin-top: 25px !important;margin-bottom: 25px !important;}&#8221;][\/vc_column][\/vc_row][vc_row][vc_column][vc_column_text]Gonz\u00e1lez tamb\u00e9 ha destacat que hi ha <strong>dos elements transcendentals<\/strong>: \u201cD&#8217;una banda, <strong>la implicaci\u00f3 de la Generalitat<\/strong> a conseq\u00fc\u00e8ncia de la llei en el finan\u00e7ament de l&#8217;adequada conservaci\u00f3 i del manteniment del Palmerar i, per una altra, <strong>la declaraci\u00f3 com B\u00e9 d&#8217;Inter\u00e9s Cultural de l&#8217;ofici de palmerer<\/strong>\u201d.<\/p>\n<p>\u201c\u00c9s fonamental invertir i tindre recursos suficients per a dur a terme un adequat manteniment i una conservaci\u00f3 del Palmerar il\u00b7licit\u00e0 i la participaci\u00f3 de la Generalitat Valenciana en el finan\u00e7ament d&#8217;aquestes activitats \u00e9s essencial. Tamb\u00e9 destacaria el fet que la declaraci\u00f3 com B\u00e9 d&#8217;Inter\u00e9s Cultural de l&#8217;ofici de palmerer contribueix d&#8217;una forma decisiva a garantir la superviv\u00e8ncia d&#8217;un treball artesanal ancestral. Per tant, <strong>hui \u00e9s un dia important\u00edssim per a la ciutat d&#8217;Elx i de gran rellev\u00e0ncia per al palmerar. Crec que tenim motius per a estar molt satisfets<\/strong>\u201d, ha indicat l&#8217;alcalde.[\/vc_column_text][\/vc_column][\/vc_row][vc_row][vc_column][vc_gallery type=&#8221;flexslider_slide&#8221; interval=&#8221;5&#8243; images=&#8221;169286,169284,169282,169280,169276,169263,169278,169274,169267,169272,169265,169270&#8243; img_size=&#8221;full&#8221; el_class=&#8221;galerianoticia&#8221;][\/vc_column][\/vc_row][vc_row][vc_column][vc_column_text]La regidora de Medi Ambient ha assenyalat que \u201cels il\u00b7licitans i les il\u00b7licitanes estem hui d&#8217;enhorabona amb l&#8217;aprovaci\u00f3 de la Llei. <strong>Aquesta norma substitueix la de 1996 i conserva el Palmerar en tota la seua dimensi\u00f3<\/strong>. Els nostres horts de palmeres s\u00f3n el cor de la ciutat i conformen la manera de viure i d&#8217;entendre Elx, un ecosistema agr\u00edcola i un sistema de regadiu que s&#8217;ha mantingut des de l&#8217;\u00e8poca musulmana\u201d.<\/p>\n<p>D&#8217;altra banda, col\u00b7lectius relacionats amb la defensa del Palmerar, acompanyats per la <strong>regidora de Cultura, Marga Ant\u00f3n<\/strong>, s&#8217;han donat cita a \u00faltima hora del mat\u00ed a la pla\u00e7a de Baix per a <strong>celebrar l&#8217;aprovaci\u00f3 d&#8217;aquesta Llei, molt demandada, amb un brindis.<\/strong><\/p>\n<hr \/>\n<p>[\/vc_column_text][\/vc_column][\/vc_row]<\/p>\n<\/div>","protected":false},"excerpt":{"rendered":"<p>[vc_row][vc_column][vc_column_text] La nova normativa que regula el Patrimoni de la Humanitat tira endavant amb 62 vots a favor del PSOE, Comprom\u00eds, Podemos i Ciudadanos i 33 abstencions del PP i [&hellip;]<\/p>\n","protected":false},"author":131,"featured_media":169289,"comment_status":"closed","ping_status":"closed","sticky":false,"template":"","format":"standard","meta":{"footnotes":""},"categories":[2716,391,211,1312,2706,210],"tags":[],"class_list":["post-169354","post","type-post","status-publish","format-standard","has-post-thumbnail","hentry","category-desenvolupament-rural-va","category-home-va","category-medi-ambient-va","category-noticias-va","category-parques-y-jardines-va","category-urbanisme-va"],"_links":{"self":[{"href":"https:\/\/www.elche.es\/va\/wp-json\/wp\/v2\/posts\/169354","targetHints":{"allow":["GET"]}}],"collection":[{"href":"https:\/\/www.elche.es\/va\/wp-json\/wp\/v2\/posts"}],"about":[{"href":"https:\/\/www.elche.es\/va\/wp-json\/wp\/v2\/types\/post"}],"author":[{"embeddable":true,"href":"https:\/\/www.elche.es\/va\/wp-json\/wp\/v2\/users\/131"}],"replies":[{"embeddable":true,"href":"https:\/\/www.elche.es\/va\/wp-json\/wp\/v2\/comments?post=169354"}],"version-history":[{"count":0,"href":"https:\/\/www.elche.es\/va\/wp-json\/wp\/v2\/posts\/169354\/revisions"}],"wp:featuredmedia":[{"embeddable":true,"href":"https:\/\/www.elche.es\/va\/wp-json\/wp\/v2\/media\/169289"}],"wp:attachment":[{"href":"https:\/\/www.elche.es\/va\/wp-json\/wp\/v2\/media?parent=169354"}],"wp:term":[{"taxonomy":"category","embeddable":true,"href":"https:\/\/www.elche.es\/va\/wp-json\/wp\/v2\/categories?post=169354"},{"taxonomy":"post_tag","embeddable":true,"href":"https:\/\/www.elche.es\/va\/wp-json\/wp\/v2\/tags?post=169354"}],"curies":[{"name":"wp","href":"https:\/\/api.w.org\/{rel}","templated":true}]}}