{"id":169503,"date":"2021-10-29T13:57:12","date_gmt":"2021-10-29T12:57:12","guid":{"rendered":"https:\/\/www.elche.es\/2021\/10\/els-cementeris-el-transport-public-i-els-serveis-demergencies-delx-preparats-per-a-afrontar-el-pont-de-tots-els-sants\/"},"modified":"2021-10-29T14:01:05","modified_gmt":"2021-10-29T13:01:05","slug":"els-cementeris-el-transport-public-i-els-serveis-demergencies-delx-preparats-per-a-afrontar-el-pont-de-tots-els-sants","status":"publish","type":"post","link":"https:\/\/www.elche.es\/va\/2021\/10\/els-cementeris-el-transport-public-i-els-serveis-demergencies-delx-preparats-per-a-afrontar-el-pont-de-tots-els-sants\/","title":{"rendered":"Els cementeris, el transport p\u00fablic i els serveis d&#8217;emerg\u00e8ncies d&#8217;Elx, preparats per a afrontar el pont de Tots Sants"},"content":{"rendered":"<div class=\"wpb-content-wrapper\"><p>[vc_row el_id=&#8221;SUBTITULAR_NOTICIA&#8221;][vc_column][vc_column_text]<\/p>\n<hr \/>\n<h4>El dispositiu especial per la festivitat trau als carrers il\u00b7licitans 633 efectius de la Policia Local, en un pont que coincideix amb el Misteri, el partit entre l&#8217;Elx CF i el Reial Madrid i Halloween<\/h4>\n<hr \/>\n<p>[\/vc_column_text][\/vc_column][\/vc_row][vc_row el_id=&#8221;TEXTO_FIN_NOTICIA&#8221;][vc_column][vc_column_text]<strong>Elx est\u00e0 preparada per al pont de Tots Sants<\/strong>. Els cementeris, el transport p\u00fablic i els operatius d&#8217;emerg\u00e8ncies de l&#8217;Ajuntament reforcen, des de hui fins al dimarts 2 de novembre, els seus serveis per a garantir una aflu\u00e8ncia escalonada i segura als cementeris i per a minimitzar aix\u00ed les mol\u00e8sties per la cada vegada m\u00e9s popular festa de Halloween, segons han informat aquest mat\u00ed els regidors de Cementeris, de Seguretat Ciutadana i de Mobilitat Urbana, H\u00e9ctor D\u00edez, Ram\u00f3n Abad i Esther D\u00edez.<\/p>\n<p><strong>Des d&#8217;aquest divendres, els cementeris Vell, Nou, els de Torrellano, l&#8217;Altet i la Marina romandran oberts de 07.00 a 19.00 hores<\/strong>. \u201cAquest cap de setmana entrem en l\u2019horari d&#8217;hivern, i aix\u00f2 afectar\u00e0 les visites en les \u00faltimes hores del dia, per la qual cosa \u00e9s recomanable realitzar-les en les primeres hores de manera escalonada\u201d, ha explicat, i ha destacat que al llarg de la setmana Espais Verds, l&#8217;UTE de neteja i la Regidoria de Manteniment han treballat en la jardineria, la instal\u00b7laci\u00f3 de m\u00e9s contenidors, la senyalitzaci\u00f3 i les zones d&#8217;aparcaments dels cementeris il\u00b7licitans.<\/p>\n<p>Per part seua, Abad ha confirmat que la <strong>Policia Local traur\u00e0 633 efectius durant el pont<\/strong>, mobilitzar\u00e0 la totalitat de l\u2019Agrupaci\u00f3 de Voluntaris de Protecci\u00f3 Civil (AVPC) i el servei municipal d&#8217;ambul\u00e0ncies; aquest \u00faltim, es disposar\u00e0 als cementeris Vell i Nou. \u201cCom sempre, la Policia Local d&#8217;Elx desplega tots els seus mitjans: el Centre de Coordinaci\u00f3 Operativa, el Cami\u00f3 Mercuri, la Unitat de Mitjans Aeris per a vigilar amb drons els aforaments als cementeris, el Servei Especial de Regulaci\u00f3 de Tr\u00e0nsit, <strong>els equips operatius per a vigilar els accessos als cementeris i una especial vigil\u00e0ncia en horari nocturn al voltant dels cementeris<\/strong>, perqu\u00e8 si alg\u00fa t\u00e9 la temptaci\u00f3 d&#8217;entrar per a realitzar qualsevol tipus de festa o de ritual, s&#8217;ho pense dues vegades\u201d, ha expressat Abad.<\/p>\n<p>El regidor de Seguretat Ciutadana i Emerg\u00e8ncies, a m\u00e9s, <strong>ha qualificat el cap de setmana d&#8217; \u201cintens\u201d per les visites als cementeris, les diferents festes programades per Halloween, el Misteri a la zona centre i el partit de l&#8217;Elx CF contra el Reial Madrid<\/strong>, que congregar\u00e0 dem\u00e0 30.000 persones als voltants del Mart\u00ednez Valero. \u201cL&#8217;escenari que manegem \u00e9s un compliment majoritari de totes i cadascuna de les recomanacions i els despla\u00e7aments moderats durant els quatre dies de pont\u201d, ha reconegut, ja que \u00e9s \u201ctradici\u00f3 que la ciutadania ja fa\u00e7a eixe acc\u00e9s escalonat i que no es donen les aglomeracions d&#8217;antany\u201d. Encara que ha reconegut que <strong>es preveuen retencions moderades al Cementeri Nou i pres\u00e8ncia de joves en vies p\u00fabliques<\/strong>, especialment del centre de la ciutat, per Halloween, \u201camb queixes ve\u00efnals puntuals per soroll o per comportament inc\u00edvic en algun moment\u201d.[\/vc_column_text][\/vc_column][\/vc_row][vc_row el_id=&#8221;TEXTO_NOTICIA&#8221;][vc_column][vc_column_text][\/vc_column_text][\/vc_column][\/vc_row][vc_row el_id=&#8221;DESTACADO_NOTICIA&#8221;][vc_column][vc_column_text el_class=&#8221;cuadronoticia&#8221;]<\/p>\n<h5>Els autobusos urbans compten amb horaris especials des d&#8217;aquest divendres, i s&#8217;habilita una l\u00ednia espec\u00edfica al Cementeri Vell, el dia 1, que uneix l\u2019intercanviador del carrer Doctor Caro amb el cementeri cada 25 minuts<\/h5>\n<p>[\/vc_column_text][\/vc_column][\/vc_row][vc_row][vc_column][vc_column_text]El transport p\u00fablic tamb\u00e9 est\u00e0 preparat. Esther D\u00edez ha detallat <strong>els horaris especials dels autobusos urbans, que, des de hui divendres, es posen en marxa<\/strong>. En concret, les l\u00ednies que connecten amb el Cementeri Vell \u2013G, I, K1, K2 i la L\u2013 han comen\u00e7at el seu servei a les 07.00 per a concloure&#8217;l a les 22.30 hores. A m\u00e9s, la l\u00ednia espec\u00edfica del Cementeri Nou, hui, tindr\u00e0 un horari de hui de 10.00 a 12.00 hores i de 15.30 a 17.40 hores. Dem\u00e0, dissabte 31, les rutes regulars al Cementeri Vell mantindran l&#8217;horari, mentre que la del Cementeri Nou ampliar\u00e0 el seu horari de 08.30 a 18.30 hores, amb entre 20 i 40 minuts de freq\u00fc\u00e8ncia segons la franja hor\u00e0ria. El diumenge 31 no patiran canvis excepte la perioricidad cap al Cementeri Nou, que es rebaixar\u00e0 entre 15 i 20 minuts.<\/p>\n<p><strong>El dilluns 1 de novembre, festivitat de Tots Sants, les rutes G, I, K1, K2 i L tornen a conservar els horaris dels dies 29, 30 i 31, i, igualment, s&#8217;habilitar\u00e0 una l\u00ednia especial al Cementeri Vell<\/strong> que unir\u00e0 de manera directa l\u2019intercanviador del carrer Doctor Caro \u2013la passarel\u00b7la\u2013 amb el cementeri, de 08.45 a 19.00 hores, amb una freq\u00fc\u00e8ncia de 25 minuts. La ruta del Cementeri Nou, per a eixe dia, mantindr\u00e0 el mateix horari que el dissabte 30 i el diumenge 31, amb l&#8217;excepci\u00f3 que tornar\u00e0 a baixar les seues freq\u00fc\u00e8ncies entre 10 i 20 minuts.<\/p>\n<p><strong>A Torrellano es posar\u00e0 en marxa una l\u00ednia espec\u00edfica que connectar\u00e0 la parada que existeix enfront de la parr\u00f2quia amb el cementeri de la pedania<\/strong> els dies 30 i 31 amb eixides cap a la necr\u00f2poli a les 9.30, 10.30, 11.30, 12.30, 13.30, 16.30, 17.30 i 18.30 hores; l&#8217;1 ser\u00e0 igual, amb l&#8217;afegit que la primera eixida ser\u00e0 a les 08.30 hores. \u201cLes eixides des del Cementeri de Torrellano cap a la parada seran mitja hora despr\u00e9s\u201d, ha precisat l&#8217;edil.<\/p>\n<h5>Mesures anticoronavirus<\/h5>\n<p>Els tres tinents d&#8217;alcalde han insistit en <strong>la necessitat de seguir les recomanacions higienicosanit\u00e0ries i el sentit com\u00fa per a previndre possibles contagis<\/strong>. Per aix\u00f2, han demanat la col\u00b7laboraci\u00f3 dels il\u00b7licitans i de les il\u00b7licitanes per a seguir en tot moment les indicacions dels agents de seguretat i de la cartelleria, per a escalonar les visites \u2013han reiterat\u2013 per a evitar embossos i que siguen el m\u00e9s curtes possible per a afavorir que tota la ciutadania puga visitar els seus \u00e9ssers estimats sense aglomeracions. Tamb\u00e9 han incidit en l&#8217;\u00fas de la m\u00e0scara, obligat\u00f2ria en exteriors quan no es puga guardar la dist\u00e0ncia interpersonal de metre i mig.<\/p>\n<p><strong>En el cas dels autobusos,<\/strong> malgrat que el Govern central permet una capacitat del 100% als vehicles, <strong>a Elx, per a minimitzar els contagis, ser\u00e0 del 75%<\/strong>, a m\u00e9s d&#8217;altres protocols certificats per AENOR com la renovaci\u00f3 de l&#8217;aire, la rentada de mans amb hidrogel i altres. \u201cEls efectes de la pand\u00e8mia ara estan molt continguts, per\u00f2 no cal perdre de vista que seguim en una situaci\u00f3 complexa\u201d, ha finalitzat H\u00e9ctor D\u00edez.<\/p>\n<p>[\/vc_column_text][\/vc_column][\/vc_row][vc_row][vc_column width=&#8221;1\/6&#8243;][\/vc_column][vc_column width=&#8221;2\/3&#8243;]<audio class=\"sc_audio\" src=\"https:\/\/soundcloud.com\/ayuntamiento-de-elche\/hector-diez-ramon-abad-y-esther-diez-sobre-el-dispositivo-especial-para-el-dia-de-todos-los-santos?si=9fbf54cd18624137bdb297899e74286d\" width=\"\" height=\"\"><\/audio>[\/vc_column][vc_column width=&#8221;1\/6&#8243;][\/vc_column][\/vc_row]<\/p>\n<\/div>","protected":false},"excerpt":{"rendered":"<p>[vc_row el_id=&#8221;SUBTITULAR_NOTICIA&#8221;][vc_column][vc_column_text] El dispositiu especial per la festivitat trau als carrers il\u00b7licitans 633 efectius de la Policia Local, en un pont que coincideix amb el Misteri, el partit entre l&#8217;Elx [&hellip;]<\/p>\n","protected":false},"author":131,"featured_media":169374,"comment_status":"closed","ping_status":"closed","sticky":false,"template":"","format":"standard","meta":{"footnotes":""},"categories":[391,217,1312,2772],"tags":[],"class_list":["post-169503","post","type-post","status-publish","format-standard","has-post-thumbnail","hentry","category-home-va","category-mobilitat","category-noticias-va","category-seguretat-ciutadana"],"_links":{"self":[{"href":"https:\/\/www.elche.es\/va\/wp-json\/wp\/v2\/posts\/169503","targetHints":{"allow":["GET"]}}],"collection":[{"href":"https:\/\/www.elche.es\/va\/wp-json\/wp\/v2\/posts"}],"about":[{"href":"https:\/\/www.elche.es\/va\/wp-json\/wp\/v2\/types\/post"}],"author":[{"embeddable":true,"href":"https:\/\/www.elche.es\/va\/wp-json\/wp\/v2\/users\/131"}],"replies":[{"embeddable":true,"href":"https:\/\/www.elche.es\/va\/wp-json\/wp\/v2\/comments?post=169503"}],"version-history":[{"count":0,"href":"https:\/\/www.elche.es\/va\/wp-json\/wp\/v2\/posts\/169503\/revisions"}],"wp:featuredmedia":[{"embeddable":true,"href":"https:\/\/www.elche.es\/va\/wp-json\/wp\/v2\/media\/169374"}],"wp:attachment":[{"href":"https:\/\/www.elche.es\/va\/wp-json\/wp\/v2\/media?parent=169503"}],"wp:term":[{"taxonomy":"category","embeddable":true,"href":"https:\/\/www.elche.es\/va\/wp-json\/wp\/v2\/categories?post=169503"},{"taxonomy":"post_tag","embeddable":true,"href":"https:\/\/www.elche.es\/va\/wp-json\/wp\/v2\/tags?post=169503"}],"curies":[{"name":"wp","href":"https:\/\/api.w.org\/{rel}","templated":true}]}}