{"id":169551,"date":"2021-10-29T15:10:49","date_gmt":"2021-10-29T14:10:49","guid":{"rendered":"https:\/\/www.elche.es\/2021\/10\/lalcalde-demana-un-informe-sobre-les-obres-de-les-exhumacions-i-anuncia-la-compareixenca-de-la-regidora-de-cultura-a-peticio-propia\/"},"modified":"2021-10-29T16:33:02","modified_gmt":"2021-10-29T15:33:02","slug":"lalcalde-demana-un-informe-sobre-les-obres-de-les-exhumacions-i-anuncia-la-compareixenca-de-la-regidora-de-cultura-a-peticio-propia","status":"publish","type":"post","link":"https:\/\/www.elche.es\/va\/2021\/10\/lalcalde-demana-un-informe-sobre-les-obres-de-les-exhumacions-i-anuncia-la-compareixenca-de-la-regidora-de-cultura-a-peticio-propia\/","title":{"rendered":"L&#8217;alcalde demana un informe sobre les obres de les exhumacions i anuncia la compareixen\u00e7a de la regidora de Cultura a petici\u00f3 pr\u00f2pia"},"content":{"rendered":"<div class=\"wpb-content-wrapper\"><p>[vc_row][vc_column][vc_column_text]<\/p>\n<hr \/>\n<h4>Carlos Gonz\u00e1lez convoca en els pr\u00f2xims dies la Junta de Portaveus per a informar sobre el proc\u00e9s que ha portat l&#8217;execuci\u00f3 dels treballs i assegura que la falta de contracte \u00e9s \u201cun error t\u00e8cnic en la tramitaci\u00f3 de l&#8217;expedient\u201d<\/h4>\n<hr \/>\n<h4><\/h4>\n<p>[\/vc_column_text][\/vc_column][\/vc_row][vc_row][vc_column][vc_column_text]L&#8217;<strong>alcalde, Carlos Gonz\u00e1lez<\/strong>, ha sol\u00b7licitat al secretari de l&#8217;Ajuntament d&#8217;Elx l&#8217;elaboraci\u00f3 d&#8217;un <strong>informe que esclarisca les circumst\u00e0ncies que han pogut motivar l&#8217;inici de les obres d&#8217;exhumaci\u00f3 sense la finalitzaci\u00f3 de la tramitaci\u00f3 del contracte<\/strong> a l&#8217;antic aljub del Cementeri Vell.<\/p>\n<p>Segons ha explicat Gonz\u00e1lez \u201cles obres obeeixen a la tramitaci\u00f3 d&#8217;un expedient que s&#8217;ha dut a terme per un contracte menor de serveis\u201d i ha assenyalat que <strong>\u201cno s&#8217;ha produ\u00eft cap mena d&#8217;arbitrarietat en la selecci\u00f3 de l&#8217;empresa\u201d<\/strong>.<\/p>\n<p>En aquest sentit, el regidor il\u00b7licit\u00e0 ha informat que en els pr\u00f2xims dies <strong>es convocar\u00e0 una junta de portaveus en la qual es posar\u00e0 en coneixement dels representants dels diferents grups municipals tota la informaci\u00f3 que es disposa referent a aquests treballs<\/strong>. \u201cEl Govern t\u00e9 la voluntat de m\u00e0xima transpar\u00e8ncia, est\u00e0 mostrant la m\u00e0xima disposici\u00f3 a afavorir l&#8217;acc\u00e9s a tota la informaci\u00f3 i est\u00e0 afavorint la m\u00e0xima participaci\u00f3. Volem que les formacions pol\u00edtiques coneguen la situaci\u00f3 i que tinguen acc\u00e9s a tota la informaci\u00f3\u201d, ha puntualitzat.[\/vc_column_text][\/vc_column][\/vc_row][vc_row][vc_column][vc_column_text el_class=&#8221;cuadronoticia&#8221;]<\/p>\n<h5>La Junta de Govern Local ordena el pagament de la factura de les actuacions que s&#8217;han produ\u00eft a l&#8217;antic aljub del Cementeri Vell<\/h5>\n<p>[\/vc_column_text][\/vc_column][\/vc_row][vc_row][vc_column][vc_column_text]A m\u00e9s, el responsable de l&#8217;Equip de Govern ha anunciat la <strong>compareixen\u00e7a a petici\u00f3 pr\u00f2pia en el pr\u00f2xim Ple Ordinari de la regidora de Cultura, Marga Ant\u00f3n<\/strong>, amb la finalitat de donar els grups pol\u00edtics municipals i els ciutadans tota la informaci\u00f3 i les explicacions sobre aquest contracte, amb la m\u00e0xima transpar\u00e8ncia. El regidor il\u00b7licit\u00e0 ha aclarit que <strong>\u201cla falta d&#8217;aquest contracte suposa un error t\u00e8cnic en la tramitaci\u00f3 de l&#8217;expedient\u201d<\/strong>. No obstant aix\u00f2, ha assegurat que \u201cno existeix cap altra circumst\u00e0ncia an\u00f2mala ni res a amagar per part de l&#8217;Equip de Govern\u201d.<\/p>\n<p>\u201cQue no s&#8217;haja finalitzat el contracte no vol dir que no s&#8217;hagen complit tots els passos administratius\u201d, ha assenyalat Gonz\u00e1lez, que ha indicat que <strong>\u201cuna vegada que es verifica i es comprova la falta de contracte s&#8217;ordena la paralitzaci\u00f3 de les obres\u201d.<\/strong><\/p>\n<p>Per aquest motiu, la Junta de Govern Local, celebrada hui, ha ordenat el <strong>pagament de la factura dels treballs de les exhumacions efectuats al Cementeri Vell per l&#8217;empresa per un import d&#8217;uns 28.000 euros<\/strong>. Una quantitat que es transferir\u00e0 perqu\u00e8 la setmana vinent conclou el termini per a justificar la subvenci\u00f3 que va ser concedida per la Conselleria de Qualitat Democr\u00e0tica per a executar aquestes obres. \u201c<strong>Hi ha un treball que est\u00e0 realitzat i no pagar-lo implicaria un enriquiment injust de l&#8217;administraci\u00f3<\/strong>. Per tant, si l&#8217;Ajuntament de manera err\u00f2nia decidira no pagar eixos treballs, l&#8217;empresa que ha fet el treball podria acudir als tribunals i reclamar el pagament, aix\u00ed com uns perjudicis i uns interessos\u201d, ha destacat.<\/p>\n<p>[\/vc_column_text][\/vc_column][\/vc_row][vc_row][vc_column width=&#8221;1\/6&#8243;][\/vc_column][vc_column width=&#8221;2\/3&#8243;]<audio class=\"sc_audio\" src=\"https:\/\/soundcloud.com\/ayuntamiento-de-elche\/carlos-gonzalez-sobre-la-ley-de-fondo-de-cooperacion-local-y-las-exhumaciones-del-cementerio-viejo?si=787088a6d7c846beba9baa927fb21450\" width=\"\" height=\"\"><\/audio>[\/vc_column][vc_column width=&#8221;1\/6&#8243;][\/vc_column][\/vc_row]<\/p>\n<\/div>","protected":false},"excerpt":{"rendered":"<p>[vc_row][vc_column][vc_column_text] Carlos Gonz\u00e1lez convoca en els pr\u00f2xims dies la Junta de Portaveus per a informar sobre el proc\u00e9s que ha portat l&#8217;execuci\u00f3 dels treballs i assegura que la falta de [&hellip;]<\/p>\n","protected":false},"author":131,"featured_media":169535,"comment_status":"closed","ping_status":"closed","sticky":false,"template":"","format":"standard","meta":{"footnotes":""},"categories":[193,391,1312],"tags":[],"class_list":["post-169551","post","type-post","status-publish","format-standard","has-post-thumbnail","hentry","category-cultura-va","category-home-va","category-noticias-va"],"_links":{"self":[{"href":"https:\/\/www.elche.es\/va\/wp-json\/wp\/v2\/posts\/169551","targetHints":{"allow":["GET"]}}],"collection":[{"href":"https:\/\/www.elche.es\/va\/wp-json\/wp\/v2\/posts"}],"about":[{"href":"https:\/\/www.elche.es\/va\/wp-json\/wp\/v2\/types\/post"}],"author":[{"embeddable":true,"href":"https:\/\/www.elche.es\/va\/wp-json\/wp\/v2\/users\/131"}],"replies":[{"embeddable":true,"href":"https:\/\/www.elche.es\/va\/wp-json\/wp\/v2\/comments?post=169551"}],"version-history":[{"count":0,"href":"https:\/\/www.elche.es\/va\/wp-json\/wp\/v2\/posts\/169551\/revisions"}],"wp:featuredmedia":[{"embeddable":true,"href":"https:\/\/www.elche.es\/va\/wp-json\/wp\/v2\/media\/169535"}],"wp:attachment":[{"href":"https:\/\/www.elche.es\/va\/wp-json\/wp\/v2\/media?parent=169551"}],"wp:term":[{"taxonomy":"category","embeddable":true,"href":"https:\/\/www.elche.es\/va\/wp-json\/wp\/v2\/categories?post=169551"},{"taxonomy":"post_tag","embeddable":true,"href":"https:\/\/www.elche.es\/va\/wp-json\/wp\/v2\/tags?post=169551"}],"curies":[{"name":"wp","href":"https:\/\/api.w.org\/{rel}","templated":true}]}}