{"id":169583,"date":"2021-10-29T16:14:30","date_gmt":"2021-10-29T15:14:30","guid":{"rendered":"https:\/\/www.elche.es\/2021\/10\/igualtat-inaugura-la-mostra-fotografica-lo-que-no-se-ve-sobre-els-dramatics-escenaris-dels-assassinats-masclistes\/"},"modified":"2021-10-29T16:14:31","modified_gmt":"2021-10-29T15:14:31","slug":"igualtat-inaugura-la-mostra-fotografica-lo-que-no-se-ve-sobre-els-dramatics-escenaris-dels-assassinats-masclistes","status":"publish","type":"post","link":"https:\/\/www.elche.es\/va\/2021\/10\/igualtat-inaugura-la-mostra-fotografica-lo-que-no-se-ve-sobre-els-dramatics-escenaris-dels-assassinats-masclistes\/","title":{"rendered":"Igualtat inaugura la mostra fotogr\u00e0fica \u2018Lo que no se ve\u2019 sobre els dram\u00e0tics escenaris dels assassinats masclistes"},"content":{"rendered":"<div class=\"wpb-content-wrapper\"><p>[vc_row el_id=&#8221;SUBTITULAR_NOTICIA&#8221;][vc_column][vc_column_text]<\/p>\n<hr \/>\n<h4>Els edils Mariano Valera i Mar\u00eda Jos\u00e9 Mart\u00ednez, acompanyats per l&#8217;autor de les instant\u00e0nies, Jes\u00fas Monta\u00f1ana, assisteixen a l&#8217;obertura de l&#8217;exposici\u00f3 a l&#8217;Aula Cultural de la Fundaci\u00f3 Mediterrani<\/h4>\n<hr \/>\n<p>[\/vc_column_text][\/vc_column][\/vc_row][vc_row el_id=&#8221;TEXTO_NOTICIA&#8221;][vc_column][vc_column_text]El drama de la viol\u00e8ncia de g\u00e8nere en 25 instant\u00e0nies. L&#8217;exposici\u00f3 \u2018Lo que no se ve\u2019, del fot\u00f2graf valenci\u00e0 Jes\u00fas Monta\u00f1ana, arriba a l&#8217;Aula Cultural de la Fundaci\u00f3 Mediterrani de la m\u00e0 de Casa de la Dona de la Regidoria d&#8217;Igualtat. La mostra repassa llocs del pa\u00eds on es van cometre feminicidis durant l&#8217;any 2017. El regidor de l&#8217;\u00e0rea, Mariano Valera, i l&#8217;edil d&#8217;Educaci\u00f3, Mar\u00eda Jos\u00e9 Mart\u00ednez, acompanyats per l&#8217;artista, <strong>han inaugurat l&#8217;exposici\u00f3 i han guardat un minut de silenci per la dona esquarterada a \u00faltima hora de la nit d&#8217;ahir a Torreveja<\/strong>.<\/p>\n<p><strong>\u201cLa mostra denuncia aquesta xacra: l&#8217;assassinat de dones pel mer fet de ser-ho. No obstant aix\u00f2, \u00e9s la punta de l&#8217;iceberg, ja que milers d&#8217;elles pateixen viol\u00e8ncia vic\u00e0ria, psicol\u00f2gica, simb\u00f2lica, econ\u00f2mica\u2026<\/strong> que minven la seua autonomia i la seua autoestima, tant en l&#8217;\u00e0mbit de la parella com en el treball, als carrers i en la majoria d&#8217;espais de la seua vida personal\u201d, ha lamentat Valera. \u201cDes de 2003 han sigut assassinades 1.117 v\u00edctimes mortals per les seues parelles i exparelles, segons les xifres oficials del Ministeri d&#8217;Igualtat. Per\u00f2 s\u00f3n molts m\u00e9s els homicidis no \u00edntims i que no reflecteixen les xifres oficials\u201d, ha recalcat.<\/p>\n<p>De fet, sobre aix\u00f2 versa l&#8217;exposici\u00f3: \u201cSobre l&#8217;ab\u00fas de la for\u00e7a de l&#8217;home cap a la dona o cap a les xiquetes\u201d, ha resumit el fot\u00f2graf. <strong>\u201cEl meu treball parla de la viol\u00e8ncia masclista, perqu\u00e8 sota el terme oficial de \u2018viol\u00e8ncia de g\u00e8nere\u2019 quedaven fora les v\u00edctimes que eren prostitutes, menors o aquelles que no coneixien directament el seu agressor<\/strong>, com en el cas de Diana Quer\u201d, ha explicat Monta\u00f1ana.[\/vc_column_text][\/vc_column][\/vc_row][vc_row type=&#8221;flexslider_slide&#8221; interval=&#8221;5&#8243; source=&#8221;media_library&#8221; images=&#8221;&#8221; img_size=&#8221;full&#8221; external_img_size=&#8221;&#8221; onclick=&#8221;link_image&#8221; custom_links_target=&#8221;_self&#8221; el_class=&#8221;galerianoticia&#8221; title=&#8221;&#8221; custom_srcs=&#8221;&#8221; custom_links=&#8221;&#8221;][vc_column][vc_gallery type=&#8221;flexslider_slide&#8221; interval=&#8221;5&#8243; images=&#8221;169578,169576,169574,169572,169570,169568,169566&#8243; img_size=&#8221;full&#8221; el_class=&#8221;galerianoticia&#8221;][\/vc_column][\/vc_row][vc_row el_id=&#8221;TEXTO_FIN_NOTICIA&#8221;][vc_column][vc_column_text]<strong>\u201cVan ser molts quil\u00f2metres, not\u00edcies i investigaci\u00f3 per a arribar als llocs de les 25 fotos que formen una exposici\u00f3 dura per\u00f2 real\u201d<\/strong> i l&#8217;autor reconeix que \u201cnom\u00e9s \u00e9s un exemple, perqu\u00e8 en 2017 va haver-hi m\u00e9s assassinades\u201d. De l&#8217;experi\u00e8ncia, destaca que ha apr\u00e9s que \u201cno existeix un \u00fanic perfil d&#8217;agressor ni de v\u00edctima\u201d, i que pot oc\u00f3rrer \u201cen qualsevol lloc\u201d. Aix\u00ed mateix, ha sol\u00b7licitat als qui vegen les seues instant\u00e0nies que \u201cles miren amb la intenci\u00f3 amb la qual les vaig prendre: conscienciar d&#8217;un problema que \u00e9s ac\u00ed i que hi existeix\u201d.<\/p>\n<p><strong>\u2018Lo que no se ve\u2019 romandr\u00e0 a les instal\u00b7lacions de la Fundaci\u00f3 Mediterrani fins al 30 de novembre, de dilluns a dissabte, de 10.00 a 14.00 i de 15.00 a 18.00 hores, i els diumenges \u00fanicament en horari matinal<\/strong>, per la qual cosa, Valera, despr\u00e9s d&#8217;agrair l&#8217;assist\u00e8ncia als presents \u2013en particular a Monta\u00f1ana\u2013, ha convidat tota la ciutadania a visitar una exposici\u00f3 en conson\u00e0ncia amb els objectius de la Regidoria a trav\u00e9s de Casa de la Dona: \u201cSensibilitzar, previndre i promoure accions que mobilitzen la poblaci\u00f3 contra la viol\u00e8ncia masclista; remoure consci\u00e8ncies i provocar el canvi social\u201d.<\/p>\n<p><strong>\u201cConsidere clau propiciar la ruptura del silenci entorn de la viol\u00e8ncia masclista,<\/strong> perqu\u00e8 cada dona assassinada i cada cas de viol\u00e8ncia de g\u00e8nere \u00e9s un frac\u00e0s col\u00b7lectiu\u201d, ha expressat l&#8217;edil.<\/p>\n<hr \/>\n<p>&nbsp;<\/p>\n<p>[\/vc_column_text][\/vc_column][\/vc_row][vc_row][vc_column width=&#8221;1\/6&#8243;][\/vc_column][vc_column width=&#8221;2\/3&#8243;]<audio class=\"sc_audio\" src=\"https:\/\/soundcloud.com\/ayuntamiento-de-elche\/mariano-valera-en-la-exposicion-lo-que-no-se-ve?si=ad832bd765e34f85a81f59b89a9f86de\" width=\"\" height=\"\"><\/audio>[\/vc_column][vc_column width=&#8221;1\/6&#8243;][\/vc_column][\/vc_row]<\/p>\n<\/div>","protected":false},"excerpt":{"rendered":"<p>[vc_row el_id=&#8221;SUBTITULAR_NOTICIA&#8221;][vc_column][vc_column_text] Els edils Mariano Valera i Mar\u00eda Jos\u00e9 Mart\u00ednez, acompanyats per l&#8217;autor de les instant\u00e0nies, Jes\u00fas Monta\u00f1ana, assisteixen a l&#8217;obertura de l&#8217;exposici\u00f3 a l&#8217;Aula Cultural de la Fundaci\u00f3 Mediterrani [&hellip;]<\/p>\n","protected":false},"author":131,"featured_media":169581,"comment_status":"closed","ping_status":"closed","sticky":false,"template":"","format":"standard","meta":{"footnotes":""},"categories":[190,209,391,1312],"tags":[],"class_list":["post-169583","post","type-post","status-publish","format-standard","has-post-thumbnail","hentry","category-drets-socials","category-igualtat-va","category-home-va","category-noticias-va"],"_links":{"self":[{"href":"https:\/\/www.elche.es\/va\/wp-json\/wp\/v2\/posts\/169583","targetHints":{"allow":["GET"]}}],"collection":[{"href":"https:\/\/www.elche.es\/va\/wp-json\/wp\/v2\/posts"}],"about":[{"href":"https:\/\/www.elche.es\/va\/wp-json\/wp\/v2\/types\/post"}],"author":[{"embeddable":true,"href":"https:\/\/www.elche.es\/va\/wp-json\/wp\/v2\/users\/131"}],"replies":[{"embeddable":true,"href":"https:\/\/www.elche.es\/va\/wp-json\/wp\/v2\/comments?post=169583"}],"version-history":[{"count":0,"href":"https:\/\/www.elche.es\/va\/wp-json\/wp\/v2\/posts\/169583\/revisions"}],"wp:featuredmedia":[{"embeddable":true,"href":"https:\/\/www.elche.es\/va\/wp-json\/wp\/v2\/media\/169581"}],"wp:attachment":[{"href":"https:\/\/www.elche.es\/va\/wp-json\/wp\/v2\/media?parent=169583"}],"wp:term":[{"taxonomy":"category","embeddable":true,"href":"https:\/\/www.elche.es\/va\/wp-json\/wp\/v2\/categories?post=169583"},{"taxonomy":"post_tag","embeddable":true,"href":"https:\/\/www.elche.es\/va\/wp-json\/wp\/v2\/tags?post=169583"}],"curies":[{"name":"wp","href":"https:\/\/api.w.org\/{rel}","templated":true}]}}