{"id":169768,"date":"2021-11-02T09:47:15","date_gmt":"2021-11-02T08:47:15","guid":{"rendered":"https:\/\/www.elche.es\/2021\/11\/centenars-dil%c2%b7licitans-i-dil%c2%b7licitanes-tornen-a-mirar-al-cel-amb-les-representacions-del-misteri-delx-despres-de-laturada-de-la-pandemia\/"},"modified":"2021-11-02T09:47:16","modified_gmt":"2021-11-02T08:47:16","slug":"centenars-dil%c2%b7licitans-i-dil%c2%b7licitanes-tornen-a-mirar-al-cel-amb-les-representacions-del-misteri-delx-despres-de-laturada-de-la-pandemia","status":"publish","type":"post","link":"https:\/\/www.elche.es\/va\/2021\/11\/centenars-dil%c2%b7licitans-i-dil%c2%b7licitanes-tornen-a-mirar-al-cel-amb-les-representacions-del-misteri-delx-despres-de-laturada-de-la-pandemia\/","title":{"rendered":"Centenars d&#8217;il\u00b7licitans i d&#8217;il\u00b7licitanes tornen a mirar al cel amb les representacions del Misteri d\u2019Elx despr\u00e9s de l&#8217;aturada de la pand\u00e8mia"},"content":{"rendered":"<div class=\"wpb-content-wrapper\"><p>[vc_row el_id=&#8221;SUBTITULAR_NOTICIA&#8221;][vc_column][vc_column_text]<\/p>\n<hr \/>\n<h4>L&#8217;alcalde, Carlos Gonz\u00e1lez, la consellera d&#8217;Agricultura, Mireia Moll\u00e0, la secret\u00e0ria Auton\u00f2mica de Cultura i Esport, Raquel Tamarit, la regidora de Cultura, Marga Ant\u00f3n, i el president de la Junta Rectora, Francisco Borja, assisteixen al primer assaig general del cicle de tardor a la bas\u00edlica de Santa Maria.<\/h4>\n<hr \/>\n<p>[\/vc_column_text][\/vc_column][\/vc_row][vc_row el_id=&#8221;TEXTO_NOTICIA&#8221;][vc_column][vc_column_text]Despr\u00e9s de dos anys de par\u00e8ntesi per la pand\u00e8mia, anit, 29 d&#8217;octubre de 2021,<strong> va tindre lloc a la bas\u00edlica de Santa Maria el primer assaig general de les representacions del Misteri d\u2019Elx del cicle de tardor en el qual centenars d&#8217;il\u00b7licitans i d&#8217;il\u00b7licitanes van tornar a mirar al cel i a sentir la m\u00e0gia d&#8217;aquest drama sacrol\u00edric<\/strong>. Una nit emotiva que va comptar amb la pres\u00e8ncia de l&#8217;alcalde i del president del Patronat Rector del Misteri, Carlos Gonz\u00e1lez, la consellera d&#8217;Agricultura, Desenvolupament Rural, Emerg\u00e8ncia Clim\u00e0tica i Transici\u00f3 Ecol\u00f2gica, Mireia Moll\u00e0, la secret\u00e0ria Auton\u00f2mica de Cultura i Esport, Raquel Tamarit, la regidora de Cultura, Marga Ant\u00f3n, el president de la Junta Rectora, Francisco Borja, el fill predilecte d&#8217;Elx, Francis Mart\u00ednez Mojica, la membre de l&#8217;Acad\u00e8mia Valenciana de la Llengua i Ram d\u2019Or, Tudi Torr\u00f3, i el jugador ol\u00edmpic taekwondo, Ra\u00fal Mart\u00ednez, aix\u00ed com membres de l&#8217;Equip de Govern i de la Corporaci\u00f3 Municipal.<\/p>\n<p>\u201cLa recuperaci\u00f3 del Misteri simbolitza no sols que torna La Festa, sin\u00f3 que despr\u00e9s d&#8217;un any complex tornem a la normalitat, que ens permet, una cosa tan important per a la nostra ciutat com \u00e9s <strong>celebrar el que \u00e9s el seu senyal d&#8217;identitat per excel\u00b7l\u00e8ncia<\/strong>\u201d, ha destacat l&#8217;alcalde, que ha felicitat el Patronat pels seus esfor\u00e7os i desvetlaments i la gran fam\u00edlia del Misteri per haver fet un treball \u201cmolt seri\u00f3s malgrat les seues condicions de dificultat\u201d.<\/p>\n<p>El regidor il\u00b7licit\u00e0 ha assenyalat que durant els segles XX i XXI a penes hi ha hagut interrupcions i ha indicat que <strong>\u201crecuperar La Festa t\u00e9 una import\u00e0ncia immensa per a la ciutat\u201d<\/strong>, motiu pel qual s&#8217;han adoptat mesures sanit\u00e0ries, com la realitzaci\u00f3 d&#8217;una PCR a cadascun dels cantors per a descartar possibles contagis.<\/p>\n<p>Per part seua, Mireia Moll\u00e0 ha mostrat el seu convenciment que no minvar\u00e0 en cap moment la grandesa d&#8217;aquesta magn\u00edfica representaci\u00f3 i ha assegurat que <strong>\u201cla seua esplendor va estar a l&#8217;altura de les circumst\u00e0ncia com sempre ho ha fet en els seus anys d&#8217;hist\u00f2ria\u201d<\/strong>.<\/p>\n<p>A m\u00e9s, Moll\u00e0 ha puntualitzat que<strong> \u201cl&#8217;exercici de valentia de tots els valencians i les valencianes per superar la greu crisi sanit\u00e0ria ha sigut el que ha fet possible aquest retrobament amb el Misteri&#8221;<\/strong> i ha felicitat en nom de la Generalitateal Patronat, els cantors i l&#8217;Ajuntament d&#8217;Elx per dur a terme les representacions sota unes estrictes mesures de seguretat.[\/vc_column_text][\/vc_column][\/vc_row][vc_row type=&#8221;flexslider_slide&#8221; interval=&#8221;5&#8243; source=&#8221;media_library&#8221; images=&#8221;&#8221; img_size=&#8221;full&#8221; external_img_size=&#8221;&#8221; onclick=&#8221;link_image&#8221; custom_links_target=&#8221;_self&#8221; el_class=&#8221;galerianoticia&#8221; title=&#8221;&#8221; custom_srcs=&#8221;&#8221; custom_links=&#8221;&#8221;][vc_column][vc_gallery type=&#8221;flexslider_slide&#8221; interval=&#8221;5&#8243; images=&#8221;169641,169639,169637,169635,169633,169631,169629,169591,169627,169625,169623,169621,169619,169617,169615,169613,169611,169609,169607,169605,169603,169601,169599,169597,169595,169593&#8243; img_size=&#8221;full&#8221; el_class=&#8221;galerianoticia&#8221;][\/vc_column][\/vc_row][vc_row el_id=&#8221;DESTACADO_NOTICIA&#8221;][vc_column][vc_column_text el_class=&#8221;cuadronoticia&#8221;]<\/p>\n<h5>El responsable de l&#8217;Equip de Govern assegura que \u201cla recuperaci\u00f3 del Misteri simbolitza no sols que torna la Festa, sin\u00f3 que despr\u00e9s d&#8217;un any complex tornem a la normalitat, i aix\u00f2 ens permet celebrar el senyal d&#8217;identitat per excel\u00b7l\u00e8ncia de la nostra ciutat\u201d<\/h5>\n<p>[\/vc_column_text][\/vc_column][\/vc_row][vc_row el_id=&#8221;TEXTO_FIN_NOTICIA&#8221;][vc_column][vc_column_text]Mentrestant, Raquel Tamarit ha manifestat el seu agra\u00efment cap a aquells que han treballat per demostrar que la cultura \u00e9s segura. <strong>\u201cSabem que ho heu donat tot per a poder oferir la ciutadania d&#8217;Elx i la Comunitat Valenciana en general eixa Festa que tant s&#8217;espera quan arriba el mes d&#8217;agost\u201d<\/strong>, ha destacat.<\/p>\n<p>El president de la Junta Rectora ha subratllat que \u201ccelebrar aquestes representacions despr\u00e9s de l&#8217;enorme crisi sanit\u00e0ria que estem vivint \u00e9s hist\u00f2ria per\u00f2 tamb\u00e9 \u00e9s <strong>sentiment i amor a la Verge i a aquesta Festa que enguany ha coincidit amb el vint\u00e9 aniversari de la Declaraci\u00f3 de Patrimoni Immaterial de la Humanitat per la Unesco<\/strong>\u201d.<\/p>\n<p>Durant l&#8217;assaig, <strong>el rector de la UMH, Juan Jos\u00e9 Ruiz, ha actuat com a portaestendard<\/strong> i la presidenta del Col\u00b7legi d&#8217;Infermeria de la prov\u00edncia d&#8217;Alacant, Monserrat Angulo, i el president del Col\u00b7legi de Metges de la prov\u00edncia, Germann Schwarz, han sigut les personalitats electes.<\/p>\n<p>La Festa continuar\u00e0 hui i dem\u00e0, en els dos seg\u00fcents assajos generals, i el d<strong>illuns amb motiu de les representacions extraordin\u00e0ries de les dues parts del drama assumpcionista: La Vespra i La Festa.<\/strong><\/p>\n<hr \/>\n<p>[\/vc_column_text][\/vc_column][\/vc_row][vc_row][vc_column width=&#8221;1\/6&#8243;][\/vc_column][vc_column width=&#8221;2\/3&#8243;]<audio class=\"sc_audio\" src=\"https:\/\/soundcloud.com\/ayuntamiento-de-elche\/carlos-gonzalez-en-el-ensayo-general-del-misteri-delx-29-10-21?si=0bf9262487364d4ea2d19b8dc5dc14f3\" width=\"\" height=\"\"><\/audio>[\/vc_column][vc_column width=&#8221;1\/6&#8243;][\/vc_column][\/vc_row][vc_row][vc_column width=&#8221;1\/6&#8243;][\/vc_column][vc_column width=&#8221;2\/3&#8243;]<audio class=\"sc_audio\" src=\"https:\/\/soundcloud.com\/ayuntamiento-de-elche\/francisco-borja?si=0bf9262487364d4ea2d19b8dc5dc14f3\" width=\"\" height=\"\"><\/audio>[\/vc_column][vc_column width=&#8221;1\/6&#8243;][\/vc_column][\/vc_row][vc_row][vc_column width=&#8221;1\/6&#8243;][\/vc_column][vc_column width=&#8221;2\/3&#8243;]<audio class=\"sc_audio\" src=\"https:\/\/soundcloud.com\/ayuntamiento-de-elche\/mireia-molla-ensayo-general-del-misteri-delx-del-29-10-21?si=0bf9262487364d4ea2d19b8dc5dc14f3\" width=\"\" height=\"\"><\/audio>[\/vc_column][vc_column width=&#8221;1\/6&#8243;][\/vc_column][\/vc_row][vc_row][vc_column width=&#8221;1\/6&#8243;][\/vc_column][vc_column width=&#8221;2\/3&#8243;]<audio class=\"sc_audio\" src=\"https:\/\/soundcloud.com\/ayuntamiento-de-elche\/raquel-tamarit-en-el-ensayo-general-misteri-delx-29-10-21?si=0bf9262487364d4ea2d19b8dc5dc14f3\" width=\"\" height=\"\"><\/audio>[\/vc_column][vc_column width=&#8221;1\/6&#8243;][\/vc_column][\/vc_row]<\/p>\n<\/div>","protected":false},"excerpt":{"rendered":"<p>[vc_row el_id=&#8221;SUBTITULAR_NOTICIA&#8221;][vc_column][vc_column_text] L&#8217;alcalde, Carlos Gonz\u00e1lez, la consellera d&#8217;Agricultura, Mireia Moll\u00e0, la secret\u00e0ria Auton\u00f2mica de Cultura i Esport, Raquel Tamarit, la regidora de Cultura, Marga Ant\u00f3n, i el president de la [&hellip;]<\/p>\n","protected":false},"author":131,"featured_media":169646,"comment_status":"closed","ping_status":"closed","sticky":false,"template":"","format":"standard","meta":{"footnotes":""},"categories":[193,391,1312],"tags":[],"class_list":["post-169768","post","type-post","status-publish","format-standard","has-post-thumbnail","hentry","category-cultura-va","category-home-va","category-noticias-va"],"_links":{"self":[{"href":"https:\/\/www.elche.es\/va\/wp-json\/wp\/v2\/posts\/169768","targetHints":{"allow":["GET"]}}],"collection":[{"href":"https:\/\/www.elche.es\/va\/wp-json\/wp\/v2\/posts"}],"about":[{"href":"https:\/\/www.elche.es\/va\/wp-json\/wp\/v2\/types\/post"}],"author":[{"embeddable":true,"href":"https:\/\/www.elche.es\/va\/wp-json\/wp\/v2\/users\/131"}],"replies":[{"embeddable":true,"href":"https:\/\/www.elche.es\/va\/wp-json\/wp\/v2\/comments?post=169768"}],"version-history":[{"count":0,"href":"https:\/\/www.elche.es\/va\/wp-json\/wp\/v2\/posts\/169768\/revisions"}],"wp:featuredmedia":[{"embeddable":true,"href":"https:\/\/www.elche.es\/va\/wp-json\/wp\/v2\/media\/169646"}],"wp:attachment":[{"href":"https:\/\/www.elche.es\/va\/wp-json\/wp\/v2\/media?parent=169768"}],"wp:term":[{"taxonomy":"category","embeddable":true,"href":"https:\/\/www.elche.es\/va\/wp-json\/wp\/v2\/categories?post=169768"},{"taxonomy":"post_tag","embeddable":true,"href":"https:\/\/www.elche.es\/va\/wp-json\/wp\/v2\/tags?post=169768"}],"curies":[{"name":"wp","href":"https:\/\/api.w.org\/{rel}","templated":true}]}}