{"id":170270,"date":"2021-11-04T13:12:30","date_gmt":"2021-11-04T12:12:30","guid":{"rendered":"https:\/\/www.elche.es\/2021\/11\/lajuntament-posa-en-marxa-les-obres-de-renovacio-de-la-xarxa-daigua-potable-i-de-clavegueram-al-carrer-blas-orts-sanchez\/"},"modified":"2021-11-04T13:12:31","modified_gmt":"2021-11-04T12:12:31","slug":"lajuntament-posa-en-marxa-les-obres-de-renovacio-de-la-xarxa-daigua-potable-i-de-clavegueram-al-carrer-blas-orts-sanchez","status":"publish","type":"post","link":"https:\/\/www.elche.es\/va\/2021\/11\/lajuntament-posa-en-marxa-les-obres-de-renovacio-de-la-xarxa-daigua-potable-i-de-clavegueram-al-carrer-blas-orts-sanchez\/","title":{"rendered":"L&#8217;Ajuntament posa en marxa les obres de renovaci\u00f3 de la xarxa d&#8217;aigua potable i de clavegueram al carrer Blas Orts S\u00e1nchez"},"content":{"rendered":"<div class=\"wpb-content-wrapper\"><p>[vc_row el_id=&#8221;SUBTITULAR_NOTICIA&#8221;][vc_column][vc_column_text]<\/p>\n<hr \/>\n<h4>L&#8217;alcalde, Carlos Gonz\u00e1lez, l&#8217;edil de Cicle de l&#8217;Aigua, H\u00e9ctor D\u00edez, i el gerent d&#8217;Aig\u00fces d\u2019Elx, Javier Prieto, visiten les obres, que es preveu que concloguen a la fi de novembre amb una inversi\u00f3 de m\u00e9s de 395.000 euros<\/h4>\n<hr \/>\n<p>[\/vc_column_text][\/vc_column][\/vc_row][vc_row el_id=&#8221;TEXTO_FIN_NOTICIA&#8221;][vc_column][vc_column_text]L&#8217;alcalde d&#8217;Elx, Carlos Gonz\u00e1lez, acompanyat per l&#8217;edil de Cicle de l&#8217;Aigua, H\u00e9ctor D\u00edez, i pel gerent d&#8217;Aig\u00fces d\u2019Elx, Javier Prieto, han visitat aquest mat\u00ed les obres al carrer Blas Orts S\u00e1nchez, on s&#8217;est\u00e0 duent a terme una renovaci\u00f3 de la xarxa d&#8217;aigua potable i de clavegueram. <strong>Una actuaci\u00f3 amb una inversi\u00f3 de m\u00e9s de 395.000 euros i que es preveu que concloga a finals de novembre.<\/strong><\/p>\n<p>\u201cEs tracta d&#8217;un vial en el qual les xarxes d&#8217;aigua potable s\u00f3n majorit\u00e0riament de fibrociment i on la xarxa de clavegueram es troba en un grau de deteriorament molt avan\u00e7at, com s&#8217;observa en els informes procedents de la inspecci\u00f3 de la xarxa amb c\u00e0mera de televisi\u00f3 realitzats per Aig\u00fces d\u2019Elx\u201d. Aix\u00ed ho ha explicat Gonz\u00e1lez, que ha detallat que per a la renovaci\u00f3 de la xarxa d&#8217;aigua potable s<strong>&#8216;instal\u00b7laran 349 metres de canonada de fosa i es reempla\u00e7aran 22 connexions de servei d&#8217;aigua domicili\u00e0ries,<\/strong> mentre que en la xarxa de clavegueram seran 396 metres de longitud de canonada amb 19 pous de registre i <strong>es canviaran tamb\u00e9 22 connexions de servei d&#8217;aigua domicili\u00e0ries.<\/strong>[\/vc_column_text][\/vc_column][\/vc_row][vc_row type=&#8221;flexslider_slide&#8221; interval=&#8221;5&#8243; source=&#8221;media_library&#8221; images=&#8221;&#8221; img_size=&#8221;full&#8221; external_img_size=&#8221;&#8221; onclick=&#8221;link_image&#8221; custom_links_target=&#8221;_self&#8221; el_class=&#8221;galerianoticia&#8221; title=&#8221;&#8221; custom_srcs=&#8221;&#8221; custom_links=&#8221;&#8221;][vc_column][vc_gallery type=&#8221;flexslider_slide&#8221; interval=&#8221;5&#8243; images=&#8221;170214,170216,170218,170220,170222,170224,170226,170228,170230,170232,170234,170236&#8243; img_size=&#8221;full&#8221; el_class=&#8221;galerianoticia&#8221;][\/vc_column][\/vc_row][vc_row][vc_column][vc_column_text]L&#8217;alcalde ha indicat que <strong>una vegada que finalitze l&#8217;obra es dur\u00e0 a terme la reposici\u00f3 de totes les voreres<\/strong> sobre una superf\u00edcie de 700 metres lineals i s&#8217;asfaltar\u00e0 tota la via p\u00fablica. A m\u00e9s, ha recordat que aquests treballs formen part del Pla Director d&#8217;Infraestructures del Cicle Integral de l&#8217;Aigua Elx 2020-30, que t\u00e9 com a finalitat substituir gradualment les conduccions de fibrociment per altres de fosa d\u00factil, millorar el rendiment i la capacitat del sistema hidr\u00e0ulic i minimitzar els costos de reparaci\u00f3 d&#8217;avaries.<\/p>\n<p>Aix\u00ed mateix, Gonz\u00e1lez ha assenyalat que amb l&#8217;objectiu de continuar millorant la xarxa d&#8217;aigua potable i de clavegueram<strong> en aquests moments hi ha m\u00e9s d&#8217;un mili\u00f3 d&#8217;euros en execuci\u00f3 amb actuacions a l&#8217;Altet per 340.000 euros i a Torrellano amb una inversi\u00f3 de 230.000 euros.<\/strong>[\/vc_column_text][\/vc_column][\/vc_row][vc_row el_id=&#8221;TEXTO_NOTICIA&#8221;][vc_column][vc_column_text][\/vc_column_text][\/vc_column][\/vc_row][vc_row el_id=&#8221;DESTACADO_NOTICIA&#8221;][vc_column][vc_column_text el_class=&#8221;cuadronoticia&#8221;]<\/p>\n<h5>El responsable de l&#8217;Equip de Govern recorda que aquests treballs formen part del Pla Director d&#8217;Infraestructures del Cicle Integral de l&#8217;Aigua Elx 2020-30, l&#8217;objectiu del qual \u00e9s substituir les conduccions de fibrociment per altres de fosa d\u00factil, millorar el rendiment i la capacitat del sistema hidr\u00e0ulic i minimitzar els costos de reparaci\u00f3 d&#8217;avaries<\/h5>\n<p>[\/vc_column_text][\/vc_column][\/vc_row][vc_row][vc_column][vc_column_text]La pol\u00edtica de desenvolupament sostenible d&#8217;Aig\u00fces d\u2019Elx es materialitza en principis com ara el respecte del medi ambient i la innovaci\u00f3 sostenible. En aquest sentit, el responsable de l&#8217;Equip de Govern ha puntualitzat que <strong>\u201caquestes obres s&#8217;estan duent a terme amb materials reciclats en un percentatge que supera el 20% per a afavorir l&#8217;economia circular i per a sustentar els nostres objectius de sostenibilitat\u201d<\/strong>. Per a aix\u00f2, es preveu l&#8217;\u00fas de materials procedents de residus de demolici\u00f3 i de construcci\u00f3 com ara arena, graveta i llast en els farciments de les rases que no es troben sotmeses a c\u00e0rregues de tr\u00e0nsit pesat.<\/p>\n<hr \/>\n<p>[\/vc_column_text][\/vc_column][\/vc_row][vc_row][vc_column width=&#8221;1\/6&#8243;][\/vc_column][vc_column width=&#8221;2\/3&#8243;]<audio class=\"sc_audio\" src=\"https:\/\/soundcloud.com\/ayuntamiento-de-elche\/carlos-gonzalez-en-las-obras-de-renovacion-de-la-red-de-agua-en-la-calle-blas-orts-sanchez?si=29cbf3c1536841e0b0bf01d9efb886b9\" width=\"\" height=\"\"><\/audio>[\/vc_column][vc_column width=&#8221;1\/6&#8243;][\/vc_column][\/vc_row]<\/p>\n<\/div>","protected":false},"excerpt":{"rendered":"<p>[vc_row el_id=&#8221;SUBTITULAR_NOTICIA&#8221;][vc_column][vc_column_text] L&#8217;alcalde, Carlos Gonz\u00e1lez, l&#8217;edil de Cicle de l&#8217;Aigua, H\u00e9ctor D\u00edez, i el gerent d&#8217;Aig\u00fces d\u2019Elx, Javier Prieto, visiten les obres, que es preveu que concloguen a la fi [&hellip;]<\/p>\n","protected":false},"author":131,"featured_media":170213,"comment_status":"closed","ping_status":"closed","sticky":false,"template":"","format":"standard","meta":{"footnotes":""},"categories":[2247,391,1312],"tags":[],"class_list":["post-170270","post","type-post","status-publish","format-standard","has-post-thumbnail","hentry","category-aguas-va","category-home-va","category-noticias-va"],"_links":{"self":[{"href":"https:\/\/www.elche.es\/va\/wp-json\/wp\/v2\/posts\/170270","targetHints":{"allow":["GET"]}}],"collection":[{"href":"https:\/\/www.elche.es\/va\/wp-json\/wp\/v2\/posts"}],"about":[{"href":"https:\/\/www.elche.es\/va\/wp-json\/wp\/v2\/types\/post"}],"author":[{"embeddable":true,"href":"https:\/\/www.elche.es\/va\/wp-json\/wp\/v2\/users\/131"}],"replies":[{"embeddable":true,"href":"https:\/\/www.elche.es\/va\/wp-json\/wp\/v2\/comments?post=170270"}],"version-history":[{"count":0,"href":"https:\/\/www.elche.es\/va\/wp-json\/wp\/v2\/posts\/170270\/revisions"}],"wp:featuredmedia":[{"embeddable":true,"href":"https:\/\/www.elche.es\/va\/wp-json\/wp\/v2\/media\/170213"}],"wp:attachment":[{"href":"https:\/\/www.elche.es\/va\/wp-json\/wp\/v2\/media?parent=170270"}],"wp:term":[{"taxonomy":"category","embeddable":true,"href":"https:\/\/www.elche.es\/va\/wp-json\/wp\/v2\/categories?post=170270"},{"taxonomy":"post_tag","embeddable":true,"href":"https:\/\/www.elche.es\/va\/wp-json\/wp\/v2\/tags?post=170270"}],"curies":[{"name":"wp","href":"https:\/\/api.w.org\/{rel}","templated":true}]}}