{"id":173567,"date":"2021-11-24T12:47:35","date_gmt":"2021-11-24T11:47:35","guid":{"rendered":"https:\/\/www.elche.es\/2021\/11\/les-conclusions-de-la-jornada-sobre-estrategies-per-a-previndre-laddiccio-al-joc-sincorporaran-al-pla-municipal-de-conductes-addictives-de-2022-2025-delx\/"},"modified":"2021-11-24T12:47:36","modified_gmt":"2021-11-24T11:47:36","slug":"les-conclusions-de-la-jornada-sobre-estrategies-per-a-previndre-laddiccio-al-joc-sincorporaran-al-pla-municipal-de-conductes-addictives-de-2022-2025-delx","status":"publish","type":"post","link":"https:\/\/www.elche.es\/va\/2021\/11\/les-conclusions-de-la-jornada-sobre-estrategies-per-a-previndre-laddiccio-al-joc-sincorporaran-al-pla-municipal-de-conductes-addictives-de-2022-2025-delx\/","title":{"rendered":"Les conclusions de la jornada sobre estrat\u00e8gies per a previndre l&#8217;addicci\u00f3 al joc s&#8217;incorporaran al Pla Municipal de Conductes Addictives de 2022-2025 d&#8217;Elx"},"content":{"rendered":"<div class=\"wpb-content-wrapper\"><p>[vc_row el_id=&#8221;SUBTITULAR_NOTICIA&#8221;][vc_column][vc_column_text]<\/p>\n<hr \/>\n<h4>La cita, que se celebra durant el 24 de novembre al Centre de Congressos, compta amb la confer\u00e8ncia del director d&#8217;Ordenaci\u00f3 del Joc del Ministeri de Consum, Mikel Arana, ha sigut inaugurada aquest mat\u00ed per l&#8217;edil de Drets Socials i Pol\u00edtiques Inclusives, Mariano Valera, i pel rector de la UMHE, Juanjo Ruiz<\/h4>\n<hr \/>\n<p>[\/vc_column_text][\/vc_column][\/vc_row][vc_row el_id=&#8221;TEXTO_FIN_NOTICIA&#8221;][vc_column][vc_column_text]<strong>Elx torna a ser punta de llan\u00e7a en la lluita contra la ludopatia<\/strong>. La segona edici\u00f3 del<strong> \u2018<a href=\"https:\/\/www.elche.es\/va\/2021\/11\/el-centre-de-congressos-albergara-una-jornada-deliberativa-sobre-estrategies-per-a-previndre-laddiccio-als-jocs-dapostes\/\">F\u00f2rum deliberatiu sobre la prevenci\u00f3 de l&#8217;ab\u00fas del joc d&#8217;apostes. De l&#8217;entorn digital a l&#8217;\u00e0mbit local<\/a>\u2019<\/strong>, organitzat per l&#8217;Ajuntament i per la Universitat Miguel Hern\u00e1ndez d&#8217;Elx (UMHE), se celebra durant tota la jornada del 24 de novembre al Centre de Congressos Ciutat d\u2019Elx.<\/p>\n<p>Davant diferents agents acad\u00e8mics i socials municipals, auton\u00f2mics i nacionals, el regidor de Drets Socials i Pol\u00edtiques Inclusives, Mariano Valera, i el rector de la UMHE, Juanjo Ruiz, acompanyats pel director d&#8217;Ordenaci\u00f3 del Joc del Ministeri de Consum, Mikel Arana, han inaugurat l&#8217;esdeveniment amb l&#8217;objectiu de <strong>presentar experi\u00e8ncies i de reflexionar sobre les pr\u00e0ctiques de prevenci\u00f3 de l&#8217;ab\u00fas dels jocs d&#8217;apostes<\/strong> des de diferents vessants, a m\u00e9s de detectar les principals problem\u00e0tiques relacionades amb la mat\u00e8ria des del municipalisme.<\/p>\n<p>Tamb\u00e9, gr\u00e0cies als tallers participatius i taules redones, un dels principals objectius de la trobada \u00e9s <strong>\u201cgenerar propostes i estrat\u00e8gies per a l&#8217;ab\u00fas del joc\u201d<\/strong>, ha destacat Valera; conclusions que \u201cde segur seran \u00fatils per a aquest Ajuntament; unes aportacions que recollirem aquest dimecres i que incorporarem en el nostre Pla Municipal de Conductes Addictives de 2022-2025\u201d, segons ha manifestat l&#8217;edil, que ha agra\u00eft a totes les entitats i les persones que han fet possible la realitzaci\u00f3 d&#8217;aquesta segona edici\u00f3, despr\u00e9s de recordar que \u201cla ind\u00fastria del joc ha crescut a un ritme d&#8217;un 20% anual en els \u00faltims anys\u201d.[\/vc_column_text][\/vc_column][\/vc_row][vc_row type=&#8221;flexslider_slide&#8221; interval=&#8221;5&#8243; source=&#8221;media_library&#8221; images=&#8221;&#8221; img_size=&#8221;full&#8221; external_img_size=&#8221;&#8221; onclick=&#8221;link_image&#8221; custom_links_target=&#8221;_self&#8221; el_class=&#8221;galerianoticia&#8221; title=&#8221;&#8221; custom_srcs=&#8221;&#8221; custom_links=&#8221;&#8221;][vc_column][vc_gallery type=&#8221;flexslider_slide&#8221; interval=&#8221;5&#8243; images=&#8221;173544,173546,173548,173550,173552&#8243; img_size=&#8221;full&#8221; el_class=&#8221;galerianoticia&#8221;][\/vc_column][\/vc_row][vc_row][vc_column][vc_column_text]El rector de la UMHE, per part seua, a m\u00e9s de reiterar els agra\u00efments, ha afirmat que <strong>m\u00e9s de 600.000 persones s\u00f3n lud\u00f2pates al nostre pa\u00eds i que nom\u00e9s el 2% reben algun tipus de tractament<\/strong>. \u201cUna de les dades m\u00e9s preocupants \u00e9s que el 44% d&#8217;aquestes persones diagnosticades i tractades tenen menys de 26 anys, cosa que indica l&#8217;aparici\u00f3 d&#8217;addiccions en edats primerenques, en les quals \u00e9s fonamental fer una labor de prevenci\u00f3\u201d; per aix\u00f2 ha instat a tractar de retardar l&#8217;edat d&#8217;inici en el joc. \u201cI en aquells casos en els quals ja s&#8217;haja comen\u00e7at, evitar que s&#8217;incremente la freq\u00fc\u00e8ncia i la intensitat\u201d, ha postil\u00b7lat.<\/p>\n<p>El f\u00f2rum, que ha comptat amb la confer\u00e8ncia inicial d&#8217;Arana, compta amb la col\u00b7laboraci\u00f3 de les conselleries de Sanitat i d&#8217;Universitats i del Ministeri de Sanitat. El mateix Mariano Valera clausurar\u00e0 l&#8217;esdeveniment aquesta vesprada a les 18.00 hores. A la ciutat d&#8217;Elx, <strong>la Unitat de Prevenci\u00f3 Comunit\u00e0ria de Conductes Addictives (UPCCA) de la Regidoria de Drets Socials i Pol\u00edtiques Inclusives treballa per a previndre les addiccions<\/strong>, aix\u00ed com en la <strong>promoci\u00f3 de la salut i del benestar social a trav\u00e9s de programes familiars, educatius i comunitaris<\/strong>.<\/p>\n<hr \/>\n<p>[\/vc_column_text][\/vc_column][\/vc_row][vc_row][vc_column width=&#8221;1\/6&#8243;][\/vc_column][vc_column width=&#8221;2\/3&#8243;]<audio class=\"sc_audio\" src=\"https:\/\/soundcloud.com\/ayuntamiento-de-elche\/mariano-valera-sobre-la-jornada-sobre-estrategias-para-prevenir-la-adiccion-al-juego?si=b92f28add7d44648869881d39ebe910e\" width=\"\" height=\"\"><\/audio>[\/vc_column][vc_column width=&#8221;1\/6&#8243;][\/vc_column][\/vc_row][vc_row][vc_column width=&#8221;1\/6&#8243;][\/vc_column][vc_column width=&#8221;2\/3&#8243;]<audio class=\"sc_audio\" src=\"https:\/\/soundcloud.com\/ayuntamiento-de-elche\/juanjo-ruiz-sobre-la-jornada-sobre-estrategias-para-prevenir-la-adiccion-al-juego?si=8bd4d2b70e50454e985cb972d56066b7\" width=\"\" height=\"\"><\/audio>[\/vc_column][vc_column width=&#8221;1\/6&#8243;][\/vc_column][\/vc_row]<\/p>\n<\/div>","protected":false},"excerpt":{"rendered":"<p>[vc_row el_id=&#8221;SUBTITULAR_NOTICIA&#8221;][vc_column][vc_column_text] La cita, que se celebra durant el 24 de novembre al Centre de Congressos, compta amb la confer\u00e8ncia del director d&#8217;Ordenaci\u00f3 del Joc del Ministeri de Consum, Mikel [&hellip;]<\/p>\n","protected":false},"author":131,"featured_media":173542,"comment_status":"closed","ping_status":"closed","sticky":false,"template":"","format":"standard","meta":{"footnotes":""},"categories":[190,391,1312],"tags":[],"class_list":["post-173567","post","type-post","status-publish","format-standard","has-post-thumbnail","hentry","category-drets-socials","category-home-va","category-noticias-va"],"_links":{"self":[{"href":"https:\/\/www.elche.es\/va\/wp-json\/wp\/v2\/posts\/173567","targetHints":{"allow":["GET"]}}],"collection":[{"href":"https:\/\/www.elche.es\/va\/wp-json\/wp\/v2\/posts"}],"about":[{"href":"https:\/\/www.elche.es\/va\/wp-json\/wp\/v2\/types\/post"}],"author":[{"embeddable":true,"href":"https:\/\/www.elche.es\/va\/wp-json\/wp\/v2\/users\/131"}],"replies":[{"embeddable":true,"href":"https:\/\/www.elche.es\/va\/wp-json\/wp\/v2\/comments?post=173567"}],"version-history":[{"count":0,"href":"https:\/\/www.elche.es\/va\/wp-json\/wp\/v2\/posts\/173567\/revisions"}],"wp:featuredmedia":[{"embeddable":true,"href":"https:\/\/www.elche.es\/va\/wp-json\/wp\/v2\/media\/173542"}],"wp:attachment":[{"href":"https:\/\/www.elche.es\/va\/wp-json\/wp\/v2\/media?parent=173567"}],"wp:term":[{"taxonomy":"category","embeddable":true,"href":"https:\/\/www.elche.es\/va\/wp-json\/wp\/v2\/categories?post=173567"},{"taxonomy":"post_tag","embeddable":true,"href":"https:\/\/www.elche.es\/va\/wp-json\/wp\/v2\/tags?post=173567"}],"curies":[{"name":"wp","href":"https:\/\/api.w.org\/{rel}","templated":true}]}}