{"id":173628,"date":"2021-11-24T14:22:50","date_gmt":"2021-11-24T13:22:50","guid":{"rendered":"https:\/\/www.elche.es\/2021\/11\/elx-acollira-dissabte-lestrena-dun-documental-fet-per-atletes-per-a-donar-visibilitat-al-running\/"},"modified":"2021-11-24T14:22:51","modified_gmt":"2021-11-24T13:22:51","slug":"elx-acollira-dissabte-lestrena-dun-documental-fet-per-atletes-per-a-donar-visibilitat-al-running","status":"publish","type":"post","link":"https:\/\/www.elche.es\/va\/2021\/11\/elx-acollira-dissabte-lestrena-dun-documental-fet-per-atletes-per-a-donar-visibilitat-al-running\/","title":{"rendered":"Elx acollir\u00e0 dissabte l&#8217;estrena d&#8217;un documental fet per atletes per a donar visibilitat al running"},"content":{"rendered":"<div class=\"wpb-content-wrapper\"><p>[vc_row el_id=&#8221;SUBTITULAR_NOTICIA&#8221;][vc_column][vc_column_text]<\/p>\n<hr \/>\n<h4>L&#8217;edil d&#8217;Esports, Vicente Alberola, el corredor i membre de Pigeon Runner, Juan Carlos Esteso, i la presidenta de la Fundaci\u00f3 de l&#8217;Esport Il\u00b7licit\u00e0, Raquel Rosique, presenten la projecci\u00f3 <em>No hay&#8230; Corriendo de Madrid a Barcelona a relevos non stop<\/em> que tindr\u00e0 lloc al Centre de Congressos dins de la jornada &#8220;Redefiniendo el running&#8221;<\/h4>\n<hr \/>\n<p>[\/vc_column_text][\/vc_column][\/vc_row][vc_row el_id=&#8221;TEXTO_FIN_NOTICIA&#8221;][vc_column][vc_column_text]Elx acollir\u00e0 el pr\u00f2xim dissabte l&#8217;estrena del documental fet per atletes <em>No hay&#8230; Corriendo de Madrid a Barcelona a relevos non stop<\/em> per a donar visibilitat al <em>running<\/em>.<strong> La projecci\u00f3 tindr\u00e0 lloc al Centre de Congressos el dissabte a les 19.30 hores, en el marc de l&#8217;esdeveniment &#8220;Redefiniendo el running&#8221;.<\/strong><\/p>\n<p>El regidor d&#8217;Esports, Vicente Alberola, el corredor i membre de Pigeon Runner, Juan Carlos Esteso, i la presidenta de la Fundaci\u00f3 de l&#8217;Esport Il\u00b7licit\u00e0, Raquel Rosique, han presentat aquest mat\u00ed tant l&#8217;esdeveniment com el documental que explica com els esportistes de Pigeon Runner Nicole Millar, Ra\u00fal Fern\u00e1ndez, Ra\u00fal Gom\u00e9z, Marcel Batlle i Juanma Campos, assistits per David Millar, van rec\u00f3rrer per relleus <strong>els 682 quil\u00f2metres que separen Madrid i Barcelona en 48 hores<\/strong> i el que el mateix Alberola ha lloat i ha qualificat com &#8220;una xicoteta bogeria&#8221;.[\/vc_column_text][\/vc_column][\/vc_row][vc_row source=&#8221;media_library&#8221; image=&#8221;&#8221; img_size=&#8221;full&#8221; external_img_size=&#8221;&#8221; add_caption=&#8221;&#8221; alignment=&#8221;left&#8221; style=&#8221;&#8221; external_style=&#8221;&#8221; border_color=&#8221;grey&#8221; external_border_color=&#8221;grey&#8221; onclick=&#8221;link_image&#8221; img_link_target=&#8221;_self&#8221; el_class=&#8221;fotounicanoticia&#8221; title=&#8221;&#8221; custom_src=&#8221;&#8221; caption=&#8221;&#8221; link=&#8221;&#8221; img_link_large=&#8221;&#8221;][vc_column][vc_single_image image=&#8221;173525&#8243; img_size=&#8221;full&#8221; onclick=&#8221;link_image&#8221; el_class=&#8221;fotounicanoticia&#8221;][\/vc_column][\/vc_row][vc_row][vc_column][vc_column_text]Esteso ha comentat que des del primer moment <strong>es va pensar en Elx com a ciutat per a emetre el documental<\/strong> ja que, segons el corredor, &#8220;\u00e9s una ciutat s\u00faper corredora i esportista&#8221;.<\/p>\n<p>Abans del comen\u00e7ament de la projecci\u00f3, els esportistes <strong>explicaran les seues viv\u00e8ncies i les seues experi\u00e8ncies durant la carrera<\/strong> per a despr\u00e9s dur a terme una xarrada col\u00b7loqui amb els assistents.<\/p>\n<p>Per part seua, Raquel Rosique, ha incidit en la import\u00e0ncia de donar visibilitat, en aquest cas, a l&#8217;atletisme i ha mostrat el seu<strong> desig de continuar ajudant a donar con\u00e9ixer tota l&#8217;activitat esportiva de la ciutat.<\/strong><\/p>\n<p>Esteso ha recordat a m\u00e9s que &#8220;c\u00f3rrer pot unir ciutats&#8221; i ha afegit que<strong> encara queden places disponibles per a assistir.<\/strong><\/p>\n<hr \/>\n<p>&nbsp;<\/p>\n<p>[\/vc_column_text][\/vc_column][\/vc_row][vc_row source=&#8221;media_library&#8221; image=&#8221;&#8221; img_size=&#8221;medium&#8221; external_img_size=&#8221;&#8221; add_caption=&#8221;&#8221; alignment=&#8221;center&#8221; style=&#8221;&#8221; external_style=&#8221;&#8221; border_color=&#8221;grey&#8221; external_border_color=&#8221;grey&#8221; onclick=&#8221;link_image&#8221; img_link_target=&#8221;_self&#8221; el_class=&#8221;fotounicanoticiavertical&#8221; title=&#8221;&#8221; custom_src=&#8221;&#8221; caption=&#8221;&#8221; link=&#8221;&#8221; img_link_large=&#8221;&#8221;][vc_column][vc_single_image image=&#8221;173534&#8243; img_size=&#8221;medium&#8221; alignment=&#8221;center&#8221; onclick=&#8221;link_image&#8221; el_class=&#8221;fotounicanoticiavertical&#8221;][\/vc_column][\/vc_row][vc_row][vc_column width=&#8221;1\/6&#8243;][\/vc_column][vc_column width=&#8221;2\/3&#8243;]<audio class=\"sc_audio\" src=\"https:\/\/soundcloud.com\/ayuntamiento-de-elche\/presentacion-del-documental-mundo-runner?si=eebb3f41c3ce4da09fb6c6996322afe1\" width=\"\" height=\"\"><\/audio>[\/vc_column][vc_column width=&#8221;1\/6&#8243;][\/vc_column][\/vc_row]<\/p>\n<\/div>","protected":false},"excerpt":{"rendered":"<p>[vc_row el_id=&#8221;SUBTITULAR_NOTICIA&#8221;][vc_column][vc_column_text] L&#8217;edil d&#8217;Esports, Vicente Alberola, el corredor i membre de Pigeon Runner, Juan Carlos Esteso, i la presidenta de la Fundaci\u00f3 de l&#8217;Esport Il\u00b7licit\u00e0, Raquel Rosique, presenten la projecci\u00f3 [&hellip;]<\/p>\n","protected":false},"author":131,"featured_media":173524,"comment_status":"closed","ping_status":"closed","sticky":false,"template":"","format":"standard","meta":{"footnotes":""},"categories":[187,391,1312],"tags":[],"class_list":["post-173628","post","type-post","status-publish","format-standard","has-post-thumbnail","hentry","category-esports","category-home-va","category-noticias-va"],"_links":{"self":[{"href":"https:\/\/www.elche.es\/va\/wp-json\/wp\/v2\/posts\/173628","targetHints":{"allow":["GET"]}}],"collection":[{"href":"https:\/\/www.elche.es\/va\/wp-json\/wp\/v2\/posts"}],"about":[{"href":"https:\/\/www.elche.es\/va\/wp-json\/wp\/v2\/types\/post"}],"author":[{"embeddable":true,"href":"https:\/\/www.elche.es\/va\/wp-json\/wp\/v2\/users\/131"}],"replies":[{"embeddable":true,"href":"https:\/\/www.elche.es\/va\/wp-json\/wp\/v2\/comments?post=173628"}],"version-history":[{"count":0,"href":"https:\/\/www.elche.es\/va\/wp-json\/wp\/v2\/posts\/173628\/revisions"}],"wp:featuredmedia":[{"embeddable":true,"href":"https:\/\/www.elche.es\/va\/wp-json\/wp\/v2\/media\/173524"}],"wp:attachment":[{"href":"https:\/\/www.elche.es\/va\/wp-json\/wp\/v2\/media?parent=173628"}],"wp:term":[{"taxonomy":"category","embeddable":true,"href":"https:\/\/www.elche.es\/va\/wp-json\/wp\/v2\/categories?post=173628"},{"taxonomy":"post_tag","embeddable":true,"href":"https:\/\/www.elche.es\/va\/wp-json\/wp\/v2\/tags?post=173628"}],"curies":[{"name":"wp","href":"https:\/\/api.w.org\/{rel}","templated":true}]}}