{"id":173642,"date":"2021-11-24T14:47:49","date_gmt":"2021-11-24T13:47:49","guid":{"rendered":"https:\/\/www.elche.es\/2021\/11\/mes-dun-centenar-de-joves-participen-en-una-conferencia-sobre-sexualitat-saludable-impulsada-per-la-regidoria-de-sanitat-i-per-creu-roja\/"},"modified":"2021-11-24T14:47:50","modified_gmt":"2021-11-24T13:47:50","slug":"mes-dun-centenar-de-joves-participen-en-una-conferencia-sobre-sexualitat-saludable-impulsada-per-la-regidoria-de-sanitat-i-per-creu-roja","status":"publish","type":"post","link":"https:\/\/www.elche.es\/va\/2021\/11\/mes-dun-centenar-de-joves-participen-en-una-conferencia-sobre-sexualitat-saludable-impulsada-per-la-regidoria-de-sanitat-i-per-creu-roja\/","title":{"rendered":"M\u00e9s d&#8217;un centenar de joves participen en una confer\u00e8ncia sobre sexualitat saludable impulsada per la Regidoria de Sanitat i per Creu Roja"},"content":{"rendered":"<div class=\"wpb-content-wrapper\"><p>[vc_row el_id=&#8221;SUBTITULAR_NOTICIA&#8221;][vc_column][vc_column_text]<\/p>\n<hr \/>\n<h4>L&#8217;activitat, que ha tingut lloc a l&#8217;edifici Innova de la Universitat Miguel Hern\u00e1ndez d&#8217;Elx, ha comptat amb la intervenci\u00f3 de la sex\u00f2loga, psic\u00f2loga i <em>youtuber<\/em> Nayara Malnero<\/h4>\n<hr \/>\n<p>[\/vc_column_text][\/vc_column][\/vc_row][vc_row][vc_column][vc_column_text]M\u00e9s d&#8217;un centenar de joves han participat aquest mat\u00ed en una confer\u00e8ncia formativa sobre sexualitat saludable. Una activitat, impulsada per la Regidoria de Sanitat de l&#8217;Ajuntament d&#8217;Elx i per Creu Roja de la m\u00e0 de la psic\u00f2loga i <em>youtuber<\/em> Nayara Malnero, que ha tingut lloc a l&#8217;edifici Innova de la Universitat Miguel Hern\u00e1ndez d&#8217;Elx. Durant la trobada, a la qual van ser presents tamb\u00e9 el delegat de Creu Roja a Elx, Antonio Ram\u00f3n Guilabert, i la responsable de l&#8217;\u00e0rea de joventut, Patricia Mora,<strong> s&#8217;ha indagat tant en la import\u00e0ncia de fomentar una sexualitat lliure i ben informada<\/strong>, com en la prevenci\u00f3 de les malalties de transmissi\u00f3 sexual.<\/p>\n<p>La confer\u00e8ncia ha comptat amb la intervenci\u00f3 de Nayara Malnero, experta en la mat\u00e8ria i coneguda com a <em>youtuber<\/em> amb mig mili\u00f3 de seguidors. A m\u00e9s, \u00e9s sex\u00f2loga, <em>sexcoach<\/em>, creadora de la comunitat en l\u00ednia \u2018Sexperimentando\u2019 \u2013la m\u00e9s influent sobre aquest tema en llengua espanyola\u2013 i col\u00b7laboradora al programa de TVE \u2018Saber Vivir\u2019. Malnero ha reiterat la rellev\u00e0ncia d&#8217;ensenyar els joves que <strong>\u201cel porno \u00e9s nom\u00e9s ci\u00e8ncia-ficci\u00f3 de la sexualitat humana i per a res \u00e9s un referent en educaci\u00f3\u201d<\/strong>. Aix\u00ed mateix, ha lamentat que hui dia seguisquen augmentat els casos d&#8217;infeccions per transmissi\u00f3 sexual i ha fet una crida a pares i a mares perqu\u00e8 <strong>\u201centre tots puguem trencar amb aquest tema tab\u00fa i normalitzar-lo en la societat\u201d.<\/strong>[\/vc_column_text][\/vc_column][\/vc_row][vc_row el_id=&#8221;TEXTO_NOTICIA&#8221;][vc_column][vc_column_text][\/vc_column_text][\/vc_column][\/vc_row][vc_row el_id=&#8221;DESTACADO_NOTICIA&#8221;][vc_column][vc_column_text el_class=&#8221;cuadronoticia&#8221;]<\/p>\n<h5>La regidora de l&#8217;\u00e0rea, Mariola Galiana, assenyala que amb aquesta iniciativa es pret\u00e9n que la joventut aprenga a identificar la difer\u00e8ncia entre pornografia i una relaci\u00f3 afectiva, aix\u00ed com fomentar l&#8217;\u00fas correcte del preservatiu<\/h5>\n<p>[\/vc_column_text][\/vc_column][\/vc_row][vc_row][vc_column][vc_column_text]Tal com ha explicat Mariola Galiana, \u201cl&#8217;objectiu d&#8217;aquesta jornada \u00e9s traslladar a la joventut il\u00b7licitana els coneixements per a gaudir d&#8217;una sexualitat agradable i segura, en un context en el qual els experts aleten de l&#8217;abundant consum de pornografia a trav\u00e9s d&#8217;internet en els \u00faltims anys\u201d. Segons ha detallat l&#8217;edil, en la majoria d&#8217;ocasions, els adolescents confonen el porno com un model a seguir. En aquest sentit, l&#8217;edil ha assenyalat <strong>que amb aquesta iniciativa es pret\u00e9n que els joves aprenguen a identificar la difer\u00e8ncia entre pornografia i una relaci\u00f3 afectiva.<\/strong><\/p>\n<p>A m\u00e9s, Galiana ha apuntat que <strong>es fomentar\u00e0 el correcte \u00fas del cond\u00f3<\/strong>, que, segons indiquen els experts, ha descendit entre la joventut. \u201cEl preservatiu continua sent el gran mitj\u00e0 de prevenci\u00f3 no sols d&#8217;embarassos indesitjats, sin\u00f3 tamb\u00e9 de malalties de transmissi\u00f3 sexual com el Virus del Papil\u00b7loma Hum\u00e0 (VPH) i el VIH\u201d, ha assenyalat.<\/p>\n<p>Aix\u00ed mateix, l&#8217;edil ha incidit que es tracta d&#8217;<strong>empoderar la dona amb eines perqu\u00e8 aprenga a dir \u201cno\u201d<\/strong> davant una situaci\u00f3 inc\u00f2moda i, a la seua vegada, de donar <strong>pautes d&#8217;empatia als homes cap a la seua parella<\/strong> amb l&#8217;objectiu que les relacions sexuals siguen consentides\u201d.<\/p>\n<hr \/>\n<p>[\/vc_column_text][\/vc_column][\/vc_row][vc_row type=&#8221;flexslider_slide&#8221; interval=&#8221;5&#8243; source=&#8221;media_library&#8221; images=&#8221;&#8221; img_size=&#8221;full&#8221; external_img_size=&#8221;&#8221; onclick=&#8221;link_image&#8221; custom_links_target=&#8221;_self&#8221; el_class=&#8221;galerianoticia&#8221; title=&#8221;&#8221; custom_srcs=&#8221;&#8221; custom_links=&#8221;&#8221;][vc_column][vc_gallery type=&#8221;flexslider_slide&#8221; interval=&#8221;5&#8243; images=&#8221;173587,173589&#8243; img_size=&#8221;full&#8221; el_class=&#8221;galerianoticia&#8221;][\/vc_column][\/vc_row][vc_row][vc_column width=&#8221;1\/6&#8243;][\/vc_column][vc_column width=&#8221;2\/3&#8243;]<audio class=\"sc_audio\" src=\"https:\/\/soundcloud.com\/ayuntamiento-de-elche\/la-concejala-de-sanidad-mariola-galiana-sobre-la-conferencia-de-sexualidad-saludable?si=c65bb50494fe48d1b41251cc08863146\" width=\"\" height=\"\"><\/audio>[\/vc_column][vc_column width=&#8221;1\/6&#8243;][\/vc_column][\/vc_row][vc_row][vc_column width=&#8221;1\/6&#8243;][\/vc_column][vc_column width=&#8221;2\/3&#8243;]<audio class=\"sc_audio\" src=\"https:\/\/soundcloud.com\/ayuntamiento-de-elche\/youtuber-nayara-malnero-sobre-la-conferencia-de-sexualidad-saludable?si=54b7d3bc9999452eb526e89b324aa0fb\" width=\"\" height=\"\"><\/audio>[\/vc_column][vc_column width=&#8221;1\/6&#8243;][\/vc_column][\/vc_row]<\/p>\n<\/div>","protected":false},"excerpt":{"rendered":"<p>[vc_row el_id=&#8221;SUBTITULAR_NOTICIA&#8221;][vc_column][vc_column_text] L&#8217;activitat, que ha tingut lloc a l&#8217;edifici Innova de la Universitat Miguel Hern\u00e1ndez d&#8217;Elx, ha comptat amb la intervenci\u00f3 de la sex\u00f2loga, psic\u00f2loga i youtuber Nayara Malnero [\/vc_column_text][\/vc_column][\/vc_row][vc_row][vc_column][vc_column_text]M\u00e9s [&hellip;]<\/p>\n","protected":false},"author":131,"featured_media":173586,"comment_status":"closed","ping_status":"closed","sticky":false,"template":"","format":"standard","meta":{"footnotes":""},"categories":[391,1312,893],"tags":[],"class_list":["post-173642","post","type-post","status-publish","format-standard","has-post-thumbnail","hentry","category-home-va","category-noticias-va","category-sanidad-va"],"_links":{"self":[{"href":"https:\/\/www.elche.es\/va\/wp-json\/wp\/v2\/posts\/173642","targetHints":{"allow":["GET"]}}],"collection":[{"href":"https:\/\/www.elche.es\/va\/wp-json\/wp\/v2\/posts"}],"about":[{"href":"https:\/\/www.elche.es\/va\/wp-json\/wp\/v2\/types\/post"}],"author":[{"embeddable":true,"href":"https:\/\/www.elche.es\/va\/wp-json\/wp\/v2\/users\/131"}],"replies":[{"embeddable":true,"href":"https:\/\/www.elche.es\/va\/wp-json\/wp\/v2\/comments?post=173642"}],"version-history":[{"count":0,"href":"https:\/\/www.elche.es\/va\/wp-json\/wp\/v2\/posts\/173642\/revisions"}],"wp:featuredmedia":[{"embeddable":true,"href":"https:\/\/www.elche.es\/va\/wp-json\/wp\/v2\/media\/173586"}],"wp:attachment":[{"href":"https:\/\/www.elche.es\/va\/wp-json\/wp\/v2\/media?parent=173642"}],"wp:term":[{"taxonomy":"category","embeddable":true,"href":"https:\/\/www.elche.es\/va\/wp-json\/wp\/v2\/categories?post=173642"},{"taxonomy":"post_tag","embeddable":true,"href":"https:\/\/www.elche.es\/va\/wp-json\/wp\/v2\/tags?post=173642"}],"curies":[{"name":"wp","href":"https:\/\/api.w.org\/{rel}","templated":true}]}}