{"id":173740,"date":"2021-11-25T14:22:47","date_gmt":"2021-11-25T13:22:47","guid":{"rendered":"https:\/\/www.elche.es\/2021\/11\/linforme-del-secretari-sobre-les-exhumacions-conclou-que-es-tracta-duna-irregularitat-administrativa-motivada-per-un-error-tecnic-i-que-no-hi-ha-responsabilitat-penal-ni\/"},"modified":"2021-11-26T10:18:18","modified_gmt":"2021-11-26T09:18:18","slug":"linforme-del-secretari-sobre-les-exhumacions-conclou-que-es-tracta-duna-irregularitat-administrativa-motivada-per-un-error-tecnic-i-que-no-hi-ha-responsabilitat-penal-ni","status":"publish","type":"post","link":"https:\/\/www.elche.es\/va\/2021\/11\/linforme-del-secretari-sobre-les-exhumacions-conclou-que-es-tracta-duna-irregularitat-administrativa-motivada-per-un-error-tecnic-i-que-no-hi-ha-responsabilitat-penal-ni\/","title":{"rendered":"L&#8217;informe del secretari sobre les exhumacions conclou que es tracta d&#8217;una \u201cirregularitat administrativa\u201d motivada per un error t\u00e8cnic i que \u201cno hi ha responsabilitat penal ni perjudici econ\u00f2mic\u201d"},"content":{"rendered":"<div class=\"wpb-content-wrapper\"><p>[vc_row el_id=&#8221;SUBTITULAR_NOTICIA&#8221;][vc_column][vc_column_text]<\/p>\n<hr \/>\n<h4>El document assenyala que la falta d&#8217;experi\u00e8ncia en els t\u00e8cnics intervinents, la urg\u00e8ncia requerida per les conselleries i els errors de redacci\u00f3 de les bases quant a les compet\u00e8ncies, han sigut els components del que sens dubte \u00e9s una \u201cirregularitat administrativa\u201d<\/h4>\n<hr \/>\n<p>[\/vc_column_text][\/vc_column][\/vc_row][vc_row][vc_column]<a href=\"https:\/\/www.elche.es\/wp-content\/uploads\/2021\/11\/INFORME-SECRETARIO-EXHUMACIONES.pdf\" target=\"_blank\" class=\"sc_button sc_button_square sc_button_style_filled style_original sc_button_size_large aligncenter btndentronoticia margin_top_small margin_right_huge margin_bottom_small margin_left_huge\">Informe del secretari sobre les exhumacions<\/a>[\/vc_column][\/vc_row][vc_row el_id=&#8221;TEXTO_FIN_NOTICIA&#8221;][vc_column][vc_column_text]L&#8217;informe de Secretaria de l&#8217;Ajuntament realitzat per enc\u00e0rrec de l&#8217;alcalde per a detallar les circumst\u00e0ncies que van motivar l&#8217;inici de les obres d&#8217;exhumaci\u00f3 al Cementeri Vell sense finalitzar la tramitaci\u00f3 del corresponent contracte menor, conclou que <strong>tot va ser causa d\u2019una irregularitat administrativa i que en cap cas existeix responsabilitat penal ni administrativa<\/strong>.<\/p>\n<p>Segons es s\u2019inclou en l&#8217;escrit de Secretaria, \u201cla falta d&#8217;experi\u00e8ncia en els t\u00e8cnics intervinents, la urg\u00e8ncia requerida per les conselleries i els errors de redacci\u00f3 de les bases quant a les compet\u00e8ncies, han sigut, segons el parer de qui subscriu, <strong>els components del que sens dubte \u00e9s una irregularitat administrativa, que no s&#8217;hauria d&#8217;haver produ\u00eft<\/strong>; si b\u00e9, de l&#8217;an\u00e0lisi realitzat no es detecta cap actuaci\u00f3 que comporte responsabilitat administrativa o penal, ni tampoc ha existit perjudici econ\u00f2mic derivat d&#8217;aquesta\u201d.<\/p>\n<p>Tal com s&#8217;especifica a l&#8217;informe \u201cl&#8217;equivocada qualificaci\u00f3 dels treballs de cara a la seua contractaci\u00f3 com a contracte menor d&#8217;obres, aix\u00ed com la no detecci\u00f3 de l&#8217;errata en la redacci\u00f3 de les bases quant a la compet\u00e8ncia, en el que sens dubte <strong>ha incidit el relleu de la persona responsable de la contractaci\u00f3 a l&#8217;\u00e0rea de Cultura<\/strong>, han resultat determinants perqu\u00e8 l&#8217;expedient de contractaci\u00f3 no se substanciara i perqu\u00e8 els treballs resultaren escomesos per l&#8217;empresa sense contracte\u201d.<\/p>\n<p>El secretari municipal <strong>al seu escrit narra la cronologia dels fets esdevinguts<\/strong>, aix\u00ed com les mesures que van ser preses per part de la Regidoria de Cultura en el moment en qu\u00e8 es va detectar l&#8217;error en la tramitaci\u00f3 de l&#8217;expedient. Aix\u00ed es va dictaminar que, pels t\u00e8cnics actuants, arque\u00f2leg municipal i el TAG (T\u00e8cnic d&#8217;Administraci\u00f3 General) de Cultura, s&#8217;emeteren informes detallats de les seues actuacions. Aix\u00ed mateix, es va procedir a la paralitzaci\u00f3 immediata dels treballs, la qual cosa comportaria la notificaci\u00f3 a l&#8217;empresa per part del responsable dels treballs, el t\u00e8cnic arque\u00f2leg municipal. D&#8217;altra banda, es va procedir a la liquidaci\u00f3 dels treballs fins a eixe punt realitzats per l&#8217;empresa Dakkar, per al seu posterior reconeixement i pagament, pel fet de constar la realitzaci\u00f3 d\u2019aquestos resulta necessari el seu abonament, ja que la falta de pagament suposaria una situaci\u00f3 d&#8217;enriquiment injust. I en all\u00f2 referit a la contractaci\u00f3 dels treballs, com que no era corregible a posteriori all\u00f2 realitzat, i com que els treballs s&#8217;havien realitzat, nom\u00e9s procediria el tr\u00e0mit de reconeixement de la factura davant la Junta de Govern Local, conforme al procediment establit en el 28 del RD 424\/ 2017, per haver sigut realitzats sense contracte.<\/p>\n<p>L&#8217;Equip de Govern, en nom de la transpar\u00e8ncia, <strong>ha rem\u00e9s aquest informe als grups pol\u00edtics municipals a trav\u00e9s de la Seu Electr\u00f2nica<\/strong>.<\/p>\n<hr \/>\n<p>&nbsp;<\/p>\n<p>[\/vc_column_text][\/vc_column][\/vc_row]<\/p>\n<\/div>","protected":false},"excerpt":{"rendered":"<p>[vc_row el_id=&#8221;SUBTITULAR_NOTICIA&#8221;][vc_column][vc_column_text] El document assenyala que la falta d&#8217;experi\u00e8ncia en els t\u00e8cnics intervinents, la urg\u00e8ncia requerida per les conselleries i els errors de redacci\u00f3 de les bases quant a les [&hellip;]<\/p>\n","protected":false},"author":131,"featured_media":157849,"comment_status":"closed","ping_status":"closed","sticky":false,"template":"","format":"standard","meta":{"footnotes":""},"categories":[193,391,1312],"tags":[],"class_list":["post-173740","post","type-post","status-publish","format-standard","has-post-thumbnail","hentry","category-cultura-va","category-home-va","category-noticias-va"],"_links":{"self":[{"href":"https:\/\/www.elche.es\/va\/wp-json\/wp\/v2\/posts\/173740","targetHints":{"allow":["GET"]}}],"collection":[{"href":"https:\/\/www.elche.es\/va\/wp-json\/wp\/v2\/posts"}],"about":[{"href":"https:\/\/www.elche.es\/va\/wp-json\/wp\/v2\/types\/post"}],"author":[{"embeddable":true,"href":"https:\/\/www.elche.es\/va\/wp-json\/wp\/v2\/users\/131"}],"replies":[{"embeddable":true,"href":"https:\/\/www.elche.es\/va\/wp-json\/wp\/v2\/comments?post=173740"}],"version-history":[{"count":0,"href":"https:\/\/www.elche.es\/va\/wp-json\/wp\/v2\/posts\/173740\/revisions"}],"wp:featuredmedia":[{"embeddable":true,"href":"https:\/\/www.elche.es\/va\/wp-json\/wp\/v2\/media\/157849"}],"wp:attachment":[{"href":"https:\/\/www.elche.es\/va\/wp-json\/wp\/v2\/media?parent=173740"}],"wp:term":[{"taxonomy":"category","embeddable":true,"href":"https:\/\/www.elche.es\/va\/wp-json\/wp\/v2\/categories?post=173740"},{"taxonomy":"post_tag","embeddable":true,"href":"https:\/\/www.elche.es\/va\/wp-json\/wp\/v2\/tags?post=173740"}],"curies":[{"name":"wp","href":"https:\/\/api.w.org\/{rel}","templated":true}]}}