{"id":173781,"date":"2021-11-25T15:23:28","date_gmt":"2021-11-25T14:23:28","guid":{"rendered":"https:\/\/www.elche.es\/2021\/11\/gran-acolliment-despiritu-sagrado-de-chema-garcia-en-la-seua-preestrena-al-gran-teatre\/"},"modified":"2021-11-25T15:23:28","modified_gmt":"2021-11-25T14:23:28","slug":"gran-acolliment-despiritu-sagrado-de-chema-garcia-en-la-seua-preestrena-al-gran-teatre","status":"publish","type":"post","link":"https:\/\/www.elche.es\/va\/2021\/11\/gran-acolliment-despiritu-sagrado-de-chema-garcia-en-la-seua-preestrena-al-gran-teatre\/","title":{"rendered":"Gran acolliment d\u2019\u2018Esp\u00edritu Sagrado\u2019 de Chema Garc\u00eda en la seua preestrena al Gran Teatre"},"content":{"rendered":"<div class=\"wpb-content-wrapper\"><p>[vc_row el_id=&#8221;TEXTO_FIN_NOTICIA&#8221;][vc_column][vc_column_text]L&#8217;alcalde d&#8217;Elx, Carlos Gonz\u00e1lez, i els regidors Marga Ant\u00f3n, Esther D\u00edez i Felip S\u00e0nchez van assistir anit al Gran Teatre a la preestrena d\u2019<em>Esp\u00edritu Sagrado<\/em> del director il\u00b7licit\u00e0 Chema Garc\u00eda Ibarra. Un llargmetratge que <strong>no deixa de collir \u00e8xits en cert\u00e0mens tant nacionals com internacionals, com \u00e9s el cas de l&#8217;esment especial del jurat al Festival de Locarno<\/strong>.<\/p>\n<p>Al seu primer llargmetratge, Chema Garc\u00eda planteja una hist\u00f2ria d&#8217;ovnis carregada de situacions c\u00f2miques que se succeeixen enfront d&#8217;altres inquietants. <strong>Una hist\u00f2ria que es desenvolupa al barri il\u00b7licit\u00e0 de Carr\u00fas i que est\u00e0 interpretada per actors i per actrius d&#8217;Elx no professionals<\/strong>.<\/p>\n<p><em>Esp\u00edritu Sagrado<\/em> compta la hist\u00f2ria de Jos\u00e9 Manuel i de la resta de membres de l&#8217;associaci\u00f3 ufol\u00f2gica Ovni-Levante, que intercanvien informaci\u00f3 sobre missatges extraterrestres i abduccions. Julio, el seu l\u00edder, mor inesperadament i deixa Jos\u00e9 Manuel (Nacho Fern\u00e1ndez) <strong>com l&#8217;\u00fanic coneixedor del secret c\u00f2smic que pot alterar l&#8217;esdevenir hum\u00e0<\/strong>. Mentrestant, a Espanya es busca una xiqueta que va desapar\u00e9ixer fa setmanes\u2026<\/p>\n<p>El mateix Chema Garc\u00eda, aix\u00ed com els actors i les actrius de la pel\u00b7l\u00edcula van assistir a la preestrena de la pel\u00b7l\u00edcula i <strong>van rebre l&#8217;aplaudiment un\u00e0nime del p\u00fablic<\/strong>.<\/p>\n<hr \/>\n<p>&nbsp;<\/p>\n<p>[\/vc_column_text][\/vc_column][\/vc_row][vc_row type=&#8221;flexslider_slide&#8221; interval=&#8221;5&#8243; source=&#8221;media_library&#8221; images=&#8221;&#8221; img_size=&#8221;full&#8221; external_img_size=&#8221;&#8221; onclick=&#8221;link_image&#8221; custom_links_target=&#8221;_self&#8221; el_class=&#8221;galerianoticia&#8221; title=&#8221;&#8221; custom_srcs=&#8221;&#8221; custom_links=&#8221;&#8221;][vc_column][vc_gallery type=&#8221;flexslider_slide&#8221; interval=&#8221;5&#8243; images=&#8221;173765,173767,173769&#8243; img_size=&#8221;full&#8221; el_class=&#8221;galerianoticia&#8221;][\/vc_column][\/vc_row][vc_row][vc_column width=&#8221;1\/6&#8243;][\/vc_column][vc_column width=&#8221;2\/3&#8243;]<audio class=\"sc_audio\" src=\"\" width=\"\" height=\"\"><\/audio>[\/vc_column][vc_column width=&#8221;1\/6&#8243;][\/vc_column][\/vc_row]<\/p>\n<\/div>","protected":false},"excerpt":{"rendered":"<p>[vc_row el_id=&#8221;TEXTO_FIN_NOTICIA&#8221;][vc_column][vc_column_text]L&#8217;alcalde d&#8217;Elx, Carlos Gonz\u00e1lez, i els regidors Marga Ant\u00f3n, Esther D\u00edez i Felip S\u00e0nchez van assistir anit al Gran Teatre a la preestrena d\u2019Esp\u00edritu Sagrado del director il\u00b7licit\u00e0 Chema [&hellip;]<\/p>\n","protected":false},"author":131,"featured_media":173764,"comment_status":"closed","ping_status":"closed","sticky":false,"template":"","format":"standard","meta":{"footnotes":""},"categories":[2864,193],"tags":[],"class_list":["post-173781","post","type-post","status-publish","format-standard","has-post-thumbnail","hentry","category-breus","category-cultura-va"],"_links":{"self":[{"href":"https:\/\/www.elche.es\/va\/wp-json\/wp\/v2\/posts\/173781","targetHints":{"allow":["GET"]}}],"collection":[{"href":"https:\/\/www.elche.es\/va\/wp-json\/wp\/v2\/posts"}],"about":[{"href":"https:\/\/www.elche.es\/va\/wp-json\/wp\/v2\/types\/post"}],"author":[{"embeddable":true,"href":"https:\/\/www.elche.es\/va\/wp-json\/wp\/v2\/users\/131"}],"replies":[{"embeddable":true,"href":"https:\/\/www.elche.es\/va\/wp-json\/wp\/v2\/comments?post=173781"}],"version-history":[{"count":0,"href":"https:\/\/www.elche.es\/va\/wp-json\/wp\/v2\/posts\/173781\/revisions"}],"wp:featuredmedia":[{"embeddable":true,"href":"https:\/\/www.elche.es\/va\/wp-json\/wp\/v2\/media\/173764"}],"wp:attachment":[{"href":"https:\/\/www.elche.es\/va\/wp-json\/wp\/v2\/media?parent=173781"}],"wp:term":[{"taxonomy":"category","embeddable":true,"href":"https:\/\/www.elche.es\/va\/wp-json\/wp\/v2\/categories?post=173781"},{"taxonomy":"post_tag","embeddable":true,"href":"https:\/\/www.elche.es\/va\/wp-json\/wp\/v2\/tags?post=173781"}],"curies":[{"name":"wp","href":"https:\/\/api.w.org\/{rel}","templated":true}]}}