{"id":174096,"date":"2021-11-26T16:02:34","date_gmt":"2021-11-26T15:02:34","guid":{"rendered":"https:\/\/www.elche.es\/2021\/11\/tall-de-carril-en-carrer-clara-de-campoamor\/"},"modified":"2021-11-26T16:02:34","modified_gmt":"2021-11-26T15:02:34","slug":"tall-de-carril-en-carrer-clara-de-campoamor","status":"publish","type":"post","link":"https:\/\/www.elche.es\/va\/2021\/11\/tall-de-carril-en-carrer-clara-de-campoamor\/","title":{"rendered":"TALL DE CARRIL EN CARRER CLARA DE CAMPOAMOR"},"content":{"rendered":"<p>Dilluns 29 de novembre es tallar\u00e0 un carril de circulaci\u00f3 del carrer Clara Campoamor, a l&#8217;altura del n\u00famero 8 i sentit cap al carrer Vict\u00f2ria Kent, amb motiu d&#8217;obertura d&#8217;una rasa<\/p>\n<p>L&#8217;horari aproximat de tall ser\u00e0 de 09.30 a 13.30 hores.<\/p>\n","protected":false},"excerpt":{"rendered":"<p>Dilluns 29 de novembre es tallar\u00e0 un carril de circulaci\u00f3 del carrer Clara Campoamor, a l&#8217;altura del n\u00famero 8 i sentit cap al carrer Vict\u00f2ria Kent, amb motiu d&#8217;obertura d&#8217;una [&hellip;]<\/p>\n","protected":false},"author":77,"featured_media":174090,"comment_status":"closed","ping_status":"closed","sticky":false,"template":"","format":"standard","meta":{"footnotes":""},"categories":[882,1323],"tags":[],"class_list":["post-174096","post","type-post","status-publish","format-standard","has-post-thumbnail","hentry","category-incidencies-i-avisos","category-policia-local-trafico-va"],"_links":{"self":[{"href":"https:\/\/www.elche.es\/va\/wp-json\/wp\/v2\/posts\/174096","targetHints":{"allow":["GET"]}}],"collection":[{"href":"https:\/\/www.elche.es\/va\/wp-json\/wp\/v2\/posts"}],"about":[{"href":"https:\/\/www.elche.es\/va\/wp-json\/wp\/v2\/types\/post"}],"author":[{"embeddable":true,"href":"https:\/\/www.elche.es\/va\/wp-json\/wp\/v2\/users\/77"}],"replies":[{"embeddable":true,"href":"https:\/\/www.elche.es\/va\/wp-json\/wp\/v2\/comments?post=174096"}],"version-history":[{"count":0,"href":"https:\/\/www.elche.es\/va\/wp-json\/wp\/v2\/posts\/174096\/revisions"}],"wp:featuredmedia":[{"embeddable":true,"href":"https:\/\/www.elche.es\/va\/wp-json\/wp\/v2\/media\/174090"}],"wp:attachment":[{"href":"https:\/\/www.elche.es\/va\/wp-json\/wp\/v2\/media?parent=174096"}],"wp:term":[{"taxonomy":"category","embeddable":true,"href":"https:\/\/www.elche.es\/va\/wp-json\/wp\/v2\/categories?post=174096"},{"taxonomy":"post_tag","embeddable":true,"href":"https:\/\/www.elche.es\/va\/wp-json\/wp\/v2\/tags?post=174096"}],"curies":[{"name":"wp","href":"https:\/\/api.w.org\/{rel}","templated":true}]}}