{"id":174684,"date":"2021-12-01T14:20:37","date_gmt":"2021-12-01T13:20:37","guid":{"rendered":"https:\/\/www.elche.es\/2021\/12\/bicielx-arriba-a-lavinguda-dalacant-amb-lestacio-numero-47\/"},"modified":"2021-12-01T14:20:48","modified_gmt":"2021-12-01T13:20:48","slug":"bicielx-arriba-a-lavinguda-dalacant-amb-lestacio-numero-47","status":"publish","type":"post","link":"https:\/\/www.elche.es\/va\/2021\/12\/bicielx-arriba-a-lavinguda-dalacant-amb-lestacio-numero-47\/","title":{"rendered":"BiciElx arriba a l&#8217;avinguda d&#8217;Alacant amb l&#8217;estaci\u00f3 n\u00famero 47"},"content":{"rendered":"<div class=\"wpb-content-wrapper\"><p>[vc_row el_id=&#8221;SUBTITULAR_NOTICIA&#8221;][vc_column][vc_column_text]<\/p>\n<hr>\n<h4>L&#8217;edil de Mobilitat Sostenible, Esther D\u00edez, dona a con\u00e9ixer aquest nou punt, que s&#8217;emmarca dins de la fase d&#8217;expansi\u00f3 amb la qual la Regidoria pret\u00e9n ampliar el servei de lloguer de bicicletes al municipi<\/h4>\n<hr>\n<p>[\/vc_column_text][\/vc_column][\/vc_row][vc_row el_id=&#8221;TEXTO_NOTICIA&#8221;][vc_column][vc_column_text]<\/p>\n<p>La regidora de Mobilitat Sostenible de l&#8217;Ajuntament d&#8217;Elx, Esther D\u00edez, ha donat a con\u00e9ixer aquest mat\u00ed <strong>l&#8217;estaci\u00f3 n\u00famero 47 de BiciElx a l&#8217;avinguda d&#8217;Alacant<\/strong>. Un nou punt que s&#8217;emmarca dins de la fase d&#8217;expansi\u00f3 amb la qual la <strong>Regidoria de Mobilitat instal\u00b7lar\u00e0 noves estacions<\/strong> perqu\u00e8 m\u00e9s il\u00b7licitans i il\u00b7licitanes disposen d&#8217;aquest servei p\u00fablic de lloguer de bicicletes prop de les seues cases.<\/p>\n<p>[\/vc_column_text][\/vc_column][\/vc_row][vc_row type=&#8221;flexslider_slide&#8221; interval=&#8221;5&#8243; source=&#8221;media_library&#8221; images=&#8221;&#8221; img_size=&#8221;full&#8221; external_img_size=&#8221;&#8221; onclick=&#8221;link_image&#8221; custom_links_target=&#8221;_self&#8221; el_class=&#8221;galerianoticia&#8221; title=&#8221;&#8221; custom_srcs=&#8221;&#8221; custom_links=&#8221;&#8221;][vc_column][vc_gallery type=&#8221;flexslider_slide&#8221; interval=&#8221;5&#8243; images=&#8221;174602,174604,174606,174608&#8243; img_size=&#8221;full&#8221; el_class=&#8221;galerianoticia&#8221;][\/vc_column][\/vc_row][vc_row][vc_column][vc_column_text]<\/p>\n<p>A m\u00e9s, D\u00edez ha destacat que en aquesta ocasi\u00f3 s&#8217;ha triat l&#8217;avinguda d&#8217;Alacant per a instal\u00b7lar aquesta estaci\u00f3 de BiciElx perqu\u00e8 en uns mesos<strong> s&#8217;instal\u00b7lar\u00e0 un nou el carril bici en aquesta via que discorrer\u00e0 per enmig de la cal\u00e7ada fins a la Ciutat Esportiva<\/strong>. \u201cUna actuaci\u00f3 que garantir\u00e0 els ve\u00efns i les ve\u00efnes d&#8217;Altabix una infraestructura segura amb la qual poder despla\u00e7ar-se\u201d, ha indicat la regidora, que ha assegurat que \u201cl&#8217;impuls de la mobilitat ciclista \u00e9s una de les estrat\u00e8gies clau del Govern Municipal per a lluitar contra l&#8217;emerg\u00e8ncia clim\u00e0tica, per a millorar la qualitat de l&#8217;aire, i per a afavorir el benestar de la ciutadania\u201d.<\/p>\n<p>[\/vc_column_text][\/vc_column][\/vc_row][vc_row el_id=&#8221;DESTACADO_NOTICIA&#8221;][vc_column][vc_column_text el_class=&#8221;cuadronoticia&#8221;]<\/p>\n<h5>Esther D\u00edez destaca que s&#8217;ha triat aquesta via perqu\u00e8 en uns mesos es posar\u00e0 en marxa un nou carril bici que discorrer\u00e0 per enmig de la cal\u00e7ada fins a la Ciutat Esportiva<\/h5>\n<p>[\/vc_column_text][\/vc_column][\/vc_row][vc_row el_id=&#8221;TEXTO_FIN_NOTICIA&#8221;][vc_column][vc_column_text]<\/p>\n<p>D&#8217;altra banda, Esther D\u00edez ha anunciat que la setmana vinent <strong>es posar\u00e0 en marxa una nova estaci\u00f3 de BiciElx a l&#8217;entorn del col\u00b7legi p\u00fablic L&#8217;Assumpci\u00f3<\/strong>, que donar\u00e0 servei als ve\u00efns de l&#8217;entorn. Aix\u00ed mateix, ha apuntat que <strong>s&#8217;ha fet un pas m\u00e9s en la licitaci\u00f3 del carril bici de Pere Joan Perpiny\u00e0<\/strong> i ha destacat que est\u00e0 previst que en uns dies es duguen a terme nous avan\u00e7os en la licitaci\u00f3 del de l&#8217;avinguda d&#8217;Alacant.<\/p>\n<hr>\n<p><br data-mce-bogus=\"1\"><\/p>\n<p>[\/vc_column_text][\/vc_column][\/vc_row][vc_row][vc_column width=&#8221;1\/6&#8243;][\/vc_column][vc_column width=&#8221;2\/3&#8243;]<\/p>\n<audio class=\"sc_audio\" src=\"https:\/\/soundcloud.com\/ayuntamiento-de-elche\/esther-diez-en-la-presentacion-de-las-nuevos-puntos-bicielx?si=b143f3b705d5471abdb64d101d057c91\" width=\"\" height=\"\"><\/audio>\n<p>[\/vc_column][vc_column width=&#8221;1\/6&#8243;][\/vc_column][\/vc_row]<\/p>\n<\/div>","protected":false},"excerpt":{"rendered":"<p>[vc_row el_id=&#8221;SUBTITULAR_NOTICIA&#8221;][vc_column][vc_column_text] L&#8217;edil de Mobilitat Sostenible, Esther D\u00edez, dona a con\u00e9ixer aquest nou punt, que s&#8217;emmarca dins de la fase d&#8217;expansi\u00f3 amb la qual la Regidoria pret\u00e9n ampliar el servei [&hellip;]<\/p>\n","protected":false},"author":131,"featured_media":174612,"comment_status":"closed","ping_status":"closed","sticky":false,"template":"","format":"standard","meta":{"footnotes":""},"categories":[391,217,1312],"tags":[],"class_list":["post-174684","post","type-post","status-publish","format-standard","has-post-thumbnail","hentry","category-home-va","category-mobilitat","category-noticias-va"],"_links":{"self":[{"href":"https:\/\/www.elche.es\/va\/wp-json\/wp\/v2\/posts\/174684","targetHints":{"allow":["GET"]}}],"collection":[{"href":"https:\/\/www.elche.es\/va\/wp-json\/wp\/v2\/posts"}],"about":[{"href":"https:\/\/www.elche.es\/va\/wp-json\/wp\/v2\/types\/post"}],"author":[{"embeddable":true,"href":"https:\/\/www.elche.es\/va\/wp-json\/wp\/v2\/users\/131"}],"replies":[{"embeddable":true,"href":"https:\/\/www.elche.es\/va\/wp-json\/wp\/v2\/comments?post=174684"}],"version-history":[{"count":0,"href":"https:\/\/www.elche.es\/va\/wp-json\/wp\/v2\/posts\/174684\/revisions"}],"wp:featuredmedia":[{"embeddable":true,"href":"https:\/\/www.elche.es\/va\/wp-json\/wp\/v2\/media\/174612"}],"wp:attachment":[{"href":"https:\/\/www.elche.es\/va\/wp-json\/wp\/v2\/media?parent=174684"}],"wp:term":[{"taxonomy":"category","embeddable":true,"href":"https:\/\/www.elche.es\/va\/wp-json\/wp\/v2\/categories?post=174684"},{"taxonomy":"post_tag","embeddable":true,"href":"https:\/\/www.elche.es\/va\/wp-json\/wp\/v2\/tags?post=174684"}],"curies":[{"name":"wp","href":"https:\/\/api.w.org\/{rel}","templated":true}]}}