{"id":174885,"date":"2021-12-02T12:42:47","date_gmt":"2021-12-02T11:42:47","guid":{"rendered":"https:\/\/www.elche.es\/2021\/12\/dotze-establiments-acosten-a-la-ciutadania-els-productes-de-tardor-del-camp-delx-en-unes-jornades-que-es-desenvoluparan-fins-al-12-de-desembre\/"},"modified":"2021-12-02T12:42:48","modified_gmt":"2021-12-02T11:42:48","slug":"dotze-establiments-acosten-a-la-ciutadania-els-productes-de-tardor-del-camp-delx-en-unes-jornades-que-es-desenvoluparan-fins-al-12-de-desembre","status":"publish","type":"post","link":"https:\/\/www.elche.es\/va\/2021\/12\/dotze-establiments-acosten-a-la-ciutadania-els-productes-de-tardor-del-camp-delx-en-unes-jornades-que-es-desenvoluparan-fins-al-12-de-desembre\/","title":{"rendered":"Dotze establiments acosten a la ciutadania els productes de tardor del Camp d\u2019Elx en unes jornades que es desenvoluparan fins al 12 de desembre"},"content":{"rendered":"<div class=\"wpb-content-wrapper\"><p>[vc_row el_id=&#8221;SUBTITULAR_NOTICIA&#8221;][vc_column][vc_column_text]<\/p>\n<h4>La iniciativa, impulsada per les regidories de Desenvolupament Rural i de Comer\u00e7 en col\u00b7laboraci\u00f3 amb les entitats hostaleres, agr\u00e0ries i ramaderes del municipi, pret\u00e9n impulsar l&#8217;activitat econ\u00f2mica i potenciar la qualitat dels productes de proximitat<\/h4>\n<hr \/>\n<p>[\/vc_column_text][\/vc_column][\/vc_row][vc_row el_id=&#8221;TEXTO_FIN_NOTICIA&#8221;][vc_column][vc_column_text]Amb el doble objectiu d&#8217;estar al costat de l&#8217;hostaleria i de potenciar els productes aut\u00f2ctons, l&#8217;Ajuntament d&#8217;Elx, a trav\u00e9s de les regidories de Desenvolupament Rural i de Comer\u00e7 en col\u00b7laboraci\u00f3 de les entitats hostaleres, agr\u00e0ries i ramaderes del municipi, ha impulsat les <strong>Jornades Gastron\u00f2miques de Tardor de Productes del Camp d\u2019Elx, que tindran lloc del 2 al 12 de desembre<\/strong>. El <strong>regidor de l&#8217;\u00e0rea, Felip S\u00e0nchez<\/strong>, ha assenyalat que l&#8217;objectiu que t\u00e9 aquesta iniciativa \u00e9s servir com a impulsor de l&#8217;activitat econ\u00f2mica al municipi i com a atractiu per a la ciutadania, aix\u00ed com potenciar la qualitat dels productes de proximitat.<\/p>\n<p>En aquesta edici\u00f3, dotze establiments d&#8217;hostaleria introduiran en la seua oferta gastron\u00f2mica<strong> productes de la temporada de tardor<\/strong> en la qual seran protagonistes les magranes, els d\u00e0tils, les taronges o les carxofes.<\/p>\n<p>Concretament, <strong>han participat<\/strong>: Ecovegan Happy, Cafeteria Fama, El Galgo Restaurant, Restaurant Matola, Pizzeria Cambra, Bar Cafeteria Tipuana, El Fog\u00f3n Ilicitano Centro, Diagonal i Sector V, restaurant El Raval, restaurant Martino i Taper\u00eda Roots.[\/vc_column_text][\/vc_column][\/vc_row][vc_row source=&#8221;media_library&#8221; image=&#8221;&#8221; img_size=&#8221;full&#8221; external_img_size=&#8221;&#8221; add_caption=&#8221;&#8221; alignment=&#8221;left&#8221; style=&#8221;&#8221; external_style=&#8221;&#8221; border_color=&#8221;grey&#8221; external_border_color=&#8221;grey&#8221; onclick=&#8221;link_image&#8221; img_link_target=&#8221;_self&#8221; el_class=&#8221;fotounicanoticia&#8221; title=&#8221;&#8221; custom_src=&#8221;&#8221; caption=&#8221;&#8221; link=&#8221;&#8221; img_link_large=&#8221;&#8221;][vc_column][vc_single_image image=&#8221;174869&#8243; img_size=&#8221;full&#8221; onclick=&#8221;link_image&#8221; el_class=&#8221;fotounicanoticia&#8221;][\/vc_column][\/vc_row][vc_row][vc_column][vc_column_text]A m\u00e9s, l&#8217;esdeveniment <strong>s&#8217;ha ampliat enguany a dos caps de setmana i ha comptat amb la col\u00b7laboraci\u00f3<\/strong> de l&#8217;Associaci\u00f3 d&#8217;Hostaleria, de la Plataforma d&#8217;Hostaleria Il\u00b7licitana, de la Uni\u00f3 de Llauradors i Ramaders d&#8217;Elx, de l&#8217;Organitzaci\u00f3 Agr\u00e0ria Joves Agricultors Asaja, de l&#8217;Associaci\u00f3 de productors de d\u00e0tils del Camp d\u2019Elx, de l&#8217;Associaci\u00f3 d&#8217;Empreses Tur\u00edstiques d&#8217;Elx (Aete), de l&#8217;Associaci\u00f3 d&#8217;Empreses de Serveis (Aesec), de la Comunitat de Regants de Canyissars d&#8217;Elx i de l&#8217;Associaci\u00f3 per al Desenvolupament Rural del Camp d\u2019Elx.<\/p>\n<p>El regidor ha fet una crida a la responsabilitat per a evitar possibles contagis per coronavirus i ha recordat que, <strong>a partir del divendres 3 de desembre, s&#8217;implantar\u00e0 el certificat Covid a l&#8217;hostaleria<\/strong>. \u201cUna mesura que no evita que la ciutadania puga acudir a consumir el producte local als establiments, sempre que respecte les mesures sanit\u00e0ries\u201d, ha assenyalat l&#8217;edil.<\/p>\n<p>Per part seua, la <strong>presidenta de la Plataforma d&#8217;Hostaleria Il\u00b7licitana, Paqui Solves<\/strong>, ha agra\u00eft la implicaci\u00f3 de l&#8217;Ajuntament en aquestes jornades. \u201cAquesta iniciativa \u00e9s una aut\u00e8ntica oportunitat per a crear sinergies entre el Camp d\u2019Elx i l&#8217;hostaleria que hem de fomentar dia a dia perqu\u00e8 no quede en l&#8217;oblit\u201d, ha apuntat.<\/p>\n<p>Aix\u00ed mateix, el <strong>president de la Uni\u00f3 de Llauradors i Ramaders d&#8217;Elx, Santiago Pascual<\/strong>, ha mostrat la seua gratitud per \u201cobrir-nos les portes dels consumidors per a poder explicar a la ciutadania la situaci\u00f3 que travessa el sector\u201d.<\/p>\n<hr \/>\n<p>[\/vc_column_text][\/vc_column][\/vc_row][vc_row][vc_column width=&#8221;1\/2&#8243;]<audio class=\"sc_audio\" src=\"https:\/\/soundcloud.com\/ayuntamiento-de-elche\/felip-sanchez-en-las-jornadas-gastronomicas-de-prodcuctos-del-camp-delx?si=f77aecd5d1a24c439317e2639166422d\" width=\"\" height=\"\"><\/audio>[\/vc_column][vc_column width=&#8221;1\/2&#8243;]<audio class=\"sc_audio\" src=\"https:\/\/soundcloud.com\/ayuntamiento-de-elche\/santiago-pascual-en-las-jornadas-gastronomicas-de-prodcuctos-del-camp-delx?si=0b83c7b55d114e9c84d4d4733bfbac62\" width=\"\" height=\"\"><\/audio>[\/vc_column][\/vc_row][vc_row][vc_column width=&#8221;1\/6&#8243;][\/vc_column][vc_column width=&#8221;2\/3&#8243;]<audio class=\"sc_audio\" src=\"https:\/\/soundcloud.com\/ayuntamiento-de-elche\/paqui-solves-en-las-jornadas-gastronomicas-de-prodcuctos-del-camp-delx?si=30b076652bae4942bf28a330f9c973ee\" width=\"\" height=\"\"><\/audio>[\/vc_column][vc_column width=&#8221;1\/6&#8243;][\/vc_column][\/vc_row]<\/p>\n<\/div>","protected":false},"excerpt":{"rendered":"<p>[vc_row el_id=&#8221;SUBTITULAR_NOTICIA&#8221;][vc_column][vc_column_text] La iniciativa, impulsada per les regidories de Desenvolupament Rural i de Comer\u00e7 en col\u00b7laboraci\u00f3 amb les entitats hostaleres, agr\u00e0ries i ramaderes del municipi, pret\u00e9n impulsar l&#8217;activitat econ\u00f2mica i [&hellip;]<\/p>\n","protected":false},"author":131,"featured_media":174868,"comment_status":"closed","ping_status":"closed","sticky":false,"template":"","format":"standard","meta":{"footnotes":""},"categories":[2636,2716,391,1312],"tags":[],"class_list":["post-174885","post","type-post","status-publish","format-standard","has-post-thumbnail","hentry","category-comerc-va","category-desenvolupament-rural-va","category-home-va","category-noticias-va"],"_links":{"self":[{"href":"https:\/\/www.elche.es\/va\/wp-json\/wp\/v2\/posts\/174885","targetHints":{"allow":["GET"]}}],"collection":[{"href":"https:\/\/www.elche.es\/va\/wp-json\/wp\/v2\/posts"}],"about":[{"href":"https:\/\/www.elche.es\/va\/wp-json\/wp\/v2\/types\/post"}],"author":[{"embeddable":true,"href":"https:\/\/www.elche.es\/va\/wp-json\/wp\/v2\/users\/131"}],"replies":[{"embeddable":true,"href":"https:\/\/www.elche.es\/va\/wp-json\/wp\/v2\/comments?post=174885"}],"version-history":[{"count":0,"href":"https:\/\/www.elche.es\/va\/wp-json\/wp\/v2\/posts\/174885\/revisions"}],"wp:featuredmedia":[{"embeddable":true,"href":"https:\/\/www.elche.es\/va\/wp-json\/wp\/v2\/media\/174868"}],"wp:attachment":[{"href":"https:\/\/www.elche.es\/va\/wp-json\/wp\/v2\/media?parent=174885"}],"wp:term":[{"taxonomy":"category","embeddable":true,"href":"https:\/\/www.elche.es\/va\/wp-json\/wp\/v2\/categories?post=174885"},{"taxonomy":"post_tag","embeddable":true,"href":"https:\/\/www.elche.es\/va\/wp-json\/wp\/v2\/tags?post=174885"}],"curies":[{"name":"wp","href":"https:\/\/api.w.org\/{rel}","templated":true}]}}