{"id":175533,"date":"2021-12-07T11:11:06","date_gmt":"2021-12-07T10:11:06","guid":{"rendered":"https:\/\/www.elche.es\/2021\/12\/lajuntament-delx-acull-un-emotiu-dia-de-la-constitucio-amb-una-gran-ovacio-a-la-conferenciant-i-ram-dor-olga-fuentes\/"},"modified":"2021-12-07T11:36:24","modified_gmt":"2021-12-07T10:36:24","slug":"lajuntament-delx-acull-un-emotiu-dia-de-la-constitucio-amb-una-gran-ovacio-a-la-conferenciant-i-ram-dor-olga-fuentes","status":"publish","type":"post","link":"https:\/\/www.elche.es\/va\/2021\/12\/lajuntament-delx-acull-un-emotiu-dia-de-la-constitucio-amb-una-gran-ovacio-a-la-conferenciant-i-ram-dor-olga-fuentes\/","title":{"rendered":"L&#8217;Ajuntament d&#8217;Elx acull un emotiu Dia de la Constituci\u00f3 amb una gran ovaci\u00f3 a la conferenciant i Ram d\u2019Or Olga Fuentes"},"content":{"rendered":"<div class=\"wpb-content-wrapper\"><p>[vc_row el_id=&#8221;SUBTITULAR_NOTICIA&#8221;][vc_column][vc_column_text]<\/p>\n<hr \/>\n<h4>La catedr\u00e0tica de Dret Processal advoca al Sal\u00f3 de Plens durant la seua confer\u00e8ncia magistral \u2018La Constituci\u00f3n de la igualdad\u2019 al fet que el text s&#8217;adapte a les noves exig\u00e8ncies socials per a no morir d&#8217;\u00e8xit<\/h4>\n<hr \/>\n<p>[\/vc_column_text][\/vc_column][\/vc_row][vc_row el_id=&#8221;TEXTO_NOTICIA&#8221;][vc_column][vc_column_text]L&#8217;Ajuntament d&#8217;Elx ha acollit <strong>un emotiu Dia de la Constituci\u00f3 amb una gran ovaci\u00f3 a la conferenciant i Ram d\u2019Or Olga Fuentes. La catedr\u00e0tica, distingida amb el Ram d\u2019Or<\/strong> durant l&#8217;acte institucional celebrat al Sal\u00f3 de Plens, ha oferit en la confer\u00e8ncia magistral \u2018La Constituci\u00f3n de la igualdad\u2019.<\/p>\n<p>En la cita del quarant\u00e9 tercer aniversari de la Carta Magna, que ha arrancat a les 12.30 hores amb l&#8217;himne d&#8217;Elx davant aproximadament 150 convidats, l&#8217;alcalde, Carlos Gonz\u00e1lez, ha afirmat que \u201c<strong>\u00e9s una necessitat imperiosa complir els mandats constitucionals\u201d i ha recalcat que en el context pol\u00edtic actual el debat no \u00e9s la reforma del text, sin\u00f3 assegurar el normal funcionament de l&#8217;Estat de Dret<\/strong>. Encara que ha reconegut que \u201chi ha un consens quasi un\u00e0nime, de tots els operadors jur\u00eddics i pol\u00edtics del nostre pa\u00eds, sobre la necessitat d&#8217;impulsar la seua reforma\u201d.[\/vc_column_text][\/vc_column][\/vc_row][vc_row type=&#8221;flexslider_slide&#8221; interval=&#8221;5&#8243; source=&#8221;media_library&#8221; images=&#8221;&#8221; img_size=&#8221;full&#8221; external_img_size=&#8221;&#8221; onclick=&#8221;link_image&#8221; custom_links_target=&#8221;_self&#8221; el_class=&#8221;galerianoticia&#8221; title=&#8221;&#8221; custom_srcs=&#8221;&#8221; custom_links=&#8221;&#8221;][vc_column][vc_gallery type=&#8221;flexslider_slide&#8221; interval=&#8221;5&#8243; images=&#8221;175456,175452,175450,175448,175446,175434,175436,175438,175440,175442,175444,175432,175430,175428,175426,175424,175422,175410,175412,175414,175416,175418,175408&#8243; img_size=&#8221;full&#8221; el_class=&#8221;galerianoticia&#8221;][\/vc_column][\/vc_row][vc_row][vc_column][vc_column_text]A m\u00e9s, l&#8217;alcalde ha dit que \u201cresulta <strong>crucial renovar el Consell General del Poder Judicial, el mandat del qual porta m\u00e9s de 1.000 dies expirats per falta d&#8217;acord<\/strong>, la qual cosa constitueix una anomalia constitucional greu i injustificable que repercuteix en el funcionament del nostre sistema judicial; i que, es vulga o no, deteriora la salut del nostre Estat de Dret i, per tant, de la nostra qualitat democr\u00e0tica\u201d.[\/vc_column_text][\/vc_column][\/vc_row][vc_row el_id=&#8221;DESTACADO_NOTICIA&#8221;][vc_column][vc_column_text el_class=&#8221;cuadronoticia&#8221;]<\/p>\n<h5>A l&#8217;acte institucional tamb\u00e9 van ser distingits amb la Medalla de Plata del Bimil\u00b7lenari Consuelo Maci\u00e1; Grupo Ant\u00f3n Comunicaci\u00f3n; projecte \u2018Hamelin\u2019, Objectiu 2030\u2019 de l&#8217;IES La Foia; Mar\u00eda Isabel Aci\u00e9n; Santiago Ule; PLD Space; la Coordinadora Feminista i el Parc Cient\u00edfic de la UMH<\/h5>\n<p>[\/vc_column_text][\/vc_column][\/vc_row][vc_row][vc_column][vc_column_text]Gonz\u00e1lez, que ha reafirmat la Constituci\u00f3 Espanyola com \u201c<strong>un gran pacte per la conviv\u00e8ncia entre els espanyols que ha possibilitat el per\u00edode en pau i en llibertat m\u00e9s extens mai conegut per Espanya; i el canvi pol\u00edtic, econ\u00f2mic i cultural m\u00e9s intens en la nostra hist\u00f2ria<\/strong>\u201d, ha recordat que aquesta \u201cva suposar la reconciliaci\u00f3 entre els espanyols, basada en el pluralisme pol\u00edtic, en el di\u00e0leg, en el respecte i en la toler\u00e0ncia\u201d.<\/p>\n<p>\u201cEl 43 aniversari de la nostra Constituci\u00f3 <strong>suposa enaltir la vital import\u00e0ncia que ha tingut per a l&#8217;extensi\u00f3 dels drets fonamentals i de les llibertats p\u00fabliques<\/strong>, per a afavorir el progr\u00e9s econ\u00f2mic individual i col\u00b7lectiu, i per a convertir Espanya en la democr\u00e0cia europea avan\u00e7ada, moderna i oberta que \u00e9s hui\u201d, ha continuat i ha enumerat els assoliments que des de 1978 fins hui ha aconseguit la societat espanyola en el marc constitucional vigent; des de la integraci\u00f3 europea a la successi\u00f3 de la Prefectura de l&#8217;Estat, passant per acabar amb la xacra terrorista, per consolidar l&#8217;Estat del Benestar, per fer front al desafiament independentista o per afrontar la crisi de 2008, entre altres episodis.[\/vc_column_text][\/vc_column][\/vc_row][vc_row][vc_column][vc_column_text el_class=&#8221;cuadronoticia&#8221;]<\/p>\n<h5>L&#8217;alcalde, Carlos Gonz\u00e1lez, reafirma que la Carta Magna \u00e9s \u201cun gran pacte per la conviv\u00e8ncia dels espanyols\u201d, i defensa que \u201c\u00e9s una necessitat imperiosa complir els mandats constitucionals\u201d en un context pol\u00edtic el debat del qual no \u00e9s la seua reforma, sin\u00f3 assegurar el normal funcionament de l&#8217;Estat de Dret<\/h5>\n<p>[\/vc_column_text][\/vc_column][\/vc_row][vc_row el_id=&#8221;TEXTO_FIN_NOTICIA&#8221;][vc_column][vc_column_text]El regidor, igualment, ha emfatitzat el valor de la cultura de l&#8217;acord, del di\u00e0leg i del sentit d&#8217;Estat que personifica la Carta Magna per al progr\u00e9s social, i <strong>ha rebutjat \u201cla polaritzaci\u00f3, el dogmatisme, l&#8217;extremisme i el populisme tan freq\u00fcents hui dia i que s\u00f3n manifestament incompatibles amb l&#8217;esperit institucional\u201d<\/strong>.<\/p>\n<h5>Ram d\u2019Or<\/h5>\n<p>Gonz\u00e1lez ha distingit amb el R<strong>am d\u2019Or la catedr\u00e0tica de Dret Processal de la UMH Olga Fuentes<\/strong>, \u201cpossiblement una de les juristes m\u00e9s eminents que ha donat aquesta ciutat\u201d. A continuaci\u00f3, l&#8217;acad\u00e8mica <strong>ha oferit la confer\u00e8ncia magistral \u2018La Constituci\u00f3n de la igualdad\u2019<\/strong>, en la qual ha parlat sobre el context en la qual es va ratificar el text jur\u00eddic i ha aprofundit en el concepte d&#8217;igualtat; en concret, s&#8217;ha referit a la igualtat entre homes i dones, de tractament sense discriminaci\u00f3 per ra\u00f3 de sexe, <strong>\u201cals enormes avan\u00e7os reeixits per la Constituci\u00f3 en aquesta mat\u00e8ria i al cam\u00ed que encara queda per caminar\u201d<\/strong>, malgrat que la Carta Magna, ha adm\u00e9s, \u201cha sigut criticada amb freq\u00fc\u00e8ncia, especialment en els \u00faltims temps, per haver relegat la dona\u201d.<\/p>\n<p>Fuentes ha recordat que <strong>\u201cla igualtat real i efectiva est\u00e0 lluny d&#8217;aconseguir-se\u201d<\/strong>; i que per a construir una democr\u00e0cia avan\u00e7ada la Constituci\u00f3 \u201cva dirigir un mandat clar als poders p\u00fablics: el de remoure els obstacles que impediren o dificultaren l&#8217;assoliment real i efectiu de la igualtat. El compliment d&#8217;eixe mandat \u00e9s la seua obligaci\u00f3 i si l&#8217;incompleixen\u2026 estan incomplint la Constituci\u00f3\u201d. <strong>La catedr\u00e0tica ha subratllat que els canvis socials sobre aquest tema des de 1978 \u201chan sigut possibles gr\u00e0cies al fet que la Constituci\u00f3 els va obrir la porta<\/strong>\u201d, per\u00f2 que no va poder contemplar altres mat\u00e8ries \u201cperqu\u00e8, simplement, va n\u00e0ixer en una altra \u00e8poca\u201d i ha posat com a exemples \u201calguns aspectes relatius al dret a l&#8217;educaci\u00f3, a la revoluci\u00f3 digital, a determinades q\u00fcestions relacionades amb la salut reproductiva o als reptes que planteja l&#8217;arribada de dones d&#8217;altres cultures i latituds\u201d.<\/p>\n<p>Per aix\u00f2, <strong>ha advocat al fet que la Constituci\u00f3 s&#8217;adapte a les noves exig\u00e8ncies socials per a no convertir-se en una r\u00e8mora i morir d&#8217;\u00e8xit<\/strong>. \u201cConscient d&#8217;aquesta realitat, el Constituent de 1978 va introduir en la Carta Magna els seus propis mecanismes de reforma\u201d, de fet, va dedicar tot el T\u00edtol X a establir les vies per les quals pot ser legal i leg\u00edtimament modificar-se\u201d, ha puntualitzat. \u201cPer aix\u00f2 vull apel\u00b7lar a una reflexi\u00f3 serena sobre eixa<strong> necess\u00e0ria reforma; per a evitar que un text massa r\u00edgid es convertisca en una pres\u00f3 per als desitjos d&#8217;una joventut que ha d&#8217;integrar-se en la cohesi\u00f3 que promou la nostra Carta Magna<\/strong>\u201d, ha agregat.<\/p>\n<p>Amb un curr\u00edculum aclaparador, tal com ha elogiat Gonz\u00e1lez, ha glossat la destacada carrera de Fuentes, que va obtindre la seua llicenciatura i el doctorat a la UA amb premi extraordinari i excel\u00b7lent<em> cum laude<\/em>, respectivament. A m\u00e9s, va exercir el c\u00e0rrec de magistrada suplent de l&#8217;Audi\u00e8ncia Provincial durant 15 anys i es va convertir en assessora del ministre de Just\u00edcia entre 2004 i 2006. Aix\u00ed mateix, ha participat en la Subcomissi\u00f3 Especial de la Comissi\u00f3 General de Codificaci\u00f3 per a l&#8217;elaboraci\u00f3 d&#8217;un nou Codi Processal Penal i en la Comissi\u00f3 de Reforma de l&#8217;Estatut Org\u00e0nic del Ministeri Fiscal, posterior llei 24\/2007. Premi al talent docent en les tres \u00faltimes edicions, \u00e9s conferenciant i autora de nombroses publicacions; a m\u00e9s, \u00e9s directora del m\u00e0ster universitari d&#8217;Advocacia de la UMH des de 2012.<\/p>\n<h5>Medalla de Plata del Bimil\u00b7lenari<\/h5>\n<p>D&#8217;altra banda,<strong> membres de l&#8217;Equip de Govern han sigut els encarregats d&#8217;entregar les Medalles de Plata del Bimil\u00b7lenari.<\/strong> L&#8217;edil Mar\u00eda Jos\u00e9 Mart\u00ednez, a Consuelo Maci\u00e1 pel seu treball que l&#8217;ha portada a quedar finalista en el reconeixement a Millor Docent d&#8217;Espanya 2021 i Premi Europeu a la Innovaci\u00f3 Metodol\u00f2gica; Esther D\u00edez, al Grupo Ant\u00f3n Comunicaci\u00f3n, representat a l&#8217;acte per Antonio Ant\u00f3n i per Mar\u00eda Teresa Puntes, amb motiu del seixanta aniversari de la mercantil a l&#8217;avantguarda publicit\u00e0ria local; Ram\u00f3n Abad, al projecte d&#8217;innovaci\u00f3 educativa \u2018Hamelin, Objectivo 2030\u2019, de l&#8217;IES La Foia, representat per la seua directora i pel vicedirector del centre, Assumpci\u00f3 Tormo i Enrique Lomas; i, Mariola Galiana, a la cap de Ginecologia de l&#8217;Hospital de Sant Joan i professora de la UMH, Mar\u00eda Isabel Aci\u00e9n, per les seues investigacions relatives a patologies del sistema reproductiu.<\/p>\n<p>La regidora Marga Ant\u00f3n <strong>ha entregat el guard\u00f3 a t\u00edtol p\u00f2stum al funcionari municipal, amant de la cultura il\u00b7licitana i exvicepresident del Patronat del Misteri d\u2019Elx, Santiago Ule, que va morir recentment<\/strong>, que va ser recollit per la seua v\u00eddua, Aida Mart\u00ednez, i per la seua filla, Aida Ule. L&#8217;edil Carles Molina, a PLD Space, al cofundador i al president executiu \u2013Ra\u00fal Verd\u00fa i Ezequiel S\u00e1nchez\u2013 de la marca convertida en referent nacional de la ind\u00fastria aeroespacial amb el primer coet de fabricaci\u00f3 espanyola; Mariano Valera, a la Coordinadora Feminista d&#8217;Elx, representada per Marisol Bleda, per la seua lluita per la igualtat i pels drets de les dones; i, H\u00e9ctor D\u00edez, al Parc Cient\u00edfic de la UMH, a la seua directora gerent, Antonia Salinas, per les seues aportacions a la diversificaci\u00f3 econ\u00f2mica, al canvi de model productiu i a la transfer\u00e8ncia de coneixement a la localitat.<\/p>\n<p>Carlos Gonz\u00e1lez, que ha manifestat els assistents a l&#8217;esdeveniment institucional i el p\u00fablic que l&#8217;ha seguit per televisi\u00f3 i per <em>streaming<\/em> que \u201cl&#8217;inter\u00e9s de tots vost\u00e9s li atorga aut\u00e8ntic sentit i valor a aquesta solemne commemoraci\u00f3\u201d. Ha finalitzat amb <strong>paraules d&#8217;enhorabona als premiats i ha expressat \u201cl&#8217;afecte i el pesar\u201d cap a les fam\u00edlies dels il\u00b7licitans i de les il\u00b7licitanes que \u201chan perdut la vida o que han patit en les seues carns les fat\u00eddiques conseq\u00fc\u00e8ncies del coronavirus<\/strong>\u201d. Tamb\u00e9 ha reconegut el poble il\u00b7licit\u00e0 \u201cper l&#8217;extraordin\u00e0ria responsabilitat, maduresa i disciplina mostrada davant les complexes vicissituds ocasionades per la pand\u00e8mia\u201d, i la seua gratitud als professionals sanitaris, d&#8217;emerg\u00e8ncies i de les Forces i Cossos de Seguretat de l&#8217;Estat \u201cles tasques dels quals han sigut absolutament essencials\u201d.<\/p>\n<p><strong>L&#8217;acte ha concl\u00f2s entre aplaudiments i amb els acords de l&#8217;himne nacional.<\/strong><\/p>\n<hr \/>\n<p>[\/vc_column_text][\/vc_column][\/vc_row][vc_row type=&#8221;square&#8221; style_color=&#8221;original&#8221; style=&#8221;filled&#8221; size=&#8221;large&#8221; icon=&#8221;inherit&#8221; color=&#8221;&#8221; bg_color=&#8221;&#8221; align=&#8221;center&#8221; link=&#8221;&#8221; target=&#8221;_blank&#8221; popup=&#8221;&#8221; rel=&#8221;&#8221; id=&#8221;&#8221; class=&#8221;btndentronoticia&#8221; animation=&#8221;none&#8221; width=&#8221;&#8221; height=&#8221;&#8221; top=&#8221;small&#8221; bottom=&#8221;small&#8221; left=&#8221;huge&#8221; right=&#8221;huge&#8221;][vc_column]<a href=\"https:\/\/www.elche.es\/wp-content\/uploads\/2021\/11\/DISCURSO-ALCALDE-DIA-DE-LA-CONSTITUCION-2021.pdf\" target=\"_blank\" class=\"sc_button sc_button_square sc_button_style_filled style_original sc_button_size_large aligncenter btndentronoticia margin_top_small margin_right_huge margin_bottom_small margin_left_huge\">Descarrega el discurs de l&#8217;alcalde<\/a>[\/vc_column][\/vc_row][vc_row type=&#8221;square&#8221; style_color=&#8221;original&#8221; style=&#8221;filled&#8221; size=&#8221;large&#8221; icon=&#8221;inherit&#8221; color=&#8221;&#8221; bg_color=&#8221;&#8221; align=&#8221;center&#8221; link=&#8221;&#8221; target=&#8221;_blank&#8221; popup=&#8221;&#8221; rel=&#8221;&#8221; id=&#8221;&#8221; class=&#8221;btndentronoticia&#8221; animation=&#8221;none&#8221; width=&#8221;&#8221; height=&#8221;&#8221; top=&#8221;small&#8221; bottom=&#8221;small&#8221; left=&#8221;huge&#8221; right=&#8221;huge&#8221;][vc_column]<a href=\"https:\/\/www.elche.es\/wp-content\/uploads\/2021\/11\/CONFERENCIA-MAGISTRAL-OLGA-FUENTES.pdf\" target=\"_blank\" class=\"sc_button sc_button_square sc_button_style_filled style_original sc_button_size_large aligncenter btndentronoticia margin_top_small margin_right_huge margin_bottom_small margin_left_huge\">Descarrega el discurs d&#8217;Olga Fuentes<\/a>[\/vc_column][\/vc_row][vc_row][vc_column width=&#8221;1\/2&#8243;]<audio class=\"sc_audio\" src=\"https:\/\/soundcloud.com\/ayuntamiento-de-elche\/carlos-gonzalez-en-el-acto-del-dia-de-la-constitucion?si=582cc95ee55245629c2976630f8a0d02\" width=\"\" height=\"\"><\/audio>[\/vc_column][vc_column width=&#8221;1\/2&#8243;]<audio class=\"sc_audio\" src=\"https:\/\/soundcloud.com\/ayuntamiento-de-elche\/olga-fuentes-en-el-acto-del-dia-de-la-constitucion?si=582cc95ee55245629c2976630f8a0d02\" width=\"\" height=\"\"><\/audio>[\/vc_column][\/vc_row]<\/p>\n<\/div>","protected":false},"excerpt":{"rendered":"<p>[vc_row el_id=&#8221;SUBTITULAR_NOTICIA&#8221;][vc_column][vc_column_text] La catedr\u00e0tica de Dret Processal advoca al Sal\u00f3 de Plens durant la seua confer\u00e8ncia magistral \u2018La Constituci\u00f3n de la igualdad\u2019 al fet que el text s&#8217;adapte a les [&hellip;]<\/p>\n","protected":false},"author":131,"featured_media":175455,"comment_status":"closed","ping_status":"closed","sticky":false,"template":"","format":"standard","meta":{"footnotes":""},"categories":[391,1312],"tags":[],"class_list":["post-175533","post","type-post","status-publish","format-standard","has-post-thumbnail","hentry","category-home-va","category-noticias-va"],"_links":{"self":[{"href":"https:\/\/www.elche.es\/va\/wp-json\/wp\/v2\/posts\/175533","targetHints":{"allow":["GET"]}}],"collection":[{"href":"https:\/\/www.elche.es\/va\/wp-json\/wp\/v2\/posts"}],"about":[{"href":"https:\/\/www.elche.es\/va\/wp-json\/wp\/v2\/types\/post"}],"author":[{"embeddable":true,"href":"https:\/\/www.elche.es\/va\/wp-json\/wp\/v2\/users\/131"}],"replies":[{"embeddable":true,"href":"https:\/\/www.elche.es\/va\/wp-json\/wp\/v2\/comments?post=175533"}],"version-history":[{"count":0,"href":"https:\/\/www.elche.es\/va\/wp-json\/wp\/v2\/posts\/175533\/revisions"}],"wp:featuredmedia":[{"embeddable":true,"href":"https:\/\/www.elche.es\/va\/wp-json\/wp\/v2\/media\/175455"}],"wp:attachment":[{"href":"https:\/\/www.elche.es\/va\/wp-json\/wp\/v2\/media?parent=175533"}],"wp:term":[{"taxonomy":"category","embeddable":true,"href":"https:\/\/www.elche.es\/va\/wp-json\/wp\/v2\/categories?post=175533"},{"taxonomy":"post_tag","embeddable":true,"href":"https:\/\/www.elche.es\/va\/wp-json\/wp\/v2\/tags?post=175533"}],"curies":[{"name":"wp","href":"https:\/\/api.w.org\/{rel}","templated":true}]}}