{"id":175629,"date":"2021-12-07T15:03:14","date_gmt":"2021-12-07T14:03:14","guid":{"rendered":"https:\/\/www.elche.es\/2021\/12\/lajuntament-te-en-tramitacio-la-totalitat-de-la-trentena-de-projectes-inclosos-en-els-fons-edusi\/"},"modified":"2021-12-07T15:03:15","modified_gmt":"2021-12-07T14:03:15","slug":"lajuntament-te-en-tramitacio-la-totalitat-de-la-trentena-de-projectes-inclosos-en-els-fons-edusi","status":"publish","type":"post","link":"https:\/\/www.elche.es\/va\/2021\/12\/lajuntament-te-en-tramitacio-la-totalitat-de-la-trentena-de-projectes-inclosos-en-els-fons-edusi\/","title":{"rendered":"L&#8217;Ajuntament t\u00e9 en tramitaci\u00f3 la totalitat de la trentena de projectes inclosos en els fons EDUSI"},"content":{"rendered":"<div class=\"wpb-content-wrapper\"><p>[vc_row el_id=&#8221;SUBTITULAR_NOTICIA&#8221;][vc_column][vc_column_text]<\/p>\n<hr \/>\n<h4>El Govern local t\u00e9 el 45,15% de les iniciatives licitades, cofinan\u00e7ades al 50% amb fons europeus i per l&#8217;Ajuntament i que ascendeixen a 30 milions d&#8217;euros<\/h4>\n<hr \/>\n<p>[\/vc_column_text][\/vc_column][\/vc_row][vc_row el_id=&#8221;TEXTO_FIN_NOTICIA&#8221;][vc_column][vc_column_text]L&#8217;Ajuntament d&#8217;Elx ja t\u00e9 en tramitaci\u00f3 \u2013en les seues diferents fases de licitaci\u00f3\u2013 la totalitat de la trentena de projectes inclosos en els fons EDUSI, que a <strong>Elx ascendeix a 30 milions d&#8217;euros<\/strong>. L&#8217;<strong>edil d&#8217;Urbanisme, Ana Arabid<\/strong>, ha informat de la trobada celebrada la setmana passada del Comit\u00e9 de Direcci\u00f3 dels EDUSI, a la qual es va donar compte del nivell de tramitaci\u00f3 d&#8217;expedients i es va avaluar el grau de compliment.<\/p>\n<p>Concretament, l&#8217;Ajuntament <strong>t\u00e9 iniciatives licitades per un import de 13,5 milions d&#8217;euros, un 45,15%<\/strong> del total d&#8217;Estrat\u00e8gia. D&#8217;aquesta quantitat, es troben adjudicats 4,8 milions d&#8217;euros \u2013\u00e9s a dir, un 16,15%\u2013 i materialitzats 2,7 milions, entre els quals es troben actuacions com el bescanviador de l&#8217;Hospital General, la intervenci\u00f3 a l\u2019hort de Felip, la remodelaci\u00f3 de l&#8217;Oficina de Turisme o la renovaci\u00f3 de la gespa del camp de futbol del poliesportiu de Carr\u00fas.<\/p>\n<p>\u201cLa resta de plans, pendents de licitar, es troben en tramitaci\u00f3; \u00e9s a dir, es tracta d&#8217;operacions ja dissenyades i amb projectes elaborats a l&#8217;espera de la seua tramitaci\u00f3. En alguns casos esperen la seua licitaci\u00f3 i, en uns altres, la finalitzaci\u00f3 d&#8217;una fase anterior; per exemple, a l&#8217;espera de la presentaci\u00f3 del projecte per part de l&#8217;empresa per a poder licitar l&#8217;obra, com ocorre amb el pavell\u00f3 poliesportiu, pressupostat en 7,2 milions d&#8217;euros\u201d, ha especificat Arabid, que ha subratllat que <strong>2022 i 2023 seran clau per als EDUSI, ja que es plasmar\u00e0 el treball realitzat en anys anteriors<\/strong>.<\/p>\n<p><strong>Per a 2022, el pressupost preveu la cristal\u00b7litzaci\u00f3 de projectes per 13 milions d&#8217;euros<\/strong> \u201cals quals l&#8217;Equip de Govern donar\u00e0 la m\u00e0xima prioritat amb un objectiu doble: executar-los en el termini previst i que siguen una realitat en els pr\u00f2xims dos anys\u201d, ha recalcat i ha fet refer\u00e8ncia a alguns d&#8217;aquests. Com el centre social Sant Antoni-Traval\u00f3, per 1,5 milions d&#8217;euros, en fase de presentaci\u00f3 d&#8217;ofertes; l&#8217;enjardinament de l&#8217;entorn del Cementeri Vell, per un mili\u00f3 d&#8217;euros, en licitaci\u00f3 despr\u00e9s de finalitzar el termini de presentaci\u00f3 d&#8217;ofertes; la nova ordenaci\u00f3 urbana del carrer Olegari Domarco Seller, la presentaci\u00f3 d\u2019ofertes del qual ja ha finalitzat; o la reforma del poliesportiu dels Palmerars, en licitaci\u00f3 per import de 550.000 euros.[\/vc_column_text][\/vc_column][\/vc_row][vc_row el_id=&#8221;TEXTO_NOTICIA&#8221;][vc_column][vc_column_text][\/vc_column_text][\/vc_column][\/vc_row][vc_row el_id=&#8221;DESTACADO_NOTICIA&#8221;][vc_column][vc_column_text el_class=&#8221;cuadronoticia&#8221;]<\/p>\n<h5>La regidora d&#8217;Urbanisme, Ana Arabid, informa que ara \u201centrem en fase d&#8217;execuci\u00f3 dels projectes de major envergadura amb els quals volem transformar la ciutat en 2023\u201d<\/h5>\n<p>[\/vc_column_text][\/vc_column][\/vc_row][vc_row][vc_column][vc_column_text]\u201cDespr\u00e9s d&#8217;una primera fase de disseny i d\u2019elaboraci\u00f3 dels projectes en l&#8217;\u00e0mbit dels EDUSI\u201d, ha continuat la responsable municipal, <strong>\u201centrem en fase d&#8217;execuci\u00f3 de les iniciatives de major envergadura amb les quals volem transformar la ciutat en 2023\u201d<\/strong>.<\/p>\n<h5>Comprom\u00eds amb el Ministeri d&#8217;Hisenda<\/h5>\n<p>El Ministeri d&#8217;Hisenda ha donat llum verda a operacions presentades <strong>per un import de 28,3 milions d&#8217;euros i altres es troben en tr\u00e0mit d&#8217;aprovaci\u00f3 per import de 1,4 milions<\/strong> que conformen la pr\u00e0ctica totalitat dels EDUSI, ha detallat Arabid, que ha puntualitzat que aquest pas a omplir pel Ministeri s&#8217;ha efectuat una vegada el Consistori ha introdu\u00eft tots els projectes \u2013alguns ja executats\u2013 dels EDUSI en el programa establit a aquest efecte.<\/p>\n<p>L&#8217;excepci\u00f3, una iniciativa relativa a <em>smart city<\/em> de Mobilitat sobre validaci\u00f3 i la venda electr\u00f2nica de bitllets d&#8217;autob\u00fas, per un import de 550.000 euros, <strong>que ser\u00e0 m\u00e9s ambici\u00f3s i optar\u00e0 als fons Next Generation<\/strong>. \u201cPer eixa quantitat quedaria per determinar la finalitzaci\u00f3 dels EDUSI, per la qual cosa, hem convocat una manifestaci\u00f3 d&#8217;inter\u00e9s perqu\u00e8 les diferents regidories puguen presentar projectes\u201d, ha manifestat l&#8217;edil.<\/p>\n<p>Arabid ha explicat que peri\u00f2dicament es remet informaci\u00f3 al Ministeri d&#8217;Hisenda sobre l&#8217;estat de tramitaci\u00f3 dels EDUSI a petici\u00f3 d\u2019aquest organisme. En l&#8217;\u00faltim requeriment, <strong>Hisenda va advertir el Consistori del baix \u00edndex d&#8217;execuci\u00f3 dels EDUSI en 2021<\/strong>, per la qual cosa, des de l&#8217;Ajuntament, s&#8217;han rem\u00e9s al Ministeri les previsions d&#8217;execuci\u00f3 amb el comprom\u00eds de donar-los prioritat i aix\u00ed poder realitzar-los en el termini establit.<\/p>\n<h5>Finan\u00e7ament europeu<\/h5>\n<p>Els projectes emmarcats en els EDUSI, cofinan\u00e7ats al 50% amb fons europeus i per l&#8217;Ajuntament d&#8217;Elx, <strong>busquen desenvolupar de manera sostenible i integrada les ciutats<\/strong>, per aix\u00f2, es divideixen en diferents objectius tem\u00e0tics com ara l&#8217;acc\u00e9s de la ciutadania a les tecnologies de la informaci\u00f3, la millora de la transici\u00f3 cap a una economia amb baixos nivells d&#8217;emissi\u00f3 de carboni, la conservaci\u00f3 i la protecci\u00f3 del medi ambient, la promoci\u00f3 de la inclusi\u00f3 social o la lluita contra la pobresa.<\/p>\n<hr \/>\n<p>&nbsp;<\/p>\n<p>[\/vc_column_text][\/vc_column][\/vc_row][vc_row][vc_column width=&#8221;1\/6&#8243;][\/vc_column][vc_column width=&#8221;2\/3&#8243;]<audio class=\"sc_audio\" src=\"https:\/\/soundcloud.com\/ayuntamiento-de-elche\/la-edil-de-urbanismo-ana-arabid-sobre-los-proyectos-de-la-edusi-en-elche?si=060485061d5849f0ba108c1a334fc43f&#038;utm_source=clipboard&#038;utm_medium=text&#038;utm_campaign=social_sharing\" width=\"\" height=\"\"><\/audio>[\/vc_column][vc_column width=&#8221;1\/6&#8243;][\/vc_column][\/vc_row]<\/p>\n<\/div>","protected":false},"excerpt":{"rendered":"<p>[vc_row el_id=&#8221;SUBTITULAR_NOTICIA&#8221;][vc_column][vc_column_text] El Govern local t\u00e9 el 45,15% de les iniciatives licitades, cofinan\u00e7ades al 50% amb fons europeus i per l&#8217;Ajuntament i que ascendeixen a 30 milions d&#8217;euros [\/vc_column_text][\/vc_column][\/vc_row][vc_row el_id=&#8221;TEXTO_FIN_NOTICIA&#8221;][vc_column][vc_column_text]L&#8217;Ajuntament [&hellip;]<\/p>\n","protected":false},"author":131,"featured_media":175587,"comment_status":"closed","ping_status":"closed","sticky":false,"template":"","format":"standard","meta":{"footnotes":""},"categories":[654,391,1312,210],"tags":[],"class_list":["post-175629","post","type-post","status-publish","format-standard","has-post-thumbnail","hentry","category-edusi-va","category-home-va","category-noticias-va","category-urbanisme-va"],"_links":{"self":[{"href":"https:\/\/www.elche.es\/va\/wp-json\/wp\/v2\/posts\/175629","targetHints":{"allow":["GET"]}}],"collection":[{"href":"https:\/\/www.elche.es\/va\/wp-json\/wp\/v2\/posts"}],"about":[{"href":"https:\/\/www.elche.es\/va\/wp-json\/wp\/v2\/types\/post"}],"author":[{"embeddable":true,"href":"https:\/\/www.elche.es\/va\/wp-json\/wp\/v2\/users\/131"}],"replies":[{"embeddable":true,"href":"https:\/\/www.elche.es\/va\/wp-json\/wp\/v2\/comments?post=175629"}],"version-history":[{"count":0,"href":"https:\/\/www.elche.es\/va\/wp-json\/wp\/v2\/posts\/175629\/revisions"}],"wp:featuredmedia":[{"embeddable":true,"href":"https:\/\/www.elche.es\/va\/wp-json\/wp\/v2\/media\/175587"}],"wp:attachment":[{"href":"https:\/\/www.elche.es\/va\/wp-json\/wp\/v2\/media?parent=175629"}],"wp:term":[{"taxonomy":"category","embeddable":true,"href":"https:\/\/www.elche.es\/va\/wp-json\/wp\/v2\/categories?post=175629"},{"taxonomy":"post_tag","embeddable":true,"href":"https:\/\/www.elche.es\/va\/wp-json\/wp\/v2\/tags?post=175629"}],"curies":[{"name":"wp","href":"https:\/\/api.w.org\/{rel}","templated":true}]}}