{"id":175742,"date":"2021-12-09T10:04:23","date_gmt":"2021-12-09T09:04:23","guid":{"rendered":"https:\/\/www.elche.es\/2021\/12\/el-betlem-municipal-amb-mes-de-600-figures-obri-les-seues-portes-al-public-a-lhort-del-xocolater-fins-al-9-de-gener\/"},"modified":"2021-12-09T10:04:24","modified_gmt":"2021-12-09T09:04:24","slug":"el-betlem-municipal-amb-mes-de-600-figures-obri-les-seues-portes-al-public-a-lhort-del-xocolater-fins-al-9-de-gener","status":"publish","type":"post","link":"https:\/\/www.elche.es\/va\/2021\/12\/el-betlem-municipal-amb-mes-de-600-figures-obri-les-seues-portes-al-public-a-lhort-del-xocolater-fins-al-9-de-gener\/","title":{"rendered":"El Betlem Municipal amb m\u00e9s de 600 figures obri les seues portes al p\u00fablic a l\u2019hort del Xocolater fins al 9 de gener"},"content":{"rendered":"<div class=\"wpb-content-wrapper\"><p>[vc_row el_id=&#8221;SUBTITULAR_NOTICIA&#8221;][vc_column][vc_column_text]<\/p>\n<hr \/>\n<h4>L&#8217;alcalde, Carlos Gonz\u00e1lez, assisteix juntament amb la regidora de Festes, Mariola Galiana; amb el president de l&#8217;Associaci\u00f3 de Betlemistes, Jos\u00e9 P\u00e9rez; i amb el pregoner del Nadal 2021, el periodista Manolo Alarc\u00f3n, a la inauguraci\u00f3 del naixement<\/h4>\n<hr \/>\n<p>[\/vc_column_text][\/vc_column][\/vc_row][vc_row el_id=&#8221;TEXTO_NOTICIA&#8221;][vc_column][vc_column_text]La programaci\u00f3 d&#8217;activitats nadalenques de l&#8217;Ajuntament d&#8217;Elx va arrancar la vesprada del <strong>dimarts a l&#8217;hort del Xocolater amb la inauguraci\u00f3 del Betlem Municipal, el muntatge i l&#8217;elaboraci\u00f3 del qual es realitza cada any per l&#8217;Associaci\u00f3 de Betlemistes<\/strong>. L&#8217;alcalde, Carlos Gonz\u00e1lez, ha assistit juntament amb la regidora de Festes, Mariola Galiana; amb el president de l&#8217;Associaci\u00f3 de Betlemistes, Jos\u00e9 P\u00e9rez; i amb el pregoner del Nadal 2021, el periodista Manolo Alarc\u00f3n, a aquest acte que com cada any t\u00e9 lloc durant el pont de la Pur\u00edssima. L&#8217;esdeveniment ha comptat tamb\u00e9 amb la pres\u00e8ncia de diversos membres de l&#8217;Equip de Govern i de la Corporaci\u00f3 Municipal, representants dels ens festers i de diverses entitats socials i culturals.<\/p>\n<p>El naixement, que <strong>est\u00e0 compost per m\u00e9s de 600 figures i que es podr\u00e0 visitar fins al 9 de gener<\/strong>, ha sigut qualificat per l&#8217;alcalde com \u201cel m\u00e9s bonic d&#8217;Espanya\u201d. Carlos Gonz\u00e1lez ha animat la poblaci\u00f3 a gaudir de les festes nadalenques amb responsabilitat i ha felicitat l&#8217;Associaci\u00f3 de Betlemistes per la gran labor que realitza durant tot l&#8217;any. \u201cDarrere d&#8217;aquest Betlem hi ha moltes hores de treball, il\u00b7lusi\u00f3 i afecte que ens permeten poder apreciar els detalls que es reflecteixen en cadascuna de les escenes\u201d, ha apuntat el regidor il\u00b7licit\u00e0.[\/vc_column_text][\/vc_column][\/vc_row][vc_row type=&#8221;flexslider_slide&#8221; interval=&#8221;5&#8243; source=&#8221;media_library&#8221; images=&#8221;&#8221; img_size=&#8221;full&#8221; external_img_size=&#8221;&#8221; onclick=&#8221;link_image&#8221; custom_links_target=&#8221;_self&#8221; el_class=&#8221;galerianoticia&#8221; title=&#8221;&#8221; custom_srcs=&#8221;&#8221; custom_links=&#8221;&#8221;][vc_column][vc_gallery type=&#8221;flexslider_slide&#8221; interval=&#8221;5&#8243; images=&#8221;175669,175667,175665,175663,175661,175659,175671,175673,175675,175677,175679,175681,175683,175685,175687,175689,175691,175693,175695,175697&#8243; img_size=&#8221;full&#8221; el_class=&#8221;galerianoticia&#8221;][\/vc_column][\/vc_row][vc_row][vc_column][vc_column_text]Enguany, com a novetat, els m\u00e9s xicotets <strong>no veuran Francesc Cant\u00f3 entre les figures perqu\u00e8 ser\u00e0 a la Casa del Betlem. No obstant aix\u00f2, s\u00ed que podran trobar altres peces com la Dama d&#8217;Elx<\/strong>, el pelegr\u00ed i el caganer. A m\u00e9s, per a millorar la visibilitat de l&#8217;escenari b\u00edblic durant les hores centrals del dia s&#8217;ha instal\u00b7lat uns panells de fusta que donen ombra i eviten els reflexos en el cristall.<\/p>\n<p>Per part seua, Mariola Galiana ha recordat que enguany tamb\u00e9 es desenvolupar\u00e0<strong> la campanya \u2018Llenemos el Bel\u00e9n de Solidaridad\u2019, per\u00f2 en aquesta ocasi\u00f3 es recolliran fons per als afectats pel volc\u00e0 de La Palma<\/strong>. Galiana ha convidat la ciutadania a omplir el pesebre amb productes de primera necessitat i d&#8217;aliments no peribles, que seran entregats a C\u00e0ritas per a fer-los arribar a les persones i a les fam\u00edlies que m\u00e9s ho necessiten.[\/vc_column_text][\/vc_column][\/vc_row][vc_row el_id=&#8221;DESTACADO_NOTICIA&#8221;][vc_column][vc_column_text el_class=&#8221;cuadronoticia&#8221;]<\/p>\n<h5>El responsable de l&#8217;Equip de Govern qualifica el betlem com \u201cel m\u00e9s bonic d&#8217;Espanya\u201d i felicita els betlemistes per la seua labor durant tot l&#8217;any que permet la ciutadania contemplar centenars de detalls en cadascuna de les escenes<\/h5>\n<p>[\/vc_column_text][\/vc_column][\/vc_row][vc_row el_id=&#8221;TEXTO_FIN_NOTICIA&#8221;][vc_column][vc_column_text]Jos\u00e9 P\u00e9rez, que ha agra\u00eft la col\u00b7laboraci\u00f3 de l&#8217;Ajuntament, <strong>ha destacat la import\u00e0ncia de \u201cvisualitzar el betlem sense presses\u201d i ha avan\u00e7at algunes de les escenes com la primera part del betlem<\/strong>, en la qual el visitant pot contemplar un gran mercat en el qual es venen productes de tota mena.<\/p>\n<p>Despr\u00e9s de la inauguraci\u00f3 del betlem, <strong>ha tingut lloc el tradicional acte de lectura del Preg\u00f3 del Nadal<\/strong>, al Gran Teatre, a c\u00e0rrec del periodista Manolo Alarc\u00f3n.<\/p>\n<hr \/>\n<p>[\/vc_column_text][\/vc_column][\/vc_row][vc_row][vc_column width=&#8221;1\/6&#8243;][\/vc_column][vc_column width=&#8221;2\/3&#8243;]<audio class=\"sc_audio\" src=\"\" width=\"\" height=\"\"><\/audio>[\/vc_column][vc_column width=&#8221;1\/6&#8243;][\/vc_column][\/vc_row]<\/p>\n<\/div>","protected":false},"excerpt":{"rendered":"<p>[vc_row el_id=&#8221;SUBTITULAR_NOTICIA&#8221;][vc_column][vc_column_text] L&#8217;alcalde, Carlos Gonz\u00e1lez, assisteix juntament amb la regidora de Festes, Mariola Galiana; amb el president de l&#8217;Associaci\u00f3 de Betlemistes, Jos\u00e9 P\u00e9rez; i amb el pregoner del Nadal 2021, [&hellip;]<\/p>\n","protected":false},"author":131,"featured_media":175660,"comment_status":"closed","ping_status":"closed","sticky":false,"template":"","format":"standard","meta":{"footnotes":""},"categories":[191,391,1312],"tags":[],"class_list":["post-175742","post","type-post","status-publish","format-standard","has-post-thumbnail","hentry","category-festes-va","category-home-va","category-noticias-va"],"_links":{"self":[{"href":"https:\/\/www.elche.es\/va\/wp-json\/wp\/v2\/posts\/175742","targetHints":{"allow":["GET"]}}],"collection":[{"href":"https:\/\/www.elche.es\/va\/wp-json\/wp\/v2\/posts"}],"about":[{"href":"https:\/\/www.elche.es\/va\/wp-json\/wp\/v2\/types\/post"}],"author":[{"embeddable":true,"href":"https:\/\/www.elche.es\/va\/wp-json\/wp\/v2\/users\/131"}],"replies":[{"embeddable":true,"href":"https:\/\/www.elche.es\/va\/wp-json\/wp\/v2\/comments?post=175742"}],"version-history":[{"count":0,"href":"https:\/\/www.elche.es\/va\/wp-json\/wp\/v2\/posts\/175742\/revisions"}],"wp:featuredmedia":[{"embeddable":true,"href":"https:\/\/www.elche.es\/va\/wp-json\/wp\/v2\/media\/175660"}],"wp:attachment":[{"href":"https:\/\/www.elche.es\/va\/wp-json\/wp\/v2\/media?parent=175742"}],"wp:term":[{"taxonomy":"category","embeddable":true,"href":"https:\/\/www.elche.es\/va\/wp-json\/wp\/v2\/categories?post=175742"},{"taxonomy":"post_tag","embeddable":true,"href":"https:\/\/www.elche.es\/va\/wp-json\/wp\/v2\/tags?post=175742"}],"curies":[{"name":"wp","href":"https:\/\/api.w.org\/{rel}","templated":true}]}}