{"id":175828,"date":"2021-12-09T13:19:33","date_gmt":"2021-12-09T12:19:33","guid":{"rendered":"https:\/\/www.elche.es\/2021\/12\/promocio-linguistica-envia-14-000-cartes-i-instal%c2%b7la-busties-reals-als-col%c2%b7legis-i-a-les-escoles-infantils-municipals-per-a-fomentar-lus-del-valencia\/"},"modified":"2021-12-09T13:19:34","modified_gmt":"2021-12-09T12:19:34","slug":"promocio-linguistica-envia-14-000-cartes-i-instal%c2%b7la-busties-reals-als-col%c2%b7legis-i-a-les-escoles-infantils-municipals-per-a-fomentar-lus-del-valencia","status":"publish","type":"post","link":"https:\/\/www.elche.es\/va\/2021\/12\/promocio-linguistica-envia-14-000-cartes-i-instal%c2%b7la-busties-reals-als-col%c2%b7legis-i-a-les-escoles-infantils-municipals-per-a-fomentar-lus-del-valencia\/","title":{"rendered":"Promoci\u00f3 Ling\u00fc\u00edstica envia 14.000 cartes i instal\u00b7la b\u00fasties reals als col\u00b7legis i a les escoles infantils municipals per a fomentar l&#8217;\u00fas del valenci\u00e0"},"content":{"rendered":"<div class=\"wpb-content-wrapper\"><p>[vc_row el_id=&#8221;SUBTITULAR_NOTICIA&#8221;][vc_column][vc_column_text]<\/p>\n<h4>L&#8217;alcalde, Carlos Gonz\u00e1lez, i la regidora d&#8217;Educaci\u00f3, Mar\u00eda Jos\u00e9 Mart\u00ednez, s&#8217;interessen pel desenvolupament d&#8217;aquesta iniciativa durant una recent visita als centres educatius Els Xiquets i Rosa Fern\u00e1ndez per a con\u00e9ixer els projectes que s&#8217;estan duent a terme<\/h4>\n<hr \/>\n<p>[\/vc_column_text][\/vc_column][\/vc_row][vc_row][vc_column][vc_column_text]La Regidoria de Promoci\u00f3 Ling\u00fc\u00edstica de l&#8217;Ajuntament d&#8217;Elx, dirigida per Carles Molina, a trav\u00e9s d&#8217;Aviva, <strong>l&#8217;Ag\u00e8ncia de Promoci\u00f3 del Valenci\u00e0, instal\u00b7lar\u00e0 b\u00fasties reals i repartir\u00e0 durant aquests dies al voltant de 14.000 cartes a tots els col\u00b7legis i les escoles infantils municipals<\/strong> perqu\u00e8 els m\u00e9s xicotets puguen sol\u00b7licitar els seus desitjos i regals als Reis Mags en valenci\u00e0.<\/p>\n<p>Aquesta campanya sota el t\u00edtol \u201cAls Reis d\u2019Orient\u201d, dirigida a tot l\u2019alumnat, des de l&#8217;etapa d&#8217;infantil fins a tercer de prim\u00e0ria, est\u00e0 destinada a fomentar la il\u00b7lusi\u00f3 dels escolars. Aix\u00ed mateix, es pret\u00e9n que <strong>els xiquets i les xiquetes de la ciutat es familiaritzen amb la llengua aut\u00f2ctona i l\u2019apliquen a les seues activitats di\u00e0ries amb l&#8217;objectiu d&#8217;aprendre a escriure b\u00e9<\/strong>.[\/vc_column_text][\/vc_column][\/vc_row][vc_row type=&#8221;flexslider_slide&#8221; interval=&#8221;5&#8243; source=&#8221;media_library&#8221; images=&#8221;&#8221; img_size=&#8221;full&#8221; external_img_size=&#8221;&#8221; onclick=&#8221;link_image&#8221; custom_links_target=&#8221;_self&#8221; el_class=&#8221;galerianoticia&#8221; title=&#8221;&#8221; custom_srcs=&#8221;&#8221; custom_links=&#8221;&#8221;][vc_column][vc_gallery type=&#8221;flexslider_slide&#8221; interval=&#8221;5&#8243; images=&#8221;175811,175813,175815&#8243; img_size=&#8221;full&#8221; el_class=&#8221;galerianoticia&#8221;][\/vc_column][\/vc_row][vc_row][vc_column][vc_column_text]<strong>L&#8217;alcalde, Carlos Gonz\u00e1lez, i la regidora d&#8217;Educaci\u00f3, Mar\u00eda Jos\u00e9 Mart\u00ednez,<\/strong> s&#8217;interessen pel desenvolupament d&#8217;aquesta iniciativa durant una recent visita a les escoles infantils municipals d&#8217;Els Xiquets i Rosa Mar\u00eda Fern\u00e1ndez per a con\u00e9ixer els seus projectes educatius.<\/p>\n<p>D&#8217;una banda, <strong>Els Xiquets t\u00e9 en funcionament quatre aules d&#8217;un any amb un total de 48 xiquets i xiquetes<\/strong> i cinc aules de dos anys amb un total de 75 alumnes.[\/vc_column_text][\/vc_column][\/vc_row][vc_row el_id=&#8221;TEXTO_NOTICIA&#8221;][vc_column][vc_column_text][\/vc_column_text][\/vc_column][\/vc_row][vc_row el_id=&#8221;DESTACADO_NOTICIA&#8221;][vc_column][vc_column_text el_class=&#8221;cuadronoticia&#8221;]<\/p>\n<h5>El regidor de l&#8217;\u00e0rea, Carles Molina, assenyala que \u201caquesta iniciativa \u00e9s una bona manera de posar en valor el valenci\u00e0 i de mantindre&#8217;l perqu\u00e8 no es perda el seu \u00fas, en aquest cas en l&#8217;\u00e0mbit de la il\u00b7lusi\u00f3 i de la m\u00e0gia que \u00e9s el Nadal\u201d<\/h5>\n<p>[\/vc_column_text][\/vc_column][\/vc_row][vc_row el_id=&#8221;TEXTO_FIN_NOTICIA&#8221;][vc_column][vc_column_text]D&#8217;altra banda, <strong>Rosa Fern\u00e1ndez t\u00e9 autoritzada una aula de beb\u00e9s<\/strong>, per\u00f2 no s&#8217;ha posat en funcionament per falta de demanda. En total, t\u00e9 19 xiquets i xiquetes d&#8217;un any repartits en dues aules i 56 xiquets i xiquetes de dos anys repartits en tres aules. A m\u00e9s, des del curs passat, les cinc escoles infantils compten amb dues educadores per aula en grups bambolla.<\/p>\n<p>Tant l&#8217;alcalde com la regidora han assenyalat que, durant la visita, <strong>han pogut comprovar l&#8217;extraordinari funcionament de les escoles infantils municipals<\/strong> i han posat en valor el treball de tot el personal que desenvolupa la seua labor en aquests centres.<\/p>\n<p>Mentrestant, Molina ha assenyalat que <strong>\u201caquesta iniciativa \u00e9s una bona manera de posar en valor el valenci\u00e0 i de mantindre&#8217;l perqu\u00e8 no es perda el seu \u00fas<\/strong>, que \u00e9s el que perseguim, i en aquest cas, en l&#8217;\u00e0mbit de la il\u00b7lusi\u00f3 i de la m\u00e0gia que \u00e9s el Nadal\u201d.<\/p>\n<p>La carta inclou en la part inferior dibuixos amb vocabulari b\u00e0sic en valenci\u00e0 i un espai perqu\u00e8 els xiquets i les xiquetes facen les seues peticions personals a Melcior, Gaspar i Baltasar. Tamb\u00e9 <strong>incorpora uns apartats m\u00e9s solidaris amb bons desitjos i millores per a la ciutat i per al m\u00f3n<\/strong>.<\/p>\n<p>A m\u00e9s, a banda de la b\u00fastia real que s&#8217;ha instal\u00b7lat en cada centre, <strong>s&#8217;ha posat en funcionament la web <a href=\"https:\/\/javenenelsreis.com\/\">javenenelsreis.com<\/a>, a trav\u00e9s de la que tamb\u00e9 es podran enviar les missives<\/strong>.<\/p>\n<p>[\/vc_column_text][\/vc_column][\/vc_row]<\/p>\n<\/div>","protected":false},"excerpt":{"rendered":"<p>[vc_row el_id=&#8221;SUBTITULAR_NOTICIA&#8221;][vc_column][vc_column_text] L&#8217;alcalde, Carlos Gonz\u00e1lez, i la regidora d&#8217;Educaci\u00f3, Mar\u00eda Jos\u00e9 Mart\u00ednez, s&#8217;interessen pel desenvolupament d&#8217;aquesta iniciativa durant una recent visita als centres educatius Els Xiquets i Rosa Fern\u00e1ndez per [&hellip;]<\/p>\n","protected":false},"author":131,"featured_media":175810,"comment_status":"closed","ping_status":"closed","sticky":false,"template":"","format":"standard","meta":{"footnotes":""},"categories":[194,391,1312],"tags":[],"class_list":["post-175828","post","type-post","status-publish","format-standard","has-post-thumbnail","hentry","category-educacio-va","category-home-va","category-noticias-va"],"_links":{"self":[{"href":"https:\/\/www.elche.es\/va\/wp-json\/wp\/v2\/posts\/175828","targetHints":{"allow":["GET"]}}],"collection":[{"href":"https:\/\/www.elche.es\/va\/wp-json\/wp\/v2\/posts"}],"about":[{"href":"https:\/\/www.elche.es\/va\/wp-json\/wp\/v2\/types\/post"}],"author":[{"embeddable":true,"href":"https:\/\/www.elche.es\/va\/wp-json\/wp\/v2\/users\/131"}],"replies":[{"embeddable":true,"href":"https:\/\/www.elche.es\/va\/wp-json\/wp\/v2\/comments?post=175828"}],"version-history":[{"count":0,"href":"https:\/\/www.elche.es\/va\/wp-json\/wp\/v2\/posts\/175828\/revisions"}],"wp:featuredmedia":[{"embeddable":true,"href":"https:\/\/www.elche.es\/va\/wp-json\/wp\/v2\/media\/175810"}],"wp:attachment":[{"href":"https:\/\/www.elche.es\/va\/wp-json\/wp\/v2\/media?parent=175828"}],"wp:term":[{"taxonomy":"category","embeddable":true,"href":"https:\/\/www.elche.es\/va\/wp-json\/wp\/v2\/categories?post=175828"},{"taxonomy":"post_tag","embeddable":true,"href":"https:\/\/www.elche.es\/va\/wp-json\/wp\/v2\/tags?post=175828"}],"curies":[{"name":"wp","href":"https:\/\/api.w.org\/{rel}","templated":true}]}}