{"id":175892,"date":"2021-12-09T15:14:25","date_gmt":"2021-12-09T14:14:25","guid":{"rendered":"https:\/\/www.elche.es\/2021\/12\/lajuntament-delx-renova-el-seu-compromis-amb-la-protectora-baix-vinalopo-i-dona-suport-al-llancament-del-tradicional-calendari-benefic-per-a-conscienciar-de-la-cura-dels-animals\/"},"modified":"2021-12-09T15:14:26","modified_gmt":"2021-12-09T14:14:26","slug":"lajuntament-delx-renova-el-seu-compromis-amb-la-protectora-baix-vinalopo-i-dona-suport-al-llancament-del-tradicional-calendari-benefic-per-a-conscienciar-de-la-cura-dels-animals","status":"publish","type":"post","link":"https:\/\/www.elche.es\/va\/2021\/12\/lajuntament-delx-renova-el-seu-compromis-amb-la-protectora-baix-vinalopo-i-dona-suport-al-llancament-del-tradicional-calendari-benefic-per-a-conscienciar-de-la-cura-dels-animals\/","title":{"rendered":"L&#8217;Ajuntament d&#8217;Elx renova el seu comprom\u00eds amb la Protectora Baix Vinalop\u00f3 i dona suport al llan\u00e7ament del tradicional calendari ben\u00e8fic per a conscienciar de la cura dels animals"},"content":{"rendered":"<div class=\"wpb-content-wrapper\"><p>[vc_row el_id=&#8221;SUBTITULAR_NOTICIA&#8221;][vc_column][vc_column_text]<\/p>\n<hr \/>\n<h4>L&#8217;edil de Benestar Animal, Mariola Galiana, destaca que els fons recaptats aniran destinats a l&#8217;alimentaci\u00f3, a la millora de les instal\u00b7lacions i a l&#8217;atenci\u00f3 veterin\u00e0ria de les mascotes que en l&#8217;actualitat es troben a l&#8217;alberg<\/h4>\n<hr \/>\n<p>[\/vc_column_text][\/vc_column][\/vc_row][vc_row el_id=&#8221;TEXTO_FIN_NOTICIA&#8221;][vc_column][vc_column_text]<strong>L&#8217;Ajuntament d&#8217;Elx ha renovat un any m\u00e9s, el seu comprom\u00eds amb les associacions de la ciutat<\/strong> que, de manera altruista i desinteressada, realitzen una extraordin\u00e0ria labor per a protegir i cuidar als animals.<\/p>\n<p>Per aquest motiu, novament la <strong>Regidoria de Benestar Animal ha sufragat els costos del nou calendari solidari de la Protectora Baix Vinalop\u00f3<\/strong> que ha presentat la regidora de l&#8217;\u00e0rea, Mariola Galiana, acompanyada de Laura Jim\u00e9nez, representant de la protectora.[\/vc_column_text][\/vc_column][\/vc_row][vc_row el_id=&#8221;TEXTO_NOTICIA&#8221;][vc_column][vc_column_text][\/vc_column_text][\/vc_column][\/vc_row][vc_row el_id=&#8221;DESTACADO_NOTICIA&#8221;][vc_column][vc_column_text el_class=&#8221;cuadronoticia&#8221;]<\/p>\n<h5>Com a novetat, s&#8217;amplia fins els 50 el nombre d&#8217;establiments que s&#8217;han adherit a la xarxa de punts de venda per a col\u00b7laborar amb la iniciativa al preu de 5 euros<\/h5>\n<p>[\/vc_column_text][\/vc_column][\/vc_row][vc_row][vc_column][vc_column_text]El calendari, que est\u00e0 a la venda per cinc euros, recull nombroses fotos dels animals i, segons ha destacat l&#8217;edil, \u201c<strong>el que es pret\u00e9n amb aquesta iniciativa \u00e9s recaptar fons que aniran destinats a l&#8217;alimentaci\u00f3,<\/strong> a la millora de les instal\u00b7lacions i a l&#8217;atenci\u00f3 veterin\u00e0ria de les mascotes que en l&#8217;actualitat es troben a l&#8217;alberg\u201d.<\/p>\n<p>Com a novetat, enguany s&#8217;ha aconseguit que <strong>m\u00e9s de 50 establiments de la ciutat i de les pedanies s&#8217;adherisquen a la xarxa de punts de venda<\/strong>, enfront dels 36 de l&#8217;any passat.[\/vc_column_text][\/vc_column][\/vc_row][vc_row type=&#8221;flexslider_slide&#8221; interval=&#8221;5&#8243; source=&#8221;media_library&#8221; images=&#8221;&#8221; img_size=&#8221;full&#8221; external_img_size=&#8221;&#8221; onclick=&#8221;link_image&#8221; custom_links_target=&#8221;_self&#8221; el_class=&#8221;galerianoticia&#8221; title=&#8221;&#8221; custom_srcs=&#8221;&#8221; custom_links=&#8221;&#8221;][vc_column][vc_gallery type=&#8221;flexslider_slide&#8221; interval=&#8221;5&#8243; images=&#8221;175878,175882,175880&#8243; img_size=&#8221;full&#8221; el_class=&#8221;galerianoticia&#8221;][\/vc_column][\/vc_row][vc_row][vc_column][vc_column_text]Galiana ha posat en valor l&#8217;enorme labor que la Protectora d&#8217;Animals i Plantes del Baix Vinalop\u00f3 porta realitzant des de 1995 en la lluita contra l&#8217;aband\u00f3 i el maltractament animal. <strong>\u201cS\u00f3n m\u00e9s de 25 anys d&#8217;un treball imprescindible i molt valu\u00f3s a la nostra ciutat\u201d<\/strong>, ha destacat l&#8217;edil, que ha avan\u00e7at una possible col\u00b7laboraci\u00f3 futura amb l&#8217;organitzaci\u00f3 a trav\u00e9s de la signatura d&#8217;un conveni perqu\u00e8 puguen desenvolupar la seua activitat en millors condicions econ\u00f2miques.<\/p>\n<p>Galiana ha enumerat algunes de les activitats que realitza la protectora al municipi. Entre elles, la <strong>recollida i la cura d&#8217;animals abandonats, les activitats d&#8217;educaci\u00f3 en defensa dels animals i del medi ambient<\/strong>, aix\u00ed com les activitats d&#8217;integraci\u00f3 social.<\/p>\n<hr \/>\n<p>[\/vc_column_text][\/vc_column][\/vc_row]<\/p>\n<\/div>","protected":false},"excerpt":{"rendered":"<p>[vc_row el_id=&#8221;SUBTITULAR_NOTICIA&#8221;][vc_column][vc_column_text] L&#8217;edil de Benestar Animal, Mariola Galiana, destaca que els fons recaptats aniran destinats a l&#8217;alimentaci\u00f3, a la millora de les instal\u00b7lacions i a l&#8217;atenci\u00f3 veterin\u00e0ria de les mascotes [&hellip;]<\/p>\n","protected":false},"author":131,"featured_media":175888,"comment_status":"closed","ping_status":"closed","sticky":false,"template":"","format":"standard","meta":{"footnotes":""},"categories":[2774,391,1312],"tags":[],"class_list":["post-175892","post","type-post","status-publish","format-standard","has-post-thumbnail","hentry","category-bienestar-animal-va","category-home-va","category-noticias-va"],"_links":{"self":[{"href":"https:\/\/www.elche.es\/va\/wp-json\/wp\/v2\/posts\/175892","targetHints":{"allow":["GET"]}}],"collection":[{"href":"https:\/\/www.elche.es\/va\/wp-json\/wp\/v2\/posts"}],"about":[{"href":"https:\/\/www.elche.es\/va\/wp-json\/wp\/v2\/types\/post"}],"author":[{"embeddable":true,"href":"https:\/\/www.elche.es\/va\/wp-json\/wp\/v2\/users\/131"}],"replies":[{"embeddable":true,"href":"https:\/\/www.elche.es\/va\/wp-json\/wp\/v2\/comments?post=175892"}],"version-history":[{"count":0,"href":"https:\/\/www.elche.es\/va\/wp-json\/wp\/v2\/posts\/175892\/revisions"}],"wp:featuredmedia":[{"embeddable":true,"href":"https:\/\/www.elche.es\/va\/wp-json\/wp\/v2\/media\/175888"}],"wp:attachment":[{"href":"https:\/\/www.elche.es\/va\/wp-json\/wp\/v2\/media?parent=175892"}],"wp:term":[{"taxonomy":"category","embeddable":true,"href":"https:\/\/www.elche.es\/va\/wp-json\/wp\/v2\/categories?post=175892"},{"taxonomy":"post_tag","embeddable":true,"href":"https:\/\/www.elche.es\/va\/wp-json\/wp\/v2\/tags?post=175892"}],"curies":[{"name":"wp","href":"https:\/\/api.w.org\/{rel}","templated":true}]}}