{"id":176005,"date":"2021-12-10T13:57:15","date_gmt":"2021-12-10T12:57:15","guid":{"rendered":"https:\/\/www.elche.es\/2021\/12\/especialistes-en-treballs-verticals-recuperen-un-dels-pesos-del-rellotge-de-calendura\/"},"modified":"2021-12-10T13:57:16","modified_gmt":"2021-12-10T12:57:16","slug":"especialistes-en-treballs-verticals-recuperen-un-dels-pesos-del-rellotge-de-calendura","status":"publish","type":"post","link":"https:\/\/www.elche.es\/va\/2021\/12\/especialistes-en-treballs-verticals-recuperen-un-dels-pesos-del-rellotge-de-calendura\/","title":{"rendered":"Especialistes en treballs verticals recuperen un dels pesos del rellotge de Calendura"},"content":{"rendered":"<div class=\"wpb-content-wrapper\"><p>[vc_row el_id=&#8221;SUBTITULAR_NOTICIA&#8221;][vc_column][vc_column_text]<\/p>\n<hr \/>\n<h4>El disc va caure accidentalment pel buit de l&#8217;estructura, d&#8217;uns set metres, mentre s&#8217;efectuaven ajustos a la maquin\u00e0ria<\/h4>\n<hr \/>\n<p>[\/vc_column_text][\/vc_column][\/vc_row][vc_row el_id=&#8221;TEXTO_NOTICIA&#8221;][vc_column][vc_column_text]El rellotge de la Torre de la Vetlla \u2013popularment conegut com el de \u201cCalendura\u201d\u2013 torna a marcar el ritme de la ciutat. Aquest mat\u00ed, <strong>un grup d&#8217;especialistes en treballs verticals han recuperat un dels pesos de la maquin\u00e0ria<\/strong>, que accidentalment havia caigut pel buit de la mateixa torre, d&#8217;uns set metres d&#8217;altura i per on discorre la cadena del m\u00edtic rellotge.<\/p>\n<p>A causa d&#8217;una xicoteta fallada, aquest s&#8217;havia detingut, cridant l&#8217;atenci\u00f3 dels transe\u00fcnts de la pla\u00e7a de Baix, que van donar la veu d&#8217;alarma. Quan els rellotgers es van acostar a comprovar-ho, a donar-li corda i a efectuar-li els ajustos necessaris a la cadena, <strong>un dels discos va caure fins al fons de l&#8217;estructura<\/strong>, perqu\u00e8 encara no estava instal\u00b7lada la plataforma de fusta destinada a evitar aquest tipus de contratemps.[\/vc_column_text][\/vc_column][\/vc_row][vc_row type=&#8221;flexslider_slide&#8221; interval=&#8221;5&#8243; source=&#8221;media_library&#8221; images=&#8221;&#8221; img_size=&#8221;full&#8221; external_img_size=&#8221;&#8221; onclick=&#8221;link_image&#8221; custom_links_target=&#8221;_self&#8221; el_class=&#8221;galerianoticia&#8221; title=&#8221;&#8221; custom_srcs=&#8221;&#8221; custom_links=&#8221;&#8221;][vc_column][vc_gallery type=&#8221;flexslider_slide&#8221; interval=&#8221;5&#8243; images=&#8221;175991,175993,175995,175997,175999,175989&#8243; img_size=&#8221;full&#8221; el_class=&#8221;galerianoticia&#8221;][\/vc_column][\/vc_row][vc_row el_id=&#8221;TEXTO_FIN_NOTICIA&#8221;][vc_column][vc_column_text]En la jornada de hui, despr\u00e9s de descendir un dels operaris mitjan\u00e7ant cordes al fons de la torre i de recuperar el disc ferr\u00f3s, un treballs que ha durat aproximadament una hora, <strong>s&#8217;ha restablit amb immediatesa el servei d&#8217;un rellotge que forma part de la mem\u00f2ria de generacions d&#8217;il\u00b7licitans i d\u2019il\u00b7licitanes gr\u00e0cies a Calendura i Calendureta<\/strong>, els dos aut\u00f2mats del campanar recentment restaurats i que daten del segle XVIII.<\/p>\n<hr \/>\n<p>&nbsp;<\/p>\n<p>[\/vc_column_text][\/vc_column][\/vc_row][vc_row][vc_column width=&#8221;1\/6&#8243;][\/vc_column][vc_column width=&#8221;2\/3&#8243;]<audio class=\"sc_audio\" src=\"\" width=\"\" height=\"\"><\/audio>[\/vc_column][vc_column width=&#8221;1\/6&#8243;][\/vc_column][\/vc_row]<\/p>\n<\/div>","protected":false},"excerpt":{"rendered":"<p>[vc_row el_id=&#8221;SUBTITULAR_NOTICIA&#8221;][vc_column][vc_column_text] El disc va caure accidentalment pel buit de l&#8217;estructura, d&#8217;uns set metres, mentre s&#8217;efectuaven ajustos a la maquin\u00e0ria [\/vc_column_text][\/vc_column][\/vc_row][vc_row el_id=&#8221;TEXTO_NOTICIA&#8221;][vc_column][vc_column_text]El rellotge de la Torre de la Vetlla \u2013popularment [&hellip;]<\/p>\n","protected":false},"author":131,"featured_media":176000,"comment_status":"closed","ping_status":"closed","sticky":false,"template":"","format":"standard","meta":{"footnotes":""},"categories":[391,1312],"tags":[],"class_list":["post-176005","post","type-post","status-publish","format-standard","has-post-thumbnail","hentry","category-home-va","category-noticias-va"],"_links":{"self":[{"href":"https:\/\/www.elche.es\/va\/wp-json\/wp\/v2\/posts\/176005","targetHints":{"allow":["GET"]}}],"collection":[{"href":"https:\/\/www.elche.es\/va\/wp-json\/wp\/v2\/posts"}],"about":[{"href":"https:\/\/www.elche.es\/va\/wp-json\/wp\/v2\/types\/post"}],"author":[{"embeddable":true,"href":"https:\/\/www.elche.es\/va\/wp-json\/wp\/v2\/users\/131"}],"replies":[{"embeddable":true,"href":"https:\/\/www.elche.es\/va\/wp-json\/wp\/v2\/comments?post=176005"}],"version-history":[{"count":0,"href":"https:\/\/www.elche.es\/va\/wp-json\/wp\/v2\/posts\/176005\/revisions"}],"wp:featuredmedia":[{"embeddable":true,"href":"https:\/\/www.elche.es\/va\/wp-json\/wp\/v2\/media\/176000"}],"wp:attachment":[{"href":"https:\/\/www.elche.es\/va\/wp-json\/wp\/v2\/media?parent=176005"}],"wp:term":[{"taxonomy":"category","embeddable":true,"href":"https:\/\/www.elche.es\/va\/wp-json\/wp\/v2\/categories?post=176005"},{"taxonomy":"post_tag","embeddable":true,"href":"https:\/\/www.elche.es\/va\/wp-json\/wp\/v2\/tags?post=176005"}],"curies":[{"name":"wp","href":"https:\/\/api.w.org\/{rel}","templated":true}]}}