{"id":176049,"date":"2021-12-10T15:27:52","date_gmt":"2021-12-10T14:27:52","guid":{"rendered":"https:\/\/www.elche.es\/2021\/12\/llum-verda-a-lampliacio-en-mes-dun-miler-de-metres-quadrats-del-ceip-rodolfo-tomas-i-samper-de-laltet\/"},"modified":"2021-12-10T16:55:44","modified_gmt":"2021-12-10T15:55:44","slug":"llum-verda-a-lampliacio-en-mes-dun-miler-de-metres-quadrats-del-ceip-rodolfo-tomas-i-samper-de-laltet","status":"publish","type":"post","link":"https:\/\/www.elche.es\/va\/2021\/12\/llum-verda-a-lampliacio-en-mes-dun-miler-de-metres-quadrats-del-ceip-rodolfo-tomas-i-samper-de-laltet\/","title":{"rendered":"Llum verda a l&#8217;ampliaci\u00f3 en m\u00e9s d&#8217;un miler de metres quadrats del CEIP Rodolfo Tom\u00e1s i Samper de l&#8217;Altet"},"content":{"rendered":"<div class=\"wpb-content-wrapper\"><p>[vc_row el_id=&#8221;SUBTITULAR_NOTICIA&#8221;][vc_column][vc_column_text]<\/p>\n<hr \/>\n<h4>El portaveu de l&#8217;Equip de Govern, H\u00e9ctor D\u00edez, explica que l&#8217;actuaci\u00f3 preveu la creaci\u00f3 d&#8217;un aulari annex a l&#8217;edifici actual, la millora d&#8217;exteriors i la construcci\u00f3 d&#8217;un gimn\u00e0s<\/h4>\n<hr \/>\n<p>[\/vc_column_text][\/vc_column][\/vc_row][vc_row el_id=&#8221;TEXTO_FIN_NOTICIA&#8221;][vc_column][vc_column_text]La Junta de Govern Local ha donat llum verda a la licitaci\u00f3 del projecte per a l&#8217;ampliaci\u00f3 del col\u00b7legi Rofolfo Tom\u00e1s i Samper de l&#8217;Altet. El cost de licitaci\u00f3 quant a la redacci\u00f3 del projecte \u00e9s de <strong>140.600 euros i un termini de quatre mesos<\/strong>. <strong>El contracte tamb\u00e9 preveu la direcci\u00f3 de la futura obra, per la qual cosa, hi ha un termini addicional de 22 mesos m\u00e9s<\/strong>. El contracte ser\u00e0 de 26 mesos (quatre de redacci\u00f3 del projecte i 22 de direcci\u00f3 d&#8217;obra).<\/p>\n<p>\u201cEs tracta d&#8217;<strong>un projecte important\u00edssim dins del pla de millora de les pedanies<\/strong>, que \u00e9s una prioritat per a l&#8217;equip de Govern\u201d, ha assegurat el portaveu del Govern Municipal, H\u00e9ctor D\u00edez, que ha recordat algunes de les actuacions en mat\u00e8ria de millora d&#8217;infraestructures educatives que s&#8217;han dut o que s&#8217;estan duent a terme al Camp d\u2019Elx, com \u00e9s el cas dels aularis de la Vallverda, de La G\u00e0l\u00b7lia o d\u2019Els Garrofers, l&#8217;ampliaci\u00f3 del col\u00b7legi La Baia, la reforma de l&#8217;IES de Torrellano o l&#8217;ampliaci\u00f3 del col\u00b7legi d&#8217;aquestes mateixa pedania.<\/p>\n<p>El portaveu ha explicat que aquest projecte, que ha sigut consensuat amb la comunitat educativa de l&#8217;Altet, <strong>contempla la creaci\u00f3 d&#8217;un nou edifici d&#8217;infantil, annex a l&#8217;actual col\u00b7legi<\/strong>, que permetr\u00e0 la construcci\u00f3 de sis noves aules d&#8217;infantil, una aula per a preescolar, una aula per a taller d&#8217;infantil, una sala polivalent, una aula per a equips docents, dos magatzems, sis lavabos d&#8217;infantil i dos lavabos d&#8217;adults, un d&#8217;ells accessible.<\/p>\n<p>El projecte tamb\u00e9 inclou <strong>la creaci\u00f3 d&#8217;espais exteriors<\/strong> amb un porxe, una zona de jocs i una nova zona enjardinada.<\/p>\n<p>Pel que fa a la resta del projecte, l&#8217;actuaci\u00f3 suposar\u00e0 tamb\u00e9 <strong>la construcci\u00f3 d&#8217;un gimn\u00e0s amb sala esportiva<\/strong>, vestuaris, despatx per al monitor, lavabos i un quart de calderes.<\/p>\n<p>En total es tracta d&#8217;una superf\u00edcie constru\u00efda de <strong>1.356 metres quadrats \u00fatils.<\/strong>[\/vc_column_text][\/vc_column][\/vc_row][vc_row type=&#8221;flexslider_slide&#8221; interval=&#8221;5&#8243; source=&#8221;media_library&#8221; images=&#8221;&#8221; img_size=&#8221;full&#8221; external_img_size=&#8221;&#8221; onclick=&#8221;link_image&#8221; custom_links_target=&#8221;_self&#8221; el_class=&#8221;galerianoticia&#8221; title=&#8221;&#8221; custom_srcs=&#8221;&#8221; custom_links=&#8221;&#8221;][vc_column][vc_gallery type=&#8221;flexslider_slide&#8221; interval=&#8221;5&#8243; images=&#8221;176065,176067,176069,176071,176073&#8243; img_size=&#8221;full&#8221; el_class=&#8221;galerianoticia&#8221;][\/vc_column][\/vc_row][vc_row][vc_column][vc_column_text]El projecte tamb\u00e9 inclou\u00a0<strong>la creaci\u00f3 d\u2019espais exteriors<\/strong>\u00a0amb un porxe, una zona de jocs i una nova zona enjardinada.<\/p>\n<p>Pel que fa a la resta del projecte, l\u2019actuaci\u00f3 suposar\u00e0 tamb\u00e9\u00a0<strong>la construcci\u00f3 d\u2019un gimn\u00e0s amb sala esportiva<\/strong>, vestuaris, despatx per al monitor, lavabos i un quart de calderes.<\/p>\n<p>En total es tracta d\u2019una superf\u00edcie constru\u00efda de\u00a0<strong>1.356 metres quadrats \u00fatils.<\/strong>[\/vc_column_text][\/vc_column][\/vc_row][vc_row source=&#8221;media_library&#8221; image=&#8221;&#8221; img_size=&#8221;full&#8221; external_img_size=&#8221;&#8221; add_caption=&#8221;&#8221; alignment=&#8221;left&#8221; style=&#8221;&#8221; external_style=&#8221;&#8221; border_color=&#8221;grey&#8221; external_border_color=&#8221;grey&#8221; onclick=&#8221;link_image&#8221; img_link_target=&#8221;_self&#8221; el_class=&#8221;fotounicanoticia&#8221; title=&#8221;&#8221; custom_src=&#8221;&#8221; caption=&#8221;&#8221; link=&#8221;&#8221; img_link_large=&#8221;&#8221;][vc_column][vc_single_image image=&#8221;175957&#8243; img_size=&#8221;full&#8221; onclick=&#8221;link_image&#8221; el_class=&#8221;fotounicanoticia&#8221;][\/vc_column][\/vc_row][vc_row][vc_column][vc_column_text]<\/p>\n<h5>Modernitzaci\u00f3 pavell\u00f3 del Toscar<\/h5>\n<p>D&#8217;altra banda, H\u00e9ctor D\u00edez ha anunciat que la Junta de Govern <strong>ha aprovat un projecte de licitaci\u00f3 d&#8217;obres per a la millora del poliesportiu del Toscar<\/strong>. Una actuaci\u00f3 m\u00e9s en la millora de les infraestructures esportives a la ciutat i a les pedanies.<\/p>\n<p>\u201cEs tracta d&#8217;un programa de la Diputaci\u00f3 d&#8217;Alacant que es diu <strong>M\u00e1s Deporte i que \u00e9s finan\u00e7at al 56% per la instituci\u00f3 provincial i al 44% per l&#8217;Ajuntament<\/strong>\u201d, ha indicat el portaveu, que ha aclarit que en aquest cas es tracta d&#8217;ampliar els vestuaris.<\/p>\n<p>L&#8217;obra ix a licitaci\u00f3 per <strong>150.000 euros i un termini de licitaci\u00f3 de tres mesos<\/strong>.<\/p>\n<h5>Nou local per als serveis d&#8217;Urbanisme<\/h5>\n<p>Tamb\u00e9 hui s&#8217;ha dut a terme l&#8217;<strong>adjudicaci\u00f3 definitiva de lloguer de local per als serveis d&#8217;Urbanisme<\/strong> al carrer Gabriel Mir\u00f3 32 (antigues depend\u00e8ncies de l&#8217;Ag\u00e8ncia Tribut\u00e0ria).<\/p>\n<p>L&#8217;Ajuntament d&#8217;Elx <strong>arrenda eixos 853 metres quadrats amb un cost mensual definitiu de 5.015 euros al mes<\/strong>.<\/p>\n<p>Aix\u00ed mateix, <strong>ixen a concurs els serveis postals de l&#8217;Ajuntament<\/strong>, correspond\u00e8ncia ordin\u00e0ria del Consistori, <strong>per 50.527 euros a l&#8217;any i un total de dos anys prorrogables un altre m\u00e9s<\/strong>.<\/p>\n<h5>Millora administraci\u00f3 electr\u00f2nica<\/h5>\n<p>Tal com ha recordat el portaveu, <strong>el Govern Nacional ha posat en marxa el Pla per a la Recuperaci\u00f3, la Transformaci\u00f3 i la Resili\u00e8ncia<\/strong> dins de la gesti\u00f3 dels fons europeus que se li han assignat a Espanya per a l&#8217;eixida de la crisi de la pand\u00e8mia.<\/p>\n<p>Fins ara, l&#8217;Ajuntament ha optat als fons de Mobilitat Sostenible amb un projecte de quasi 10 milions d&#8217;euros i, ara, dins d&#8217;eixe pla, <strong>el Govern Municipal ha aprovat dos importants projectes pel que fa a la transformaci\u00f3 digital per valor de 873.350 euros<\/strong>.[\/vc_column_text][\/vc_column][\/vc_row][vc_row el_id=&#8221;DESTACADO_NOTICIA&#8221;][vc_column][vc_column_text el_class=&#8221;cuadronoticia&#8221;]<\/p>\n<h5>La Junta de Govern ha aprovat licitar les obres per a la millora del poliesportiu del Toscar, una actuaci\u00f3 m\u00e9s en la modernitzaci\u00f3 de les infraestructures esportives a la ciutat i a les pedanies<\/h5>\n<p>[\/vc_column_text][\/vc_column][\/vc_row][vc_row][vc_column][vc_column_text]D\u00edez ha explicat que el primer d\u2019aquests \u00e9s <strong>un projecte de 180.000 euros per a les solucions intel\u00b7ligents davant els atacs cibern\u00e8tics<\/strong>. \u201cEn la mesura que les administracions p\u00fabliques estem apostant per la transformaci\u00f3 electr\u00f2nica perqu\u00e8 la ciutadania puga realitzar tots els tr\u00e0mits de manera digital, estem m\u00e9s exposats a aquests atacs cibern\u00e8tics. L&#8217;objectiu \u00e9s garantir el bon funcionament d&#8217;aquesta administraci\u00f3 electr\u00f2nica\u201d.<\/p>\n<p>El segon projecte, amb un <strong>pressupost de 693.000 euros, es destina a la transformaci\u00f3 digital de l&#8217;\u00e0rea de Gesti\u00f3 Tribut\u00e0ria i Financera<\/strong>, espec\u00edficament en l&#8217;apartat de Comptabilitat. L&#8217;objecte \u00e9s canviar la gesti\u00f3 comptable de l&#8217;Ajuntament per a, entre altres coses, agilitzar els pagaments a prove\u00efdors.<\/p>\n<p>D\u00edez ha anunciat que abans que acabe l&#8217;any el Govern Municipal <strong>presentar\u00e0 un nou projecte a aquest pla<\/strong>, en aquest cas, davant el Ministeri de Transformaci\u00f3 Ecol\u00f2gica.<\/p>\n<h5>Nou pas per al C\u00e0mping de Santa Anna<\/h5>\n<p>En l&#8217;\u00e0rea d&#8217;Urbanisme, la Junta de Govern<strong> ha atorgat al grup MundoSol Gesti\u00f3n la llic\u00e8ncia d&#8217;obres per a la segona fase del c\u00e0mping<\/strong> que s&#8217;est\u00e0 construint a la pedania de Santa Anna. En aquest cas, es tracta d&#8217;una inversi\u00f3 de <strong>prop d&#8217;un mili\u00f3 d&#8217;euros per a la urbanitzaci\u00f3 de diferents parcel\u00b7les<\/strong>, d\u2019espais lliures, aix\u00ed com d\u2019una bassa de pluvials i dels vials de carril bici de l&#8217;entorn.<\/p>\n<p>H\u00e9ctor D\u00edez ha recordat que al juny de 2020 l&#8217;Ajuntament va concedir la llic\u00e8ncia d&#8217;obres per a la construcci\u00f3 d&#8217;un c\u00e0mping ecol\u00f2gic a la pedania de Santa Anna. \u201cUna actuaci\u00f3 d&#8217;una gran envergadura que <strong>es divideix en quatre fases amb una inversi\u00f3 total de 20 milions d&#8217;euros<\/strong> i que actuar\u00e0 sobre una superf\u00edcie de m\u00e9s de 350.000 metres quadrats\u201d.<\/p>\n<p>El projecte preveu la construcci\u00f3 de cabanyes, de bungalous, l&#8217;estacionament de caravanes per a pernoctar i de tendes de campanya. Al mateix temps, <strong>es pret\u00e9n desenvolupar importants instal\u00b7lacions esportives, aix\u00ed com instal\u00b7lacions de serveis generals, de restauraci\u00f3 i cafeteries<\/strong>.<\/p>\n<p>Segons l&#8217;edil,<strong> ja s&#8217;han comen\u00e7at a realitzar les actuacions pr\u00e8vies per a la realitzaci\u00f3 de l&#8217;obra com ara treballs de desbrossament i de creaci\u00f3 d&#8217;accessos<\/strong>.<\/p>\n<p>\u201cPer al Govern Municipal, es tracta d&#8217;una actuaci\u00f3 molt important que <strong>complementar\u00e0 l&#8217;oferta tur\u00edstica i d&#8217;oci del nostre municipi i d\u2019una pedania molt necessitada<\/strong> d&#8217;actuacions\u201d, ha explicat el regidor.<\/p>\n<hr \/>\n<p>&nbsp;<\/p>\n<p>[\/vc_column_text][\/vc_column][\/vc_row][vc_row][vc_column width=&#8221;1\/6&#8243;][\/vc_column][vc_column width=&#8221;2\/3&#8243;]<audio class=\"sc_audio\" src=\"https:\/\/soundcloud.com\/ayuntamiento-de-elche\/junta-de-gobierno-local-del-10-12-2021?si=a690127024554b049794741b0f2411fe&#038;utm_source=clipboard&#038;utm_medium=text&#038;utm_campaign=social_sharing\" width=\"\" height=\"\"><\/audio>[\/vc_column][vc_column width=&#8221;1\/6&#8243;][\/vc_column][\/vc_row]<\/p>\n<\/div>","protected":false},"excerpt":{"rendered":"<p>[vc_row el_id=&#8221;SUBTITULAR_NOTICIA&#8221;][vc_column][vc_column_text] El portaveu de l&#8217;Equip de Govern, H\u00e9ctor D\u00edez, explica que l&#8217;actuaci\u00f3 preveu la creaci\u00f3 d&#8217;un aulari annex a l&#8217;edifici actual, la millora d&#8217;exteriors i la construcci\u00f3 d&#8217;un gimn\u00e0s [&hellip;]<\/p>\n","protected":false},"author":131,"featured_media":176063,"comment_status":"closed","ping_status":"closed","sticky":false,"template":"","format":"standard","meta":{"footnotes":""},"categories":[391,1312],"tags":[],"class_list":["post-176049","post","type-post","status-publish","format-standard","has-post-thumbnail","hentry","category-home-va","category-noticias-va"],"_links":{"self":[{"href":"https:\/\/www.elche.es\/va\/wp-json\/wp\/v2\/posts\/176049","targetHints":{"allow":["GET"]}}],"collection":[{"href":"https:\/\/www.elche.es\/va\/wp-json\/wp\/v2\/posts"}],"about":[{"href":"https:\/\/www.elche.es\/va\/wp-json\/wp\/v2\/types\/post"}],"author":[{"embeddable":true,"href":"https:\/\/www.elche.es\/va\/wp-json\/wp\/v2\/users\/131"}],"replies":[{"embeddable":true,"href":"https:\/\/www.elche.es\/va\/wp-json\/wp\/v2\/comments?post=176049"}],"version-history":[{"count":0,"href":"https:\/\/www.elche.es\/va\/wp-json\/wp\/v2\/posts\/176049\/revisions"}],"wp:featuredmedia":[{"embeddable":true,"href":"https:\/\/www.elche.es\/va\/wp-json\/wp\/v2\/media\/176063"}],"wp:attachment":[{"href":"https:\/\/www.elche.es\/va\/wp-json\/wp\/v2\/media?parent=176049"}],"wp:term":[{"taxonomy":"category","embeddable":true,"href":"https:\/\/www.elche.es\/va\/wp-json\/wp\/v2\/categories?post=176049"},{"taxonomy":"post_tag","embeddable":true,"href":"https:\/\/www.elche.es\/va\/wp-json\/wp\/v2\/tags?post=176049"}],"curies":[{"name":"wp","href":"https:\/\/api.w.org\/{rel}","templated":true}]}}