{"id":176193,"date":"2021-12-13T09:46:05","date_gmt":"2021-12-13T08:46:05","guid":{"rendered":"https:\/\/www.elche.es\/2021\/12\/lalcalde-considera-que-la-vacunacio-dels-xiquets-suposa-un-important-pas-avant-en-la-lluita-contra-la-pandemia\/"},"modified":"2021-12-13T09:46:06","modified_gmt":"2021-12-13T08:46:06","slug":"lalcalde-considera-que-la-vacunacio-dels-xiquets-suposa-un-important-pas-avant-en-la-lluita-contra-la-pandemia","status":"publish","type":"post","link":"https:\/\/www.elche.es\/va\/2021\/12\/lalcalde-considera-que-la-vacunacio-dels-xiquets-suposa-un-important-pas-avant-en-la-lluita-contra-la-pandemia\/","title":{"rendered":"L&#8217;alcalde considera que la vacunaci\u00f3 dels xiquets suposa un important pas avant en la lluita contra la pand\u00e8mia"},"content":{"rendered":"<div class=\"wpb-content-wrapper\"><p>[vc_row el_id=&#8221;SUBTITULAR_NOTICIA&#8221;][vc_column][vc_column_text]<\/p>\n<hr \/>\n<h4>Aquesta setmana comen\u00e7a la vacunaci\u00f3 als centres escolars dels 18.171 menors il\u00b7licitans d&#8217;entre cinc i onze anys<\/h4>\n<hr \/>\n<p>[\/vc_column_text][\/vc_column][\/vc_row][vc_row el_id=&#8221;TEXTO_NOTICIA&#8221;][vc_column][vc_column_text]<strong>L&#8217;alcalde d&#8217;Elx<\/strong>, Carlos Gonz\u00e1lez, considera que l&#8217;inici de la <strong>vacunaci\u00f3 dels xiquets d&#8217;entre 5 i 11 anys<\/strong> suposa un pas m\u00e9s en la lluita contra la pand\u00e8mia que pot ajudar a frenar la incid\u00e8ncia despr\u00e9s de l&#8217;escalada dels \u00faltims dies.<\/p>\n<p>Gonz\u00e1lez considera que \u00e9s apropiat que aquesta mateixa setmana comence la vacunaci\u00f3 dels 18.171 menors de 5 a 11 anys censats a Elx. Tal com han anunciat des de la Conselleria de Sanitat,<strong> la vacunaci\u00f3 es dur\u00e0 a terme als mateixos centres escolars i es comen\u00e7ar\u00e0 amb inocular els xiquets de 11,10 i 9 anys<\/strong>. Est\u00e0 previst iniciar la vacunaci\u00f3 aquest dimecres, 15 de desembre als col\u00b7legis d&#8217;educaci\u00f3 especial i amb els menors immunodeprimits.<\/p>\n<p>La immunitzaci\u00f3 es dur\u00e0 a terme als centres escolars, <strong>en horari lectiu, pr\u00e8via autoritzaci\u00f3<\/strong> del pare, de la mare o del tutor legal del menor, i Sanitat despla\u00e7ar\u00e0 fins als col\u00b7legis els equips de vacunaci\u00f3.[\/vc_column_text][\/vc_column][\/vc_row][vc_row el_id=&#8221;DESTACADO_NOTICIA&#8221;][vc_column][vc_column_text el_class=&#8221;cuadronoticia&#8221;]<\/p>\n<h5>Carlos Gonz\u00e1lez fa una crida a la responsabilitat individual davant les imminents dates nadalenques per a complir les mesures sanit\u00e0ries com l&#8217;\u00fas de la m\u00e0scara o la dist\u00e0ncia social<\/h5>\n<p>[\/vc_column_text][\/vc_column][\/vc_row][vc_row el_id=&#8221;TEXTO_FIN_NOTICIA&#8221;][vc_column][vc_column_text]<strong>La poblaci\u00f3 menor de 12 anys \u00e9s el grup que major incid\u00e8ncia de casos acumula a Espanya<\/strong> en aquest moment.<\/p>\n<p>\u201cLa vacunaci\u00f3 dels menors de 12 anys \u00e9s fonamental en el moment en el qual ens trobem despr\u00e9s de l&#8217;escalada de casos que s&#8217;est\u00e0 produint en les \u00faltimes setmanes\u201d, ha declarat l&#8217;alcalde, que ha afegit que \u201c<strong>la immunitzaci\u00f3 protegir\u00e0 els menors i, a m\u00e9s, evitar\u00e0 contagis entre els seus familiars<\/strong>, la qual cosa contribuir\u00e0 a reduir la incid\u00e8ncia i a estabilitzar les hospitalitzacions\u201d.<\/p>\n<p>Segons les dades de Sanitat,<strong> la taxa infantil duplica i, fins i tot, triplica les incid\u00e8ncies que es produeixen en els altres grups d&#8217;edat ja vacunats<\/strong>. L&#8217;alcalde ha recordat que la vacunaci\u00f3 dels menors permetr\u00e0 disminuir la c\u00e0rrega de la malaltia en aquest col\u00b7lectiu, cosa que \u00e9s determinant per a evitar que siguen transmissors del virus.<\/p>\n<p>D&#8217;altra banda, l&#8217;alcalde ha tornat a fer una crida a la responsabilitat individual. \u201cEstem a les portes del Nadal i no podem oblidar que, desgraciadament, el virus continua estant entre nosaltres. Es tracta de dates en les quals s&#8217;estrenyen els contactes socials i respectar les mesures sanit\u00e0ries \u00e9s, si cap, m\u00e9s important que mai. L&#8217;\u00fas de la m\u00e0scara \u00e9s fonamental i tamb\u00e9 ho \u00e9s la rentada de mans, la dist\u00e0ncia social i la ventilaci\u00f3 dels espais tancats. <strong>Tan sols de nosaltres dep\u00e9n estabilitzar la corba de contagis i que no es repetisquen les escenes que es van viure al gener d&#8217;enguany<\/strong>\u201d.<\/p>\n<hr \/>\n<p>[\/vc_column_text][\/vc_column][\/vc_row][vc_row][vc_column width=&#8221;1\/6&#8243;][\/vc_column][vc_column width=&#8221;2\/3&#8243;]<audio class=\"sc_audio\" src=\"https:\/\/soundcloud.com\/ayuntamiento-de-elche\/el-alcalde-considera-la-vacunacion-de-los-ninos-un-importante-paso-contra-la-pandemia?si=1c1f3c52c9af4582b3a9260ebd27baa5&#038;utm_source=clipboard&#038;utm_medium=text&#038;utm_campaign=social_sharing\" width=\"\" height=\"\"><\/audio>[\/vc_column][vc_column width=&#8221;1\/6&#8243;][\/vc_column][\/vc_row]<\/p>\n<\/div>","protected":false},"excerpt":{"rendered":"<p>[vc_row el_id=&#8221;SUBTITULAR_NOTICIA&#8221;][vc_column][vc_column_text] Aquesta setmana comen\u00e7a la vacunaci\u00f3 als centres escolars dels 18.171 menors il\u00b7licitans d&#8217;entre cinc i onze anys [\/vc_column_text][\/vc_column][\/vc_row][vc_row el_id=&#8221;TEXTO_NOTICIA&#8221;][vc_column][vc_column_text]L&#8217;alcalde d&#8217;Elx, Carlos Gonz\u00e1lez, considera que l&#8217;inici de la vacunaci\u00f3 [&hellip;]<\/p>\n","protected":false},"author":131,"featured_media":176191,"comment_status":"closed","ping_status":"closed","sticky":false,"template":"","format":"standard","meta":{"footnotes":""},"categories":[391,1312,893],"tags":[],"class_list":["post-176193","post","type-post","status-publish","format-standard","has-post-thumbnail","hentry","category-home-va","category-noticias-va","category-sanidad-va"],"_links":{"self":[{"href":"https:\/\/www.elche.es\/va\/wp-json\/wp\/v2\/posts\/176193","targetHints":{"allow":["GET"]}}],"collection":[{"href":"https:\/\/www.elche.es\/va\/wp-json\/wp\/v2\/posts"}],"about":[{"href":"https:\/\/www.elche.es\/va\/wp-json\/wp\/v2\/types\/post"}],"author":[{"embeddable":true,"href":"https:\/\/www.elche.es\/va\/wp-json\/wp\/v2\/users\/131"}],"replies":[{"embeddable":true,"href":"https:\/\/www.elche.es\/va\/wp-json\/wp\/v2\/comments?post=176193"}],"version-history":[{"count":0,"href":"https:\/\/www.elche.es\/va\/wp-json\/wp\/v2\/posts\/176193\/revisions"}],"wp:featuredmedia":[{"embeddable":true,"href":"https:\/\/www.elche.es\/va\/wp-json\/wp\/v2\/media\/176191"}],"wp:attachment":[{"href":"https:\/\/www.elche.es\/va\/wp-json\/wp\/v2\/media?parent=176193"}],"wp:term":[{"taxonomy":"category","embeddable":true,"href":"https:\/\/www.elche.es\/va\/wp-json\/wp\/v2\/categories?post=176193"},{"taxonomy":"post_tag","embeddable":true,"href":"https:\/\/www.elche.es\/va\/wp-json\/wp\/v2\/tags?post=176193"}],"curies":[{"name":"wp","href":"https:\/\/api.w.org\/{rel}","templated":true}]}}