{"id":176326,"date":"2021-12-13T14:11:55","date_gmt":"2021-12-13T13:11:55","guid":{"rendered":"https:\/\/www.elche.es\/2021\/12\/lajuntament-delx-instal%c2%b7la-als-mercats-municipals-contenidors-amb-un-sistema-de-recompensa-per-a-fomentar-el-reciclatge\/"},"modified":"2021-12-13T14:20:25","modified_gmt":"2021-12-13T13:20:25","slug":"lajuntament-delx-instal%c2%b7la-als-mercats-municipals-contenidors-amb-un-sistema-de-recompensa-per-a-fomentar-el-reciclatge","status":"publish","type":"post","link":"https:\/\/www.elche.es\/va\/2021\/12\/lajuntament-delx-instal%c2%b7la-als-mercats-municipals-contenidors-amb-un-sistema-de-recompensa-per-a-fomentar-el-reciclatge\/","title":{"rendered":"L&#8217;Ajuntament d&#8217;Elx instal\u00b7la als mercats municipals contenidors amb un sistema de recompensa per a fomentar el reciclatge"},"content":{"rendered":"<div class=\"wpb-content-wrapper\"><p>[vc_row el_id=&#8221;SUBTITULAR_NOTICIA&#8221;][vc_column][vc_column_text]<\/p>\n<hr \/>\n<h4>La campanya, que compta amb la col\u00b7laboraci\u00f3 d&#8217;Ecoembes i de la Generalitat, ha sigut presentada aquest mat\u00ed per la regidora de Medi Ambient, Esther D\u00edez, i pels regidors de Neteja, H\u00e9ctor D\u00edez, i de Mercats, Carles Molina<\/h4>\n<hr \/>\n<p>[\/vc_column_text][\/vc_column][\/vc_row][vc_row el_id=&#8221;TEXTO_FIN_NOTICIA&#8221;][vc_column][vc_column_text]Els ve\u00efns i les ve\u00efnes d&#8217;Elx compromesos amb el reciclatge obtindran a partir de hui <strong>recompenses cada vegada que reciclen les seues llandes i les seues botelles de pl\u00e0stic<\/strong> de begudes en un contenidor groc que l&#8217;ajuntament il\u00b7licit\u00e0 ha instal\u00b7lat, amb la col\u00b7laboraci\u00f3 d&#8217;Ecoembes i de la Generalitat, al Mercat Central i als mercats de la pla\u00e7a Madrid i la pla\u00e7a Barcelona.<\/p>\n<p>La campanya ha sigut presentada aquest mat\u00ed al mercat de la pla\u00e7a de Barcelona per la regidora de Medi Ambient, Esther D\u00edez, i pels regidors de Neteja, H\u00e9ctor D\u00edez, i de Mercats, Carles Molina, que han depositat una botella en una d&#8217;aquestes m\u00e0quines amb la qual <strong>els consumidors podran obtindre punts canviables, denominats RECICLOS<\/strong>. A m\u00e9s, a aquesta trobada ha assistit el director general d&#8217;Educaci\u00f3 Ambiental, Joan Piquer, i el gerent d&#8217;Ecoembes a la Comunitat Valenciana, Xabier Balagu\u00e9.<\/p>\n<p>Esther D\u00edez ha indicat que els ciutadans<strong> podran obtindre premis sostenibles i socials<\/strong> quan reciclen les seues llandes i botelles de pl\u00e0stic de begudes i ha destacat que \u201ces tracta de facilitar al ciutad\u00e0 que puga fer aquesta activitat de manera quotidiana i contribuir a fomentar el consum als mercats municipals\u201d.[\/vc_column_text][\/vc_column][\/vc_row][vc_row type=&#8221;flexslider_slide&#8221; interval=&#8221;5&#8243; source=&#8221;media_library&#8221; images=&#8221;&#8221; img_size=&#8221;full&#8221; external_img_size=&#8221;&#8221; onclick=&#8221;link_image&#8221; custom_links_target=&#8221;_self&#8221; el_class=&#8221;galerianoticia&#8221; title=&#8221;&#8221; custom_srcs=&#8221;&#8221; custom_links=&#8221;&#8221;][vc_column][vc_gallery type=&#8221;flexslider_slide&#8221; interval=&#8221;5&#8243; images=&#8221;176314,176316,176318&#8243; img_size=&#8221;full&#8221; el_class=&#8221;galerianoticia&#8221;][\/vc_column][\/vc_row][vc_row][vc_column][vc_column_text]Per part seua, Balagu\u00e9 ha manifestat que \u201cdes d&#8217;Ecoembes considerem fonamental portar aquest h\u00e0bit de reciclatge m\u00e9s enll\u00e0 de la llar\u201d i ha explicat que amb aquest <strong>Sistema de Devoluci\u00f3 i Recompensa (SDR) els ciutadans podran obtindre incentius de tipus individual o per a donar-los a col\u00b7lectius<\/strong> com els ve\u00efns de l&#8217;illa de La Palma, a trav\u00e9s de Creu Roja, o al Banc d&#8217;Aliments. A m\u00e9s, ha assenyalat que aquesta iniciativa s&#8217;ha implementat ja en altres ciutats com Val\u00e8ncia i Castell\u00f3, on la participaci\u00f3 est\u00e0 sent positiva, i ha mostrat la intenci\u00f3 de continuar incorporant aquestes m\u00e0quines a altres depend\u00e8ncies municipals, hospitals i poliesportius.<\/p>\n<p>Mentrestant, el director general d&#8217;Educaci\u00f3 Ambiental ha agra\u00eft la implicaci\u00f3 de l&#8217;Ajuntament d&#8217;Elx en aquest projecte amb la cessi\u00f3 d&#8217;aquests locals per a implantar aquesta novetat. \u201cA la Comunitat Valenciana <strong>som pioners a traslladar aquest model de reciclatge als mercats municipals i volem continuar ampliant-lo<\/strong> a m\u00e9s ciutats per al foment de la recollida separada de llandes i botelles amb la intenci\u00f3 de complir i d\u2019avan\u00e7ar en els objectius marcats per la Uni\u00f3 Europea\u201d, ha detallat.<\/p>\n<h5>Com usar les m\u00e0quines RECICLOS<\/h5>\n<p>Per a fer \u00fas de les m\u00e0quines de RECICLOS, els usuaris nom\u00e9s han de r<strong>egistrar-se en la <em>webapp<\/em> (<a href=\"https:\/\/app.reciclos.com\">app.reciclos.com<\/a>), depositar totes les seues llandes i botelles<\/strong> de pl\u00e0stic de begudes en una m\u00e0quina de RECICLOS i <strong>escanejar el QR que mostrar\u00e0 la m\u00e0quina<\/strong>.[\/vc_column_text][\/vc_column][\/vc_row][vc_row el_id=&#8221;TEXTO_NOTICIA&#8221;][vc_column][vc_column_text][\/vc_column_text][\/vc_column][\/vc_row][vc_row el_id=&#8221;DESTACADO_NOTICIA&#8221;][vc_column][vc_column_text el_class=&#8221;cuadronoticia&#8221;]<\/p>\n<h5>Esther D\u00edez destaca que els ciutadans podran obtindre premis sostenibles i socials quan reciclen les seues llandes i botelles de pl\u00e0stic de begudes a les m\u00e0quines situades al Mercat Central i als mercats de la pla\u00e7a Madrid i de la pla\u00e7a Barcelona<\/h5>\n<p>[\/vc_column_text][\/vc_column][\/vc_row][vc_row][vc_column][vc_column_text]En fer-ho, <strong>obtindran punts, denominats RECICLOS<\/strong>, que podran canviar per les diferents recompenses disponibles, com ara, en el cas de les m\u00e0quines dels mercats d&#8217;Elx, entregar-los a projectes de donaci\u00f3 d&#8217;aliments per a persones vulnerables. <strong>Aquests punts tindran un l\u00edmit setmanal<\/strong> amb la finalitat que els ciutadans no sols reciclen m\u00e9s i millor els seus envasos, sin\u00f3 que consumisquen de manera responsable.<\/p>\n<h5>Ecoembes<\/h5>\n<p><strong>Ecoembes \u00e9s l&#8217;organitzaci\u00f3 ambiental sense \u00e0nim de lucre que coordina el reciclatge<\/strong> dels envasos de pl\u00e0stic, de les llandes i dels brics (contenidor groc) i dels envasos de cart\u00f3 i de paper (contenidor blau) a Espanya.<\/p>\n<p>En 2020, es van entregar a instal\u00b7lacions de reciclatge <strong>1.490.283 tones d&#8217;envasos dom\u00e8stics<\/strong> procedents dels contenidors grocs i blaus del carrer, de recollides selectives a llocs de gran aflu\u00e8ncia i de plantes de residus municipals. Gr\u00e0cies a aix\u00f2, <strong>es van obtindre nombrosos beneficis ambientals com ara evitar l&#8217;emissi\u00f3 de 1,67 milions de tones de CO\u2082 a l&#8217;atmosfera<\/strong> o estalviar 20,29 milions de m\u00b3 d&#8217;aigua i 6,37 milions de Mwh d&#8217;energia.<\/p>\n<hr \/>\n<p>&nbsp;<\/p>\n<p>[\/vc_column_text][\/vc_column][\/vc_row][vc_row][vc_column width=&#8221;1\/6&#8243;][\/vc_column][vc_column width=&#8221;2\/3&#8243;]<audio class=\"sc_audio\" src=\"https:\/\/soundcloud.com\/ayuntamiento-de-elche\/inicativa-de-reciclos-de-ecoembes?si=a36433fc07a249ada8b47f7e0746b6c3&#038;utm_source=clipboard&#038;utm_medium=text&#038;utm_campaign=social_sharing\" width=\"\" height=\"\"><\/audio>[\/vc_column][vc_column width=&#8221;1\/6&#8243;][\/vc_column][\/vc_row]<\/p>\n<\/div>","protected":false},"excerpt":{"rendered":"<p>[vc_row el_id=&#8221;SUBTITULAR_NOTICIA&#8221;][vc_column][vc_column_text] La campanya, que compta amb la col\u00b7laboraci\u00f3 d&#8217;Ecoembes i de la Generalitat, ha sigut presentada aquest mat\u00ed per la regidora de Medi Ambient, Esther D\u00edez, i pels regidors [&hellip;]<\/p>\n","protected":false},"author":131,"featured_media":176313,"comment_status":"closed","ping_status":"closed","sticky":false,"template":"","format":"standard","meta":{"footnotes":""},"categories":[391,2783,211,3013,1312],"tags":[],"class_list":["post-176326","post","type-post","status-publish","format-standard","has-post-thumbnail","hentry","category-home-va","category-limpieza-va","category-medi-ambient-va","category-mercats","category-noticias-va"],"_links":{"self":[{"href":"https:\/\/www.elche.es\/va\/wp-json\/wp\/v2\/posts\/176326","targetHints":{"allow":["GET"]}}],"collection":[{"href":"https:\/\/www.elche.es\/va\/wp-json\/wp\/v2\/posts"}],"about":[{"href":"https:\/\/www.elche.es\/va\/wp-json\/wp\/v2\/types\/post"}],"author":[{"embeddable":true,"href":"https:\/\/www.elche.es\/va\/wp-json\/wp\/v2\/users\/131"}],"replies":[{"embeddable":true,"href":"https:\/\/www.elche.es\/va\/wp-json\/wp\/v2\/comments?post=176326"}],"version-history":[{"count":0,"href":"https:\/\/www.elche.es\/va\/wp-json\/wp\/v2\/posts\/176326\/revisions"}],"wp:featuredmedia":[{"embeddable":true,"href":"https:\/\/www.elche.es\/va\/wp-json\/wp\/v2\/media\/176313"}],"wp:attachment":[{"href":"https:\/\/www.elche.es\/va\/wp-json\/wp\/v2\/media?parent=176326"}],"wp:term":[{"taxonomy":"category","embeddable":true,"href":"https:\/\/www.elche.es\/va\/wp-json\/wp\/v2\/categories?post=176326"},{"taxonomy":"post_tag","embeddable":true,"href":"https:\/\/www.elche.es\/va\/wp-json\/wp\/v2\/tags?post=176326"}],"curies":[{"name":"wp","href":"https:\/\/api.w.org\/{rel}","templated":true}]}}