{"id":176737,"date":"2021-12-15T15:34:51","date_gmt":"2021-12-15T14:34:51","guid":{"rendered":"https:\/\/www.elche.es\/2021\/12\/el-ball-especial-preraim-2021-i-un-estand-a-exponadal-animaran-les-festes-nadalenques-per-als-mes-majors\/"},"modified":"2021-12-15T15:34:52","modified_gmt":"2021-12-15T14:34:52","slug":"el-ball-especial-preraim-2021-i-un-estand-a-exponadal-animaran-les-festes-nadalenques-per-als-mes-majors","status":"publish","type":"post","link":"https:\/\/www.elche.es\/va\/2021\/12\/el-ball-especial-preraim-2021-i-un-estand-a-exponadal-animaran-les-festes-nadalenques-per-als-mes-majors\/","title":{"rendered":"El ball especial &#8220;Prera\u00efm 2021&#8221; i un estand a Exponadal animaran les festes nadalenques per als m\u00e9s majors"},"content":{"rendered":"<div class=\"wpb-content-wrapper\"><p>[vc_row el_id=&#8221;SUBTITULAR_NOTICIA&#8221;][vc_column][vc_column_text]<\/p>\n<hr \/>\n<h4>L&#8217;edil de l&#8217;\u00e0rea, Puri Vives, anuncia que per a les tradicionals campanades d&#8217;enguany es repartir\u00e0 una bosseta amb el 12 grans de ra\u00efm de la sort a eixida de l&#8217;esdeveniment i un val per a la tradicional xocolatada<\/h4>\n<hr \/>\n<p>[\/vc_column_text][\/vc_column][\/vc_row][vc_row el_id=&#8221;TEXTO_FIN_NOTICIA&#8221;][vc_column][vc_column_text]El <strong>ball especial &#8220;Prera\u00efm 2021&#8221; i un estand de la Regidoria de Pol\u00edtiques de Majors a la 27a edici\u00f3 d&#8217;Exponadal<\/strong> animaran el Nadal per als m\u00e9s majors del municipi, tal com ha anunciat la <strong>regidora de Pol\u00edtiques de Majors, Puri Vives<\/strong>.<\/p>\n<p>El 30 de desembre a les 17.00 hores, comen\u00e7aran les activitats amb el <strong>ball especial \u201cPrera\u00efm 2021\u201d, al Centre C\u00edvic Candalix \u2013 Bailongo<\/strong>. Per a participar en aquest esdeveniment ser\u00e0 necessari disposar d&#8217;invitaci\u00f3 que <strong>es podr\u00e0 recollir a la Regidoria de Pol\u00edtiques de Majors<\/strong> en horari de 9.00 a 13.00 hores fins que aquestes s&#8217;esgoten.<\/p>\n<p>&#8220;Per a no perdre l&#8217;ess\u00e8ncia d&#8217;aquesta entranyable celebraci\u00f3, enguany com que no es poden consumir aliments, farem les tradicionals campanades d&#8217;una forma diferent, <strong>es repartir\u00e0 una bosseta amb el dotze grans ra\u00efm de la sort a l&#8217;eixida de l&#8217;esdeveniment i un val per a la tradicional xocolatada<\/strong>, canviable durant 15 dies&#8221;, ha explicat l&#8217;edil de l&#8217;\u00e0rea.<\/p>\n<p>Per a poder assistir ser\u00e0 obligatori l<strong>&#8216;\u00fas de m\u00e0scara, el certificat Covid digital i l\u2019\u00fas de gel hidroalcoh\u00f2lic<\/strong>. A m\u00e9s, queda prohibit menjar i beure durant l&#8217;esdeveniment i per a ballar s&#8217;hauran de garantir els 1,5 metres de dist\u00e0ncia.<\/p>\n<h5>Exponadal<\/h5>\n<p>D&#8217;altra banda, d<strong>el 27 al 30 de desembre i del 2 al 4 de gener, la Regidoria participar\u00e0 en la 27a edici\u00f3 d&#8217;Exponadal<\/strong>, que obri les seues portes de 10.30 a 20.30 hores.<\/p>\n<p>Majors i joves gaudiran de <strong>balls de sal\u00f3, de karaoke, de jocs tradicionals, de manualitats, pintacares i d\u2019un taller de cuina<\/strong>, entre altres coses. A m\u00e9s, hi haur\u00e0 un estand amb informaci\u00f3 sobre les activitats formatives i d&#8217;oci planificades per la Regidoria de cara a 2022.<\/p>\n<p>Vives ha animat els majors del municipi a aprofitar aquesta oportunitat i a participar en les activitats i per a qualsevol dubte <strong>els interessats poden contactar amb la Regidoria a trav\u00e9s n\u00famero de tel\u00e8fon 966 658 263<\/strong> o de manera presencial en aquesta.<\/p>\n<hr \/>\n<p>&nbsp;<\/p>\n<p>[\/vc_column_text][\/vc_column][\/vc_row][vc_row][vc_column width=&#8221;1\/6&#8243;][\/vc_column][vc_column width=&#8221;2\/3&#8243;]<audio class=\"sc_audio\" src=\"https:\/\/soundcloud.com\/ayuntamiento-de-elche\/puri-vives-sobre-las-actividades-de-navidad?si=1b857fd699244db59cb991ad186f6491&#038;utm_source=clipboard&#038;utm_medium=text&#038;utm_campaign=social_sharing\" width=\"\" height=\"\"><\/audio>[\/vc_column][vc_column width=&#8221;1\/6&#8243;][\/vc_column][\/vc_row]<\/p>\n<\/div>","protected":false},"excerpt":{"rendered":"<p>[vc_row el_id=&#8221;SUBTITULAR_NOTICIA&#8221;][vc_column][vc_column_text] L&#8217;edil de l&#8217;\u00e0rea, Puri Vives, anuncia que per a les tradicionals campanades d&#8217;enguany es repartir\u00e0 una bosseta amb el 12 grans de ra\u00efm de la sort a eixida [&hellip;]<\/p>\n","protected":false},"author":131,"featured_media":176688,"comment_status":"closed","ping_status":"closed","sticky":false,"template":"","format":"standard","meta":{"footnotes":""},"categories":[391,890,1312],"tags":[],"class_list":["post-176737","post","type-post","status-publish","format-standard","has-post-thumbnail","hentry","category-home-va","category-mayores-va","category-noticias-va"],"_links":{"self":[{"href":"https:\/\/www.elche.es\/va\/wp-json\/wp\/v2\/posts\/176737","targetHints":{"allow":["GET"]}}],"collection":[{"href":"https:\/\/www.elche.es\/va\/wp-json\/wp\/v2\/posts"}],"about":[{"href":"https:\/\/www.elche.es\/va\/wp-json\/wp\/v2\/types\/post"}],"author":[{"embeddable":true,"href":"https:\/\/www.elche.es\/va\/wp-json\/wp\/v2\/users\/131"}],"replies":[{"embeddable":true,"href":"https:\/\/www.elche.es\/va\/wp-json\/wp\/v2\/comments?post=176737"}],"version-history":[{"count":0,"href":"https:\/\/www.elche.es\/va\/wp-json\/wp\/v2\/posts\/176737\/revisions"}],"wp:featuredmedia":[{"embeddable":true,"href":"https:\/\/www.elche.es\/va\/wp-json\/wp\/v2\/media\/176688"}],"wp:attachment":[{"href":"https:\/\/www.elche.es\/va\/wp-json\/wp\/v2\/media?parent=176737"}],"wp:term":[{"taxonomy":"category","embeddable":true,"href":"https:\/\/www.elche.es\/va\/wp-json\/wp\/v2\/categories?post=176737"},{"taxonomy":"post_tag","embeddable":true,"href":"https:\/\/www.elche.es\/va\/wp-json\/wp\/v2\/tags?post=176737"}],"curies":[{"name":"wp","href":"https:\/\/api.w.org\/{rel}","templated":true}]}}