{"id":177273,"date":"2021-12-20T14:24:18","date_gmt":"2021-12-20T13:24:18","guid":{"rendered":"https:\/\/www.elche.es\/2021\/12\/la-generalitat-licita-el-servei-de-transport-public-dautobus-elx-rodalia\/"},"modified":"2021-12-21T10:08:59","modified_gmt":"2021-12-21T09:08:59","slug":"la-generalitat-licita-el-servei-de-transport-public-dautobus-elx-rodalia","status":"publish","type":"post","link":"https:\/\/www.elche.es\/va\/2021\/12\/la-generalitat-licita-el-servei-de-transport-public-dautobus-elx-rodalia\/","title":{"rendered":"La Generalitat licita el servei de transport p\u00fablic d&#8217;autob\u00fas Elx-Rodalia"},"content":{"rendered":"<div class=\"wpb-content-wrapper\"><p>[vc_row el_id=&#8221;SUBTITULAR_NOTICIA&#8221;][vc_column][vc_column_text]<\/p>\n<hr \/>\n<h4>La regidora de Mobilitat, Esther D\u00edez, explica que \u201ces tracta del servei de transport p\u00fablic que connecta el nostre municipi amb Crevillent, amb Alacant, amb la Universitat Miguel Hern\u00e1ndez i amb la Universitat d&#8217;Alacant, aix\u00ed com amb altres punts d&#8217;inter\u00e9s del nostre entorn\u201d<\/h4>\n<hr \/>\n<p>[\/vc_column_text][\/vc_column][\/vc_row][vc_row el_id=&#8221;TEXTO_FIN_NOTICIA&#8221;][vc_column][vc_column_text]La <strong>regidora de Mobilitat, Esther D\u00edez<\/strong>, ha celebrat que la Generalitat Valenciana haja iniciat ja la<strong> licitaci\u00f3 del servei d&#8217;autob\u00fas Elx-Rodalia<\/strong>.<\/p>\n<p>Tal com ha explicat D\u00edez, \u201ces tracta del servei de transport p\u00fablic que <strong>connecta el nostre municipi amb Crevillent, amb Alacant, amb la Universitat Miguel Hern\u00e1ndez i amb la Universitat d&#8217;Alacant<\/strong>, aix\u00ed com amb altres punts d&#8217;inter\u00e9s del nostre entorn\u201d.<\/p>\n<p>El contracte <strong>ix per un valor estimat de 28.000 euros i compr\u00e9n una poblaci\u00f3 aproximada de 695.000 habitants<\/strong>. \u201cA la fi veu la llum aquest projecte que modernitza un servei que hauria d&#8217;haver-se licitat fa molts anys i que fomentar\u00e0 l&#8217;\u00fas del transport p\u00fablic a la nostra comarca i millorar\u00e0 els \u00edndexs de qualitat de l&#8217;aire en tot l&#8217;entorn del Baix Vinalop\u00f3 i tamb\u00e9 de la connexi\u00f3 amb L&#8217;Alacant\u00ed\u201d, ha assegurat la regidora.<\/p>\n<hr \/>\n<p>&nbsp;<\/p>\n<p>[\/vc_column_text][\/vc_column][\/vc_row][vc_row][vc_column width=&#8221;1\/6&#8243;][\/vc_column][vc_column width=&#8221;2\/3&#8243;]<audio class=\"sc_audio\" src=\"https:\/\/soundcloud.com\/ayuntamiento-de-elche\/esther-diez-5?si=39eeec515b7948eb99ec7f92ed38e930&#038;utm_source=clipboard&#038;utm_medium=text&#038;utm_campaign=social_sharing\" width=\"\" height=\"\"><\/audio>[\/vc_column][vc_column width=&#8221;1\/6&#8243;][\/vc_column][\/vc_row]<\/p>\n<\/div>","protected":false},"excerpt":{"rendered":"<p>[vc_row el_id=&#8221;SUBTITULAR_NOTICIA&#8221;][vc_column][vc_column_text] La regidora de Mobilitat, Esther D\u00edez, explica que \u201ces tracta del servei de transport p\u00fablic que connecta el nostre municipi amb Crevillent, amb Alacant, amb la Universitat Miguel [&hellip;]<\/p>\n","protected":false},"author":131,"featured_media":177294,"comment_status":"closed","ping_status":"closed","sticky":false,"template":"","format":"standard","meta":{"footnotes":""},"categories":[391,217,1312],"tags":[],"class_list":["post-177273","post","type-post","status-publish","format-standard","has-post-thumbnail","hentry","category-home-va","category-mobilitat","category-noticias-va"],"_links":{"self":[{"href":"https:\/\/www.elche.es\/va\/wp-json\/wp\/v2\/posts\/177273","targetHints":{"allow":["GET"]}}],"collection":[{"href":"https:\/\/www.elche.es\/va\/wp-json\/wp\/v2\/posts"}],"about":[{"href":"https:\/\/www.elche.es\/va\/wp-json\/wp\/v2\/types\/post"}],"author":[{"embeddable":true,"href":"https:\/\/www.elche.es\/va\/wp-json\/wp\/v2\/users\/131"}],"replies":[{"embeddable":true,"href":"https:\/\/www.elche.es\/va\/wp-json\/wp\/v2\/comments?post=177273"}],"version-history":[{"count":0,"href":"https:\/\/www.elche.es\/va\/wp-json\/wp\/v2\/posts\/177273\/revisions"}],"wp:featuredmedia":[{"embeddable":true,"href":"https:\/\/www.elche.es\/va\/wp-json\/wp\/v2\/media\/177294"}],"wp:attachment":[{"href":"https:\/\/www.elche.es\/va\/wp-json\/wp\/v2\/media?parent=177273"}],"wp:term":[{"taxonomy":"category","embeddable":true,"href":"https:\/\/www.elche.es\/va\/wp-json\/wp\/v2\/categories?post=177273"},{"taxonomy":"post_tag","embeddable":true,"href":"https:\/\/www.elche.es\/va\/wp-json\/wp\/v2\/tags?post=177273"}],"curies":[{"name":"wp","href":"https:\/\/api.w.org\/{rel}","templated":true}]}}