{"id":177936,"date":"2021-12-27T14:21:37","date_gmt":"2021-12-27T13:21:37","guid":{"rendered":"https:\/\/www.elche.es\/2021\/12\/mobilitat-sostenible-i-la-umhe-posen-en-marxa-en-la-universitat-lestacio-numero-51-de-bicielx\/"},"modified":"2021-12-28T08:41:16","modified_gmt":"2021-12-28T07:41:16","slug":"mobilitat-sostenible-i-la-umhe-posen-en-marxa-en-la-universitat-lestacio-numero-51-de-bicielx","status":"publish","type":"post","link":"https:\/\/www.elche.es\/va\/2021\/12\/mobilitat-sostenible-i-la-umhe-posen-en-marxa-en-la-universitat-lestacio-numero-51-de-bicielx\/","title":{"rendered":"Mobilitat Sostenible i la UMHE posen en marxa en la Universitat l&#8217;estaci\u00f3 n\u00famero 51 de Bicielx"},"content":{"rendered":"<div class=\"wpb-content-wrapper\"><p>[vc_row el_id=&#8221;SUBTITULAR_NOTICIA&#8221;][vc_column][vc_column_text]<\/p>\n<hr \/>\n<h4>L&#8217;edil de l&#8217;\u00e0rea, Esther D\u00edez, i el vicerector d&#8217;Infraestructures, Pedro Vicente, destaquen que \u00e9s el quart punt d&#8217;estacionament que s&#8217;instal\u00b7la dins del recinte per a fomentar la mobilitat amb bicicleta dels estudiants<\/h4>\n<hr \/>\n<p>[\/vc_column_text][\/vc_column][\/vc_row][vc_row el_id=&#8221;TEXTO_FIN_NOTICIA&#8221;][vc_column][vc_column_text]La regidora de Mobilitat Sostenible, Esther D\u00edez, al costat del Vicerector d&#8217;Infraestructures de la UMHE, Pedro Vicente, ha presentat aquest mat\u00ed l&#8217;estaci\u00f3 n\u00famero 51 de Bicielx, a l&#8217;altura de l&#8217;edifici Torrevaillo de la Universitat Miguel Hern\u00e1ndez.<\/p>\n<p>D\u00edez ha agra\u00eft a la universitat &#8220;per haver apostat per la mobilitat ciclista, per anar ampliant les estacions de Bicielx&#8221; i ha destacat que el finan\u00e7ament d&#8217;aquesta estaci\u00f3 \u00e9s a c\u00e0rrec de la UMH \u00edntegrament.<\/p>\n<p>A m\u00e9s, la regidora ha afegit que &#8220;\u00e9s una mostra del comprom\u00eds que tenen amb la mobilitat sostenible&#8221; i que fomenta que els estudiants arriben a la universitat pedalant.[\/vc_column_text][\/vc_column][\/vc_row][vc_row type=&#8221;flexslider_slide&#8221; interval=&#8221;5&#8243; source=&#8221;media_library&#8221; images=&#8221;&#8221; img_size=&#8221;full&#8221; external_img_size=&#8221;&#8221; onclick=&#8221;link_image&#8221; custom_links_target=&#8221;_self&#8221; el_class=&#8221;galerianoticia&#8221; title=&#8221;&#8221; custom_srcs=&#8221;&#8221; custom_links=&#8221;&#8221;][vc_column][vc_gallery type=&#8221;flexslider_slide&#8221; interval=&#8221;5&#8243; images=&#8221;177910,177912,177914&#8243; img_size=&#8221;full&#8221; el_class=&#8221;galerianoticia&#8221;][\/vc_column][\/vc_row][vc_row][vc_column][vc_column_text]L&#8217;estaci\u00f3 s&#8217;emmarca dins de la fase d&#8217;ampliaci\u00f3 del servei de lloguer p\u00fablic de bicicletes que continuar\u00e0 al llarg del mes de gener i que &#8220;ens permetr\u00e0 fer un salt i ampliar la cobertura del servei en els diferents barris de la ciutat&#8221;, ha assenyalat la regidora de l&#8217;\u00e0rea.<\/p>\n<p>Es tracta del quart punt d&#8217;estacionament dins de la UMHE despr\u00e9s dels situats a l&#8217;Escola Oficial d&#8217;Idiomes, a l&#8217;edifici Rectorat i al Palau dels Esports, amb la qual cosa, segons Vicente, <strong>&#8220;amb aquesta estaci\u00f3 que est\u00e0 prop de la piscina fem pr\u00e0cticament un quadrat perqu\u00e8 tots els usuaris de la universitat tinguem una estaci\u00f3 de Bicielx prop dels nostres edificis&#8221;.<\/strong><\/p>\n<hr \/>\n<p>[\/vc_column_text][\/vc_column][\/vc_row][vc_row][vc_column width=&#8221;1\/2&#8243;]<audio class=\"sc_audio\" src=\"https:\/\/soundcloud.com\/ayuntamiento-de-elche\/esther-diez-sobre-la-nueva-estacion-de-bicielx-en-la-universidad?si=1f065f0e76c841b493e50bec583075b1&#038;utm_source=clipboard&#038;utm_medium=text&#038;utm_campaign=social_sharing\" width=\"\" height=\"\"><\/audio>[\/vc_column][vc_column width=&#8221;1\/2&#8243;]<audio class=\"sc_audio\" src=\"https:\/\/soundcloud.com\/ayuntamiento-de-elche\/pedro-vicente-sobre-la-nueva-estacion-de-bicielx-en-la-universidad?si=084944765c66442396c213f25e918ae4&#038;utm_source=clipboard&#038;utm_medium=text&#038;utm_campaign=social_sharing\" width=\"\" height=\"\"><\/audio>[\/vc_column][\/vc_row]<\/p>\n<\/div>","protected":false},"excerpt":{"rendered":"<p>[vc_row el_id=&#8221;SUBTITULAR_NOTICIA&#8221;][vc_column][vc_column_text] L&#8217;edil de l&#8217;\u00e0rea, Esther D\u00edez, i el vicerector d&#8217;Infraestructures, Pedro Vicente, destaquen que \u00e9s el quart punt d&#8217;estacionament que s&#8217;instal\u00b7la dins del recinte per a fomentar la mobilitat [&hellip;]<\/p>\n","protected":false},"author":131,"featured_media":177909,"comment_status":"closed","ping_status":"closed","sticky":false,"template":"","format":"standard","meta":{"footnotes":""},"categories":[391,217,1312],"tags":[],"class_list":["post-177936","post","type-post","status-publish","format-standard","has-post-thumbnail","hentry","category-home-va","category-mobilitat","category-noticias-va"],"_links":{"self":[{"href":"https:\/\/www.elche.es\/va\/wp-json\/wp\/v2\/posts\/177936","targetHints":{"allow":["GET"]}}],"collection":[{"href":"https:\/\/www.elche.es\/va\/wp-json\/wp\/v2\/posts"}],"about":[{"href":"https:\/\/www.elche.es\/va\/wp-json\/wp\/v2\/types\/post"}],"author":[{"embeddable":true,"href":"https:\/\/www.elche.es\/va\/wp-json\/wp\/v2\/users\/131"}],"replies":[{"embeddable":true,"href":"https:\/\/www.elche.es\/va\/wp-json\/wp\/v2\/comments?post=177936"}],"version-history":[{"count":0,"href":"https:\/\/www.elche.es\/va\/wp-json\/wp\/v2\/posts\/177936\/revisions"}],"wp:featuredmedia":[{"embeddable":true,"href":"https:\/\/www.elche.es\/va\/wp-json\/wp\/v2\/media\/177909"}],"wp:attachment":[{"href":"https:\/\/www.elche.es\/va\/wp-json\/wp\/v2\/media?parent=177936"}],"wp:term":[{"taxonomy":"category","embeddable":true,"href":"https:\/\/www.elche.es\/va\/wp-json\/wp\/v2\/categories?post=177936"},{"taxonomy":"post_tag","embeddable":true,"href":"https:\/\/www.elche.es\/va\/wp-json\/wp\/v2\/tags?post=177936"}],"curies":[{"name":"wp","href":"https:\/\/api.w.org\/{rel}","templated":true}]}}