{"id":178369,"date":"2022-01-03T15:30:39","date_gmt":"2022-01-03T14:30:39","guid":{"rendered":"https:\/\/www.elche.es\/2022\/01\/lajuntament-recupera-la-cavalcada-dels-reis-mags-amb-un-nou-itinerari-que-recorrera-els-carrers-mes-amplis-de-la-ciutat\/"},"modified":"2022-01-04T10:01:29","modified_gmt":"2022-01-04T09:01:29","slug":"lajuntament-recupera-la-cavalcada-dels-reis-mags-amb-un-nou-itinerari-que-recorrera-els-carrers-mes-amplis-de-la-ciutat","status":"publish","type":"post","link":"https:\/\/www.elche.es\/va\/2022\/01\/lajuntament-recupera-la-cavalcada-dels-reis-mags-amb-un-nou-itinerari-que-recorrera-els-carrers-mes-amplis-de-la-ciutat\/","title":{"rendered":"L&#8217;Ajuntament recupera la cavalcada de Reis amb un nou itinerari que recorrer\u00e0 els carrers m\u00e9s amplis de la ciutat"},"content":{"rendered":"<div class=\"wpb-content-wrapper\"><p>[vc_row el_id=&#8221;SUBTITULAR_NOTICIA&#8221;][vc_column][vc_column_text]<\/p>\n<hr \/>\n<h4>A partir de dem\u00e0, a les 9.00 hores, es posaran a la venda 11.500 localitats, 3.000 seients m\u00e9s que en anys anteriors, que es podran adquirir a trav\u00e9s de la plataforma Instaticket i a les casetes instal\u00b7lades a la pla\u00e7a de l\u2019Algeps, al passeig de l&#8217;Estaci\u00f3 i al quiosc de flors del carrer Reina Vict\u00f2ria<\/h4>\n<hr \/>\n<p>[\/vc_column_text][\/vc_column][\/vc_row][vc_row el_id=&#8221;TEXTO_NOTICIA&#8221;][vc_column][vc_column_text]Elx ja est\u00e0 preparada per a rebre les seues majestats el pr\u00f2xim 5 de gener. Aix\u00ed ho ha anunciat la<strong> regidora de Festes, Mariola Galiana<\/strong>, que ha informat que <strong>dimarts, 4 de gener, a partir de les 9.00 hores, es posaran a la venda 11.500 localitats, 3.000 seients m\u00e9s que en anys anteriors<\/strong>, que es podran adquirir en l\u00ednia a trav\u00e9s de la plataforma <a href=\"https:\/\/www.instanticket.es\/cabalgata-de-reyes-2022\/?id=2022REYESELX\" target=\"_blank\" rel=\"noopener\">Instanticket<\/a>\u00a0i de manera presencial a les casetes que s&#8217;instal\u00b7laran a la pla\u00e7a de l\u2019Algeps, al passeig de l&#8217;Estaci\u00f3 i al quiosc de flors del carrer Reina Vict\u00f2ria.[\/vc_column_text]<a href=\"https:\/\/www.instanticket.es\/cabalgata-de-reyes-2022\/?id=2022REYESELX\" target=\"_blank\" class=\"sc_button sc_button_square sc_button_style_filled style_original sc_button_size_small aligncenter\">Venta de entradas online<\/a>[vc_column_text]La tradicional cavalcada, en la qual participar\u00e0 l&#8217;<strong>Associaci\u00f3 de Patinadors d&#8217;Elx<\/strong>, xanquers, titelles, fade m\u00e0giques, i m\u00e9s de 20 personatges de Star Wars, aix\u00ed com un magn\u00edfic espectacle circense tindr\u00e0 un recorregut diferent i <strong>partir\u00e0 a les 19.00 hores des del parc Pedro Zerolo i discorrer\u00e0 per l&#8217;avinguda de Novelda, continuar\u00e0 pels carrers Jordi Joan i Vicent Blasco Ib\u00e1\u00f1ez per a rec\u00f3rrer el cor de la ciutat fins a arribar al palau d&#8217;Altamira i finalitzar al carrer Mestre Alb\u00e9niz<\/strong>.<\/p>\n<p>Galiana ha explicat que \u201cenguany s&#8217;ha triat un recorregut m\u00e9s llarg de l&#8217;habitual, que discorrer\u00e0 pels carrers m\u00e9s amplis i amb les voreres m\u00e9s amples de la ciutat, per la qual cosa, s\u2019ha pogut incrementar el nombre de cadires que eixiran a la venda. L&#8217;objectiu d&#8217;aquests canvis ha sigut <strong>generar espais m\u00e9s amplis i oberts per a vetlar per la seguretat dels assistents<\/strong> i d&#8217;eixa manera complir amb les noves normatives i amb les recomanacions per a aquests esdeveniments.<\/p>\n<p>Aix\u00ed mateix, ha recordat que <strong>les casetes tancaran a les 14.00 i obriran novament a les 17.00 fins a les 20.00<\/strong>\u201d. No obstant aix\u00f2, Galiana ha assenyalat que existeix la possibilitat que les entrades s&#8217;esgoten al mat\u00ed, per la qual cosa ha recomanat acudir al m\u00e9s prompte possible.<\/p>\n<p>La regidora ha destacat que en ambdues modalitats <strong>es podran adquirir un m\u00e0xim de deu tiquets per persona<\/strong>. A m\u00e9s, Galiana ha indicat que els patges reials han arribat a la ciutat perqu\u00e8 els m\u00e9s xicotets puguen entregar-los les seues cartes carregades d&#8217;il\u00b7lusions i de desitjos. Podran fer-ho a la fira de Nadal hui i dem\u00e0, 4 de gener ,des de les 11.00 fins a les 14.30 i de 17.00 fins a les 21.00 hores.<\/p>\n<p>El <strong>5 de gener a les 10.30 les seues Majestats, Gaspar, Melcior i Baltasar arribaran a la nostra ciutat i se&#8217;ls far\u00e0 la recepci\u00f3 al palau d&#8217;Altamira<\/strong>, on els xiquets podran traslladar-los personalment els seus desitjos de 10.30 a 14.00 hores.[\/vc_column_text][\/vc_column][\/vc_row][vc_row el_id=&#8221;DESTACADO_NOTICIA&#8221;][vc_column][vc_column_text el_class=&#8221;cuadronoticia&#8221;]<\/p>\n<h5>La regidora de l&#8217;\u00e0rea, Mariola Galiana, assenyala que els m\u00e9s xicotets podran entregar-los les seues cartes als patges reials a partir de hui a la fira de Nadal. I el 5 de gener tindr\u00e0 lloc la recepci\u00f3 als Reis d&#8217;Orient a les 10.30 del mat\u00ed al palau d&#8217;Altamira<\/h5>\n<p>[\/vc_column_text][\/vc_column][\/vc_row][vc_row el_id=&#8221;TEXTO_FIN_NOTICIA&#8221;][vc_column][vc_column_text]A m\u00e9s, l&#8217;edil ha revelat alguns dels m\u00edtics personatges que desfilaran durant la cavalcada com ara Pinotxo, Pep Consci\u00e8ncies, els protagonistes de Marvel o de Transformers.<\/p>\n<p>Galiana tamb\u00e9 ha anunciat que amb la finalitat d&#8217;evitar concentrar tothom despr\u00e9s de la cavalcada en un sol espai, <strong>enguany no es representar\u00e0 l&#8217;adoraci\u00f3 dels Reis a Traspalau, que tenia lloc quan finalitzava<\/strong>.<\/p>\n<h5>Dispositiu de Seguretat<\/h5>\n<p>L&#8217;edil ha assenyalat que <strong>participaran en la cavalcada al voltant de 525 persones<\/strong> entre els espectacles, m\u00fasics, ballarines i els diferents personatges que intervenen.<\/p>\n<p>Per a vetlar per la seguretat del recorregut i per la de les persones es desplegar\u00e0 un <strong>dispositiu policial i de protecci\u00f3 civil de m\u00e9s de 200 persones<\/strong>.<\/p>\n<p>A aquests caldria sumar-los m\u00e9s de 100 efectius entre personal de seguretat privada i d&#8217;organitzaci\u00f3, que estaran vetlant a l&#8217;interior de tota la desfilada, perqu\u00e8 transc\u00f3rrega amb total normalitat.<\/p>\n<p>Per tant, enguany es comptar\u00e0 amb <strong>m\u00e9s de 300 persones que vetlaran per la seguretat i pel correcte desenvolupament de la cavalcada<\/strong>.<\/p>\n<hr \/>\n<p>&nbsp;<\/p>\n<p>[\/vc_column_text][\/vc_column][\/vc_row][vc_row][vc_column width=&#8221;1\/6&#8243;][\/vc_column][vc_column width=&#8221;2\/3&#8243;]<audio class=\"sc_audio\" src=\"https:\/\/soundcloud.com\/ayuntamiento-de-elche\/nuevo-itinerario-de-la-cabalgata-de-reyes-en-elche?si=3195e2b860144e4fa1e5a664c0c66740&#038;utm_source=clipboard&#038;utm_medium=text&#038;utm_campaign=social_sharing\" width=\"\" height=\"\"><\/audio>[\/vc_column][vc_column width=&#8221;1\/6&#8243;][\/vc_column][\/vc_row]<\/p>\n<\/div>","protected":false},"excerpt":{"rendered":"<p>[vc_row el_id=&#8221;SUBTITULAR_NOTICIA&#8221;][vc_column][vc_column_text] A partir de dem\u00e0, a les 9.00 hores, es posaran a la venda 11.500 localitats, 3.000 seients m\u00e9s que en anys anteriors, que es podran adquirir a trav\u00e9s [&hellip;]<\/p>\n","protected":false},"author":131,"featured_media":178354,"comment_status":"closed","ping_status":"closed","sticky":false,"template":"","format":"standard","meta":{"footnotes":""},"categories":[191,391,1312],"tags":[],"class_list":["post-178369","post","type-post","status-publish","format-standard","has-post-thumbnail","hentry","category-festes-va","category-home-va","category-noticias-va"],"_links":{"self":[{"href":"https:\/\/www.elche.es\/va\/wp-json\/wp\/v2\/posts\/178369","targetHints":{"allow":["GET"]}}],"collection":[{"href":"https:\/\/www.elche.es\/va\/wp-json\/wp\/v2\/posts"}],"about":[{"href":"https:\/\/www.elche.es\/va\/wp-json\/wp\/v2\/types\/post"}],"author":[{"embeddable":true,"href":"https:\/\/www.elche.es\/va\/wp-json\/wp\/v2\/users\/131"}],"replies":[{"embeddable":true,"href":"https:\/\/www.elche.es\/va\/wp-json\/wp\/v2\/comments?post=178369"}],"version-history":[{"count":0,"href":"https:\/\/www.elche.es\/va\/wp-json\/wp\/v2\/posts\/178369\/revisions"}],"wp:featuredmedia":[{"embeddable":true,"href":"https:\/\/www.elche.es\/va\/wp-json\/wp\/v2\/media\/178354"}],"wp:attachment":[{"href":"https:\/\/www.elche.es\/va\/wp-json\/wp\/v2\/media?parent=178369"}],"wp:term":[{"taxonomy":"category","embeddable":true,"href":"https:\/\/www.elche.es\/va\/wp-json\/wp\/v2\/categories?post=178369"},{"taxonomy":"post_tag","embeddable":true,"href":"https:\/\/www.elche.es\/va\/wp-json\/wp\/v2\/tags?post=178369"}],"curies":[{"name":"wp","href":"https:\/\/api.w.org\/{rel}","templated":true}]}}