{"id":178373,"date":"2022-01-03T16:03:16","date_gmt":"2022-01-03T15:03:16","guid":{"rendered":"https:\/\/www.elche.es\/2022\/01\/la-regidoria-de-comerc-entrega-els-premis-del-concurs-daparadors-nadalencs\/"},"modified":"2022-01-03T16:03:16","modified_gmt":"2022-01-03T15:03:16","slug":"la-regidoria-de-comerc-entrega-els-premis-del-concurs-daparadors-nadalencs","status":"publish","type":"post","link":"https:\/\/www.elche.es\/va\/2022\/01\/la-regidoria-de-comerc-entrega-els-premis-del-concurs-daparadors-nadalencs\/","title":{"rendered":"La Regidoria de Comer\u00e7 entrega els premis del concurs d&#8217;aparadors nadalencs"},"content":{"rendered":"<div class=\"wpb-content-wrapper\"><p>[vc_row el_id=&#8221;SUBTITULAR_NOTICIA&#8221;][vc_column][vc_column_text]<\/p>\n<hr \/>\n<h4>El certamen \u201cMira el Nadal\u201d reparteix 6.000 euros en guardons per a premiar la labor que realitzen els comerciants i els hostalers durant tot l&#8217;any<\/h4>\n<hr \/>\n<p>[\/vc_column_text][\/vc_column][\/vc_row][vc_row el_id=&#8221;TEXTO_NOTICIA&#8221;][vc_column][vc_column_text]El <strong>regidor de Comer\u00e7, Felip S\u00e0nchez<\/strong>, ha entregat els premis del <strong>primer concurs d&#8217;aparadors nadalencs \u201cMira el Nadal\u201d<\/strong>, que ha repartit 6000 euros en guardons a comer\u00e7os i a locals d&#8217;hostaleria.<\/p>\n<p>\u201cDes de la regidoria de Comer\u00e7 estem molt satisfets amb aquesta segona edici\u00f3 del concurs d&#8217;aparadorisme nadalenc \u201dMira el Nadal\u201d, que ha comptat amb una implicaci\u00f3 i amb un nivell alt\u00edssim entre els comerciants participants\u201d, ha explicat l&#8217;edil de l&#8217;\u00e0rea, que ha afegit que \u201c<strong>aquest concurs sorgeix per a premiar la labor que realitzen els comerciants durant tot l&#8217;any, per a fomentar que decoren els seus aparadors i locals durant la celebraci\u00f3 de les festes nadalenques<\/strong> per a animar els nostres carrers i per a afavorir les compres al comer\u00e7 local\u201d.<\/p>\n<p><strong>El primer premi ha recaigut, en la categoria de Comer\u00e7, <em>ex aequo<\/em>, en La Basilisa i Sakura<\/strong>. D&#8217;aquesta manera, el jurat ha volgut valorar, amb dos primers premis, l&#8217;alt nivell dels participants en aquesta categoria.[\/vc_column_text][\/vc_column][\/vc_row][vc_row el_id=&#8221;DESTACADO_NOTICIA&#8221;][vc_column][vc_gallery type=&#8221;flexslider_slide&#8221; interval=&#8221;5&#8243; images=&#8221;178365,178367,178363,178361&#8243; img_size=&#8221;full&#8221; el_class=&#8221;galerianoticia&#8221;][\/vc_column][\/vc_row][vc_row el_id=&#8221;TEXTO_FIN_NOTICIA&#8221;][vc_column][vc_column_text]La decisi\u00f3 del jurat es va donar a con\u00e9ixer divendres passat i s\u2019han lliurat els guardons als mateixos locals premiats. D&#8217;aquesta manera, s&#8217;han atorgat reconeixements en les categories de comer\u00e7 i d\u2019hostaleria. <strong>En la categoria de Comer\u00e7<\/strong> s&#8217;han repartit tres acc\u00e8ssits de 150 euros, que han anat a parar al centre de bellesa <strong>M\u00aa Asunci\u00f3n Sansano, TwinSocks i Nou Mueble<\/strong>. A m\u00e9s, s&#8217;han repartit dos primers premis <em>ex aequo<\/em>, un segon i un tercer premi, dotats de 1.500, 800 i 400 euros respectivament i que han recaigut en <strong>La Basilisa, Sakura, Los Eventos de Nana y Stiletto<\/strong>, respectivament.<\/p>\n<p>En la <strong>categoria d&#8217;Hostaleria<\/strong>, l&#8217;acc\u00e8ssit de 150 ha anat per a <strong>Veggie Kitchen<\/strong>; el primer premi ha quedat desert i el segon i el tercer premi, dotats igualment amb 800 i 400 euros han sigut per a <strong>Adarve Gastrobar i La Magdalena<\/strong>.<\/p>\n<p>El jurat ha estat compost per <strong>Mar\u00eda Teresa Garc\u00eda Blasco<\/strong>, llicenciada en Publicitat i RRPP i il\u00b7lustradora de la campanya \u201cMira el Nadal 2021\u201d; per<strong> Daniel Raspe\u00f1o Ruano<\/strong>, interiorista; per <strong>F\u00e9lix Cardona Ortiz<\/strong>, bloguer gastron\u00f2mic; i per <strong>Mar\u00eda Reyes Garc\u00eda,<\/strong> t\u00e8cnica de la Regidoria de Comer\u00e7 de l&#8217;Ajuntament d\u2019Elx.<\/p>\n<p>Els membres han destacat la <strong>dificultat per a triar els locals guanyadors<\/strong> i tamb\u00e9 han agra\u00eft la seua participaci\u00f3 a tots els establiments i els han animat a continuar participant en pr\u00f2ximes edicions.<\/p>\n<hr \/>\n<p>&nbsp;<\/p>\n<p>[\/vc_column_text][\/vc_column][\/vc_row][vc_row][vc_column width=&#8221;1\/6&#8243;][\/vc_column][vc_column width=&#8221;2\/3&#8243;]<audio class=\"sc_audio\" src=\"https:\/\/soundcloud.com\/ayuntamiento-de-elche\/premios-del-concurso-de-escaparates-navidenos-de-elche?si=3195e2b860144e4fa1e5a664c0c66740&#038;utm_source=clipboard&#038;utm_medium=text&#038;utm_campaign=social_sharing\" width=\"\" height=\"\"><\/audio>[\/vc_column][vc_column width=&#8221;1\/6&#8243;][\/vc_column][\/vc_row]<\/p>\n<\/div>","protected":false},"excerpt":{"rendered":"<p>[vc_row el_id=&#8221;SUBTITULAR_NOTICIA&#8221;][vc_column][vc_column_text] El certamen \u201cMira el Nadal\u201d reparteix 6.000 euros en guardons per a premiar la labor que realitzen els comerciants i els hostalers durant tot l&#8217;any [\/vc_column_text][\/vc_column][\/vc_row][vc_row el_id=&#8221;TEXTO_NOTICIA&#8221;][vc_column][vc_column_text]El regidor [&hellip;]<\/p>\n","protected":false},"author":131,"featured_media":178366,"comment_status":"closed","ping_status":"closed","sticky":false,"template":"","format":"standard","meta":{"footnotes":""},"categories":[2636,391,1312],"tags":[],"class_list":["post-178373","post","type-post","status-publish","format-standard","has-post-thumbnail","hentry","category-comerc-va","category-home-va","category-noticias-va"],"_links":{"self":[{"href":"https:\/\/www.elche.es\/va\/wp-json\/wp\/v2\/posts\/178373","targetHints":{"allow":["GET"]}}],"collection":[{"href":"https:\/\/www.elche.es\/va\/wp-json\/wp\/v2\/posts"}],"about":[{"href":"https:\/\/www.elche.es\/va\/wp-json\/wp\/v2\/types\/post"}],"author":[{"embeddable":true,"href":"https:\/\/www.elche.es\/va\/wp-json\/wp\/v2\/users\/131"}],"replies":[{"embeddable":true,"href":"https:\/\/www.elche.es\/va\/wp-json\/wp\/v2\/comments?post=178373"}],"version-history":[{"count":0,"href":"https:\/\/www.elche.es\/va\/wp-json\/wp\/v2\/posts\/178373\/revisions"}],"wp:featuredmedia":[{"embeddable":true,"href":"https:\/\/www.elche.es\/va\/wp-json\/wp\/v2\/media\/178366"}],"wp:attachment":[{"href":"https:\/\/www.elche.es\/va\/wp-json\/wp\/v2\/media?parent=178373"}],"wp:term":[{"taxonomy":"category","embeddable":true,"href":"https:\/\/www.elche.es\/va\/wp-json\/wp\/v2\/categories?post=178373"},{"taxonomy":"post_tag","embeddable":true,"href":"https:\/\/www.elche.es\/va\/wp-json\/wp\/v2\/tags?post=178373"}],"curies":[{"name":"wp","href":"https:\/\/api.w.org\/{rel}","templated":true}]}}