{"id":178552,"date":"2022-01-05T12:59:11","date_gmt":"2022-01-05T11:59:11","guid":{"rendered":"https:\/\/www.elche.es\/2022\/01\/gonzalez-valora-positivament-el-descens-de-latur-en-2021-en-mes-de-4-000-persones-la-qual-cosa-demostra-la-solidesa-de-la-recuperacio-economica-a-elx\/"},"modified":"2022-01-05T13:01:04","modified_gmt":"2022-01-05T12:01:04","slug":"gonzalez-valora-positivament-el-descens-de-latur-en-2021-en-mes-de-4-000-persones-la-qual-cosa-demostra-la-solidesa-de-la-recuperacio-economica-a-elx","status":"publish","type":"post","link":"https:\/\/www.elche.es\/va\/2022\/01\/gonzalez-valora-positivament-el-descens-de-latur-en-2021-en-mes-de-4-000-persones-la-qual-cosa-demostra-la-solidesa-de-la-recuperacio-economica-a-elx\/","title":{"rendered":"Gonz\u00e1lez valora positivament el descens de l&#8217;atur en 2021 en m\u00e9s de 4.000 persones, \u201cla qual cosa demostra la solidesa de la recuperaci\u00f3 econ\u00f2mica a Elx&#8221;"},"content":{"rendered":"<div class=\"wpb-content-wrapper\"><p>[vc_row el_id=&#8221;SUBTITULAR_NOTICIA&#8221;][vc_column][vc_column_text]<\/p>\n<hr \/>\n<h4>L&#8217;alcalde d&#8217;Elx destaca que \u00e9s la major caiguda anual de les \u00faltimes dues d\u00e8cades i la segona millor dada des de la crisi de 2008, a m\u00e9s, en l&#8217;\u00faltim mes l&#8217;atur s&#8217;ha redu\u00eft en quasi mil persones<\/h4>\n<hr \/>\n<p>[\/vc_column_text][\/vc_column][\/vc_row][vc_row el_id=&#8221;TEXTO_NOTICIA&#8221;][vc_column][vc_column_text]\u201cSense cap mena de triomfalisme, perqu\u00e8 mentre hi haja una sola persona a Elx que vulga treballar i no trobe ocupaci\u00f3 no podrem estar satisfets, \u00e9s indubtable que la dada d&#8217;atur de desembre \u00e9s excel\u00b7lent i la xifra d&#8217;aturats amb la qual acaba l&#8217;any \u00e9s realment positiva\u201d, ha assegurat l&#8217;alcalde d&#8217;Elx, Carlos Gonz\u00e1lez, que <strong>ha valorat molt positivament que l&#8217;any 2021 s&#8217;haja tancat amb 23.027 persones en atur, 4.148 persones menys que en 2020<\/strong>.<\/p>\n<p>Tal com ha destacat el regidor, que es troba en a\u00efllament domiciliari despr\u00e9s de donar positiu per Covid, es tracta del major descens anual de les \u00faltimes d\u00e8cades (descensos recents: 2015, -3141; 2016,-2069; 2017, -1677; 2018, -1465; 2019, -526; 2020 ,+4209 i 2021, -4127). <strong>A m\u00e9s, la dada d&#8217;atur amb la qual acaba 2021 \u00e9s la segona millor de la s\u00e8rie hist\u00f2rica des de la crisi de 2008<\/strong>.<\/p>\n<p>\u201c<strong>Reduir la desocupaci\u00f3 en quasi 1.000 persones en l&#8217;\u00faltim mes, un 4 per cent, \u00e9s una xifra r\u00e8cord desconeguda a la nostra ciutat fins ara<\/strong>. Juntament amb aix\u00f2, una reducci\u00f3 acumulada de m\u00e9s de 4000 persones durant un any, que suposa un 15 per cent, \u00e9s tamb\u00e9 una xifra in\u00e8dita, que mai s&#8217;havia produ\u00eft\u201d, ha assenyalat Carlos Gonz\u00e1lez.[\/vc_column_text][\/vc_column][\/vc_row][vc_row el_id=&#8221;DESTACADO_NOTICIA&#8221;][vc_column][vc_column_text el_class=&#8221;cuadronoticia&#8221;]\u201cAquestes dades demostren que estem en un entorn de recuperaci\u00f3 en el qual els nostres sectors econ\u00f2mics han fet b\u00e9 les coses i en el qual les administracions hem pres les decisions oportunes i necess\u00e0ries, tant de suport al nostre teixit productiu com d&#8217;est\u00edmul de l&#8217;activitat econ\u00f2mica&#8221;.[\/vc_column_text][\/vc_column][\/vc_row][vc_row el_id=&#8221;TEXTO_FIN_NOTICIA&#8221;][vc_column][vc_column_text]L&#8217;alcalde explica que \u201caquestes dades s\u00f3n la prova que estem en un entorn de recuperaci\u00f3 en el qual els nostres sectors econ\u00f2mics han fet b\u00e9 les coses, han sabut llegir el moment econ\u00f2mic i adoptar decisions encertades; i que l<strong>es administracions, tant la Generalitat com l&#8217;Ajuntament d&#8217;Elx, hem pres les decisions oportunes i necess\u00e0ries<\/strong>, tant de suport al nostre teixit productiu en un primer moment com d&#8217;est\u00edmul de l&#8217;activitat econ\u00f2mica despr\u00e9s\u201d.<\/p>\n<p>Carlos Gonz\u00e1lez assenyala que <strong>\u201cla caiguda de l&#8217;atur de 2021 absorbeix el brutal increment de la desocupaci\u00f3 experimentada en 2020, ocasionada per l&#8217;emerg\u00e8ncia sanit\u00e0ria\u201d i destaca que \u201cla xifra d&#8217;atur de desembre \u00e9s ja millor que la pr\u00e8via a la pand\u00e8mia, al mar\u00e7 de 2020\u201d<\/strong>.<\/p>\n<p>A m\u00e9s, apunta que, inusualment, l&#8217;atur cau m\u00e9s entre les dones, 553, que entre els homes, 393.<\/p>\n<p><strong>\u201cEstem davant la segon millor dada d&#8217;atur de la s\u00e8rie hist\u00f2rica des de juny de 2015, quan vam arribar al govern municipal. La baixada d&#8217;atur acumulada des de juny de 2015 \u00e9s ja superior als 6200 aturats\u201d<\/strong>, ha indicat el regidor.<\/p>\n<hr \/>\n<p>[\/vc_column_text][\/vc_column][\/vc_row][vc_row][vc_column width=&#8221;1\/6&#8243;][\/vc_column][vc_column width=&#8221;2\/3&#8243;]<audio class=\"sc_audio\" src=\"https:\/\/soundcloud.com\/ayuntamiento-de-elche\/el-alcalde-valorando-la-bajada-del-paro-en-elche?si=bf9483a710e84ca8b37c2769e3d0751a&#038;utm_source=clipboard&#038;utm_medium=text&#038;utm_campaign=social_sharing\" width=\"\" height=\"\"><\/audio>[\/vc_column][vc_column width=&#8221;1\/6&#8243;][\/vc_column][\/vc_row]<\/p>\n<\/div>","protected":false},"excerpt":{"rendered":"<p>[vc_row el_id=&#8221;SUBTITULAR_NOTICIA&#8221;][vc_column][vc_column_text] L&#8217;alcalde d&#8217;Elx destaca que \u00e9s la major caiguda anual de les \u00faltimes dues d\u00e8cades i la segona millor dada des de la crisi de 2008, a m\u00e9s, en [&hellip;]<\/p>\n","protected":false},"author":131,"featured_media":152757,"comment_status":"closed","ping_status":"closed","sticky":false,"template":"","format":"standard","meta":{"footnotes":""},"categories":[391,1312],"tags":[],"class_list":["post-178552","post","type-post","status-publish","format-standard","has-post-thumbnail","hentry","category-home-va","category-noticias-va"],"_links":{"self":[{"href":"https:\/\/www.elche.es\/va\/wp-json\/wp\/v2\/posts\/178552","targetHints":{"allow":["GET"]}}],"collection":[{"href":"https:\/\/www.elche.es\/va\/wp-json\/wp\/v2\/posts"}],"about":[{"href":"https:\/\/www.elche.es\/va\/wp-json\/wp\/v2\/types\/post"}],"author":[{"embeddable":true,"href":"https:\/\/www.elche.es\/va\/wp-json\/wp\/v2\/users\/131"}],"replies":[{"embeddable":true,"href":"https:\/\/www.elche.es\/va\/wp-json\/wp\/v2\/comments?post=178552"}],"version-history":[{"count":0,"href":"https:\/\/www.elche.es\/va\/wp-json\/wp\/v2\/posts\/178552\/revisions"}],"wp:featuredmedia":[{"embeddable":true,"href":"https:\/\/www.elche.es\/va\/wp-json\/wp\/v2\/media\/152757"}],"wp:attachment":[{"href":"https:\/\/www.elche.es\/va\/wp-json\/wp\/v2\/media?parent=178552"}],"wp:term":[{"taxonomy":"category","embeddable":true,"href":"https:\/\/www.elche.es\/va\/wp-json\/wp\/v2\/categories?post=178552"},{"taxonomy":"post_tag","embeddable":true,"href":"https:\/\/www.elche.es\/va\/wp-json\/wp\/v2\/tags?post=178552"}],"curies":[{"name":"wp","href":"https:\/\/api.w.org\/{rel}","templated":true}]}}