{"id":178602,"date":"2022-01-05T14:30:33","date_gmt":"2022-01-05T13:30:33","guid":{"rendered":"https:\/\/www.elche.es\/2022\/01\/els-reis-dorient-arriben-a-elx-per-a-rebre-les-cartes-amb-els-regals-dels-xiquets-i-de-les-xiquetes-del-municipi\/"},"modified":"2022-01-05T14:30:34","modified_gmt":"2022-01-05T13:30:34","slug":"els-reis-dorient-arriben-a-elx-per-a-rebre-les-cartes-amb-els-regals-dels-xiquets-i-de-les-xiquetes-del-municipi","status":"publish","type":"post","link":"https:\/\/www.elche.es\/va\/2022\/01\/els-reis-dorient-arriben-a-elx-per-a-rebre-les-cartes-amb-els-regals-dels-xiquets-i-de-les-xiquetes-del-municipi\/","title":{"rendered":"Els Reis d\u2019Orient arriben a Elx per a rebre les cartes amb els regals dels xiquets i de les xiquetes del municipi"},"content":{"rendered":"<div class=\"wpb-content-wrapper\"><p>[vc_row el_id=&#8221;SUBTITULAR_NOTICIA&#8221;][vc_column][vc_column_text]<\/p>\n<hr \/>\n<h4>L&#8217;edil de Festes, Mariola Galiana, rep a Ses Majestats a l&#8217;Ajuntament i comenta que estan &#8220;molt contents d&#8217;haver arribat a la ciutat i volen que en la nit m\u00e9s m\u00e0gica de l&#8217;any tots els xiquets i les xiquetes tinguen eixe component d&#8217;il\u00b7lusi\u00f3 i d\u2019alegria tan necessari en aquests temps&#8221;<\/h4>\n<hr \/>\n<p>[\/vc_column_text][\/vc_column][\/vc_row][vc_row el_id=&#8221;TEXTO_NOTICIA&#8221;][vc_column][vc_column_text]<strong>Els Reis Mags han arribat aquest mat\u00ed a Elx per a rebre les cartes amb els regals dels xiquets i de les xiquetes del municipi<\/strong>.<\/p>\n<p>La<strong> regidora de Festes, Mariola Galiana, ha rebut a Ses Majestats Melcior, Gaspar i Baltasar a l&#8217;Ajuntament<\/strong> i, posteriorment, ha assistit al pati d&#8217;armes del palau d&#8217;Altamira, on els xiquets i les xiquetes de la ciutat han pogut saludar i entregar les seues cartes als Reis. <strong>L&#8217;alcalde d&#8217;Elx, Carlos Gonz\u00e1lez, no ha pogut acudir pel seu confinament despr\u00e9s de resultar positiu en Covid dilluns passat<\/strong>.<\/p>\n<p>&#8220;<strong>Els Reis d\u2019Orient estan molt contents d&#8217;haver arribat a la ciutat<\/strong> i volen que en la nit m\u00e9s m\u00e0gica de l&#8217;any tots els xiquets i les xiquetes tinguen eixe component d&#8217;il\u00b7lusi\u00f3 i d\u2019alegria tan necessari en aquests temps&#8221;, ha comentat l&#8217;edil de l&#8217;\u00e0rea, que ha afegit que, a m\u00e9s de la rebuda a l&#8217;Ajuntament, &#8220;els hem regalat un present per a cadascun de part de tots els il\u00b7licitans i de les il\u00b7licitanes&#8221;.[\/vc_column_text][\/vc_column][\/vc_row][vc_row][vc_column][vc_gallery type=&#8221;flexslider_slide&#8221; interval=&#8221;5&#8243; images=&#8221;178566,178568,178572,178570,178574,178578,178576,178580&#8243; img_size=&#8221;full&#8221; el_class=&#8221;galerianoticia&#8221;][\/vc_column][\/vc_row][vc_row el_id=&#8221;TEXTO_FIN_NOTICIA&#8221;][vc_column][vc_column_text]<\/p>\n<h5>Torna la cavalcada a les 19.00 hores<\/h5>\n<p>D&#8217;altra banda, aquesta vesprada torna la cavalcada dels Reis d\u2019Orient a Elx a partir de les 19.00 hores. Galiana ha recordat que <strong>enguany s&#8217;han incorporat diverses novetats d&#8217;acord amb les \u00faltimes recomanacions sanit\u00e0ries<\/strong> com ara el recorregut m\u00e9s llarg i pels carrers m\u00e9s amples de la ciutat &#8220;perqu\u00e8 les persones estiguen en espais m\u00e9s oberts&#8221;.<\/p>\n<p>D&#8217;altra banda, una altra de les novetats \u00e9s que enguany la cavalcada comptar\u00e0 amb 3.000 cadires m\u00e9s, ja que &#8220;quanta m\u00e9s gent estiga asseguda, m\u00e9s ens assegurem de poder controlar les persones&#8221;, ha afegit l&#8217;edil.<\/p>\n<p>A m\u00e9s, <strong>un dispositiu d&#8217;unes 300 persones organitzat per l&#8217;Ajuntament vetlar\u00e0 perqu\u00e8 el recorregut transc\u00f3rrega amb \u00e8xit i perqu\u00e8 la gent seguisca les recomanacions sanit\u00e0ries<\/strong>.<\/p>\n<hr \/>\n<p>&nbsp;<\/p>\n<p>[\/vc_column_text][\/vc_column][\/vc_row][vc_row][vc_column width=&#8221;1\/6&#8243;][\/vc_column][vc_column width=&#8221;2\/3&#8243;]<audio class=\"sc_audio\" src=\"https:\/\/soundcloud.com\/ayuntamiento-de-elche\/audio-galiana-recepcion-reyes-magos?si=8128e04308b54f4f8bc43dcce6fb8f71&#038;utm_source=clipboard&#038;utm_medium=text&#038;utm_campaign=social_sharing\" width=\"\" height=\"\"><\/audio>[\/vc_column][vc_column width=&#8221;1\/6&#8243;][\/vc_column][\/vc_row]<\/p>\n<\/div>","protected":false},"excerpt":{"rendered":"<p>[vc_row el_id=&#8221;SUBTITULAR_NOTICIA&#8221;][vc_column][vc_column_text] L&#8217;edil de Festes, Mariola Galiana, rep a Ses Majestats a l&#8217;Ajuntament i comenta que estan &#8220;molt contents d&#8217;haver arribat a la ciutat i volen que en la nit [&hellip;]<\/p>\n","protected":false},"author":131,"featured_media":178586,"comment_status":"closed","ping_status":"closed","sticky":false,"template":"","format":"standard","meta":{"footnotes":""},"categories":[191,391,1312],"tags":[],"class_list":["post-178602","post","type-post","status-publish","format-standard","has-post-thumbnail","hentry","category-festes-va","category-home-va","category-noticias-va"],"_links":{"self":[{"href":"https:\/\/www.elche.es\/va\/wp-json\/wp\/v2\/posts\/178602","targetHints":{"allow":["GET"]}}],"collection":[{"href":"https:\/\/www.elche.es\/va\/wp-json\/wp\/v2\/posts"}],"about":[{"href":"https:\/\/www.elche.es\/va\/wp-json\/wp\/v2\/types\/post"}],"author":[{"embeddable":true,"href":"https:\/\/www.elche.es\/va\/wp-json\/wp\/v2\/users\/131"}],"replies":[{"embeddable":true,"href":"https:\/\/www.elche.es\/va\/wp-json\/wp\/v2\/comments?post=178602"}],"version-history":[{"count":0,"href":"https:\/\/www.elche.es\/va\/wp-json\/wp\/v2\/posts\/178602\/revisions"}],"wp:featuredmedia":[{"embeddable":true,"href":"https:\/\/www.elche.es\/va\/wp-json\/wp\/v2\/media\/178586"}],"wp:attachment":[{"href":"https:\/\/www.elche.es\/va\/wp-json\/wp\/v2\/media?parent=178602"}],"wp:term":[{"taxonomy":"category","embeddable":true,"href":"https:\/\/www.elche.es\/va\/wp-json\/wp\/v2\/categories?post=178602"},{"taxonomy":"post_tag","embeddable":true,"href":"https:\/\/www.elche.es\/va\/wp-json\/wp\/v2\/tags?post=178602"}],"curies":[{"name":"wp","href":"https:\/\/api.w.org\/{rel}","templated":true}]}}