{"id":178808,"date":"2022-01-10T13:34:37","date_gmt":"2022-01-10T12:34:37","guid":{"rendered":"https:\/\/www.elche.es\/2022\/01\/la-policia-local-dete-a-elx-un-home-per-arrancar-diversos-retrovisors-de-vehicles-estacionats\/"},"modified":"2022-01-10T13:34:38","modified_gmt":"2022-01-10T12:34:38","slug":"la-policia-local-dete-a-elx-un-home-per-arrancar-diversos-retrovisors-de-vehicles-estacionats","status":"publish","type":"post","link":"https:\/\/www.elche.es\/va\/2022\/01\/la-policia-local-dete-a-elx-un-home-per-arrancar-diversos-retrovisors-de-vehicles-estacionats\/","title":{"rendered":"La Policia Local det\u00e9 a Elx un home per arrancar diversos retrovisors de vehicles estacionats"},"content":{"rendered":"<div class=\"wpb-content-wrapper\"><p>[vc_row el_id=&#8221;SUBTITULAR_NOTICIA&#8221;][vc_column][vc_column_text]<\/p>\n<hr \/>\n<h4>Un ve\u00ed va alertar els agents despr\u00e9s d&#8217;escoltar diversos colps i d&#8217;observar que l&#8217;implicat danyava els espills<\/h4>\n<hr \/>\n<p>[\/vc_column_text][\/vc_column][\/vc_row][vc_row el_id=&#8221;TEXTO_FIN_NOTICIA&#8221;][vc_column][vc_column_text]La Policia Local d&#8217;Elx va detindre el passat 29 de desembre un home per <strong>arrancar diversos retrovisors de vehicles estacionats al carrer Doctor Fajarn\u00e9s<\/strong>.<\/p>\n<p><strong>Un ve\u00ed va alertar els agents sobre les 00.30 hores dels fets despr\u00e9s d&#8217;escoltar diversos colps i d&#8217;observar que l&#8217;implicat colpejava els espills<\/strong>. El denunciant va descriure la vestimenta de l&#8217;implicat i la direcci\u00f3 que havia pres cap a un hort de palmera. A m\u00e9s, va comentar que caminava trontollant-se possiblement perqu\u00e8 es trobava embriagat.<\/p>\n<p>La dotaci\u00f3 policial es va dirigir a comprovar el total de vehicles danyats juntament amb el testimoni, mentre que diverses patrulles es van acostar a la zona esmentada i <strong>van localitzar una persona que coincidia plenament amb la descripci\u00f3 facilitada<\/strong>; per la qual cosa, quan eixia de l&#8217;hort amb l&#8217;implicat, el ve\u00ed el va identificar.<\/p>\n<p>L&#8217;home, de 44 anys, va ser detingut i traslladat al centre m\u00e8dic i, posteriorment, a depend\u00e8ncies policials.<\/p>\n<p>Donat les hores que eren, els agents <strong>van deixar un av\u00eds en cadascun dels set vehicles afectats<\/strong> perqu\u00e8 els seus propietaris pogueren <strong>posar la corresponent den\u00fancia<\/strong>.<\/p>\n<p>En els \u00faltims dies, s&#8217;han detectat casos similars de danys en vehicles en diferents zones, per la qual cosa, <strong>la Policia Local ha intensificat la vigil\u00e0ncia<\/strong> de manera preventiva.<\/p>\n<hr \/>\n<p>[\/vc_column_text][\/vc_column][\/vc_row][vc_row][vc_column width=&#8221;1\/6&#8243;][\/vc_column][vc_column width=&#8221;2\/3&#8243;]<audio class=\"sc_audio\" src=\"\" width=\"\" height=\"\"><\/audio>[\/vc_column][vc_column width=&#8221;1\/6&#8243;][\/vc_column][\/vc_row]<\/p>\n<\/div>","protected":false},"excerpt":{"rendered":"<p>[vc_row el_id=&#8221;SUBTITULAR_NOTICIA&#8221;][vc_column][vc_column_text] Un ve\u00ed va alertar els agents despr\u00e9s d&#8217;escoltar diversos colps i d&#8217;observar que l&#8217;implicat danyava els espills [\/vc_column_text][\/vc_column][\/vc_row][vc_row el_id=&#8221;TEXTO_FIN_NOTICIA&#8221;][vc_column][vc_column_text]La Policia Local d&#8217;Elx va detindre el passat 29 de [&hellip;]<\/p>\n","protected":false},"author":131,"featured_media":169836,"comment_status":"closed","ping_status":"closed","sticky":false,"template":"","format":"standard","meta":{"footnotes":""},"categories":[2864,238],"tags":[],"class_list":["post-178808","post","type-post","status-publish","format-standard","has-post-thumbnail","hentry","category-breus","category-policia-local-va"],"_links":{"self":[{"href":"https:\/\/www.elche.es\/va\/wp-json\/wp\/v2\/posts\/178808","targetHints":{"allow":["GET"]}}],"collection":[{"href":"https:\/\/www.elche.es\/va\/wp-json\/wp\/v2\/posts"}],"about":[{"href":"https:\/\/www.elche.es\/va\/wp-json\/wp\/v2\/types\/post"}],"author":[{"embeddable":true,"href":"https:\/\/www.elche.es\/va\/wp-json\/wp\/v2\/users\/131"}],"replies":[{"embeddable":true,"href":"https:\/\/www.elche.es\/va\/wp-json\/wp\/v2\/comments?post=178808"}],"version-history":[{"count":0,"href":"https:\/\/www.elche.es\/va\/wp-json\/wp\/v2\/posts\/178808\/revisions"}],"wp:featuredmedia":[{"embeddable":true,"href":"https:\/\/www.elche.es\/va\/wp-json\/wp\/v2\/media\/169836"}],"wp:attachment":[{"href":"https:\/\/www.elche.es\/va\/wp-json\/wp\/v2\/media?parent=178808"}],"wp:term":[{"taxonomy":"category","embeddable":true,"href":"https:\/\/www.elche.es\/va\/wp-json\/wp\/v2\/categories?post=178808"},{"taxonomy":"post_tag","embeddable":true,"href":"https:\/\/www.elche.es\/va\/wp-json\/wp\/v2\/tags?post=178808"}],"curies":[{"name":"wp","href":"https:\/\/api.w.org\/{rel}","templated":true}]}}