{"id":178852,"date":"2022-01-10T15:18:32","date_gmt":"2022-01-10T14:18:32","guid":{"rendered":"https:\/\/www.elche.es\/2022\/01\/lassociacio-romeria-de-sant-antoni-suspen-els-actes-tradicionals-en-honor-al-patro-dels-espardenyers-i-dels-animals\/"},"modified":"2022-01-11T09:08:10","modified_gmt":"2022-01-11T08:08:10","slug":"lassociacio-romeria-de-sant-antoni-suspen-els-actes-tradicionals-en-honor-al-patro-dels-espardenyers-i-dels-animals","status":"publish","type":"post","link":"https:\/\/www.elche.es\/va\/2022\/01\/lassociacio-romeria-de-sant-antoni-suspen-els-actes-tradicionals-en-honor-al-patro-dels-espardenyers-i-dels-animals\/","title":{"rendered":"L&#8217;Associaci\u00f3 Romeria de Sant Antoni susp\u00e9n els actes tradicionals en honor al patr\u00f3 dels espardenyers i dels animals"},"content":{"rendered":"<div class=\"wpb-content-wrapper\"><p>[vc_row el_id=&#8221;SUBTITULAR_NOTICIA&#8221;][vc_column][vc_column_text]<\/p>\n<hr \/>\n<h4>L&#8217;Associaci\u00f3 comunica a l&#8217;Ajuntament la seua decisi\u00f3 de cancel\u00b7lar la tradicional romeria, la process\u00f3, la benedicci\u00f3 dels animals i la foguera<\/h4>\n<hr \/>\n<p>[\/vc_column_text][\/vc_column][\/vc_row][vc_row el_id=&#8221;TEXTO_NOTICIA&#8221;][vc_column][vc_column_text]<strong>La festivitat de Sant Antoni, patr\u00f3 dels espardenyers i dels animals, se celebrar\u00e0 enguany a l&#8217;interior de la parr\u00f2quia<\/strong> amb diferents actes lit\u00fargics. La regidoria de Festes ha manifestat la seua comprensi\u00f3 davant la decisi\u00f3 de l&#8217;Associaci\u00f3 Romeria de Sant Antoni de suspendre els actes tradicionals en honor al sant a causa de la situaci\u00f3 sanit\u00e0ria.<\/p>\n<p>Tant la <strong>regidora de Festes, Mariola Galiana<\/strong>, com la <strong>presidenta de l\u2019Associaci\u00f3, Leonor Navarro<\/strong>, han indicat que l&#8217;objectiu de la cancel\u00b7laci\u00f3 d\u2019aquests actes \u00e9s<strong> protegir les persones davant esdeveniments multitudinaris<\/strong> en els quals no es pot garantir l&#8217;\u00fas de la m\u00e0scara, com \u00e9s el cas de les diferents trobades gastron\u00f2miques que envolten la celebraci\u00f3, com ara el tradicional esmorzar, el repartiment de coca o el concurs de paelles.[\/vc_column_text][\/vc_column][\/vc_row][vc_row el_id=&#8221;DESTACADO_NOTICIA&#8221;][vc_column][vc_column_text el_class=&#8221;cuadronoticia&#8221;]<\/p>\n<h5>La regidora de Festes, Mariola Galiana, ha manifestat la seua comprensi\u00f3 davant la cancel\u00b7laci\u00f3 d&#8217;unes celebracions que comporten gran nombre de trobades gastron\u00f2miques que s\u00f3n incompatibles amb l&#8217;\u00fas de la m\u00e0scara i en les quals no es poden adoptar les mesures necess\u00e0ries per a preservar la seguretat dels participants<\/h5>\n<p>[\/vc_column_text][\/vc_column][\/vc_row][vc_row el_id=&#8221;TEXTO_FIN_NOTICIA&#8221;][vc_column][vc_column_text]L&#8217;associaci\u00f3 ha comunicat a l&#8217;Ajuntament la seua decisi\u00f3 de <strong>suspendre la tradicional romeria, aix\u00ed com la process\u00f3, la benedicci\u00f3 dels animals i la foguera<\/strong>. No obstant aix\u00f2, segons ha explicat la regidora, &#8220;es mantindran els actes religiosos que se celebren a l&#8217;interior de la parr\u00f2quia&#8221;. El dia 17, festivitat del Sant, se celebrar\u00e0 la missa en mem\u00f2ria dels difunts a les 19 hores. El tridu es desenvolupar\u00e0 els dies 21 i 22 de gener a les 20.00 hores, i el diumenge 23 a les 12.00 hores. A les 14.00 hores es disparar\u00e0 una traca com a final de festes.<\/p>\n<p>A m\u00e9s, tant la representant de l&#8217;entitat com la regidora de Festes han fet una <strong>crida als ve\u00efns de Sant Antoni i al p\u00fablic en general perqu\u00e8, en aquest any, <\/strong>&#8220;<strong>no es realitzen les tradicionals fogueres i les paelles<\/strong> als voltants de l&#8217;ermita i de la parr\u00f2quia&#8221;.<\/p>\n<hr \/>\n<p>&nbsp;<\/p>\n<p>[\/vc_column_text][\/vc_column][\/vc_row][vc_row][vc_column width=&#8221;1\/6&#8243;][\/vc_column][vc_column width=&#8221;2\/3&#8243;]<audio class=\"sc_audio\" src=\"https:\/\/soundcloud.com\/ayuntamiento-de-elche\/suspension-de-la-festividad-de-san-anton-en-elche?si=acac7f628b154721a5c72715f92b8ae3&#038;utm_source=clipboard&#038;utm_medium=text&#038;utm_campaign=social_sharing\" width=\"\" height=\"\"><\/audio>[\/vc_column][vc_column width=&#8221;1\/6&#8243;][\/vc_column][\/vc_row]<\/p>\n<\/div>","protected":false},"excerpt":{"rendered":"<p>[vc_row el_id=&#8221;SUBTITULAR_NOTICIA&#8221;][vc_column][vc_column_text] L&#8217;Associaci\u00f3 comunica a l&#8217;Ajuntament la seua decisi\u00f3 de cancel\u00b7lar la tradicional romeria, la process\u00f3, la benedicci\u00f3 dels animals i la foguera [\/vc_column_text][\/vc_column][\/vc_row][vc_row el_id=&#8221;TEXTO_NOTICIA&#8221;][vc_column][vc_column_text]La festivitat de Sant Antoni, patr\u00f3 [&hellip;]<\/p>\n","protected":false},"author":131,"featured_media":178834,"comment_status":"closed","ping_status":"closed","sticky":false,"template":"","format":"standard","meta":{"footnotes":""},"categories":[191,391,1312],"tags":[],"class_list":["post-178852","post","type-post","status-publish","format-standard","has-post-thumbnail","hentry","category-festes-va","category-home-va","category-noticias-va"],"_links":{"self":[{"href":"https:\/\/www.elche.es\/va\/wp-json\/wp\/v2\/posts\/178852","targetHints":{"allow":["GET"]}}],"collection":[{"href":"https:\/\/www.elche.es\/va\/wp-json\/wp\/v2\/posts"}],"about":[{"href":"https:\/\/www.elche.es\/va\/wp-json\/wp\/v2\/types\/post"}],"author":[{"embeddable":true,"href":"https:\/\/www.elche.es\/va\/wp-json\/wp\/v2\/users\/131"}],"replies":[{"embeddable":true,"href":"https:\/\/www.elche.es\/va\/wp-json\/wp\/v2\/comments?post=178852"}],"version-history":[{"count":0,"href":"https:\/\/www.elche.es\/va\/wp-json\/wp\/v2\/posts\/178852\/revisions"}],"wp:featuredmedia":[{"embeddable":true,"href":"https:\/\/www.elche.es\/va\/wp-json\/wp\/v2\/media\/178834"}],"wp:attachment":[{"href":"https:\/\/www.elche.es\/va\/wp-json\/wp\/v2\/media?parent=178852"}],"wp:term":[{"taxonomy":"category","embeddable":true,"href":"https:\/\/www.elche.es\/va\/wp-json\/wp\/v2\/categories?post=178852"},{"taxonomy":"post_tag","embeddable":true,"href":"https:\/\/www.elche.es\/va\/wp-json\/wp\/v2\/tags?post=178852"}],"curies":[{"name":"wp","href":"https:\/\/api.w.org\/{rel}","templated":true}]}}