{"id":178860,"date":"2022-01-10T15:31:26","date_gmt":"2022-01-10T14:31:26","guid":{"rendered":"https:\/\/www.elche.es\/2022\/01\/les-pel%c2%b7licules-nominades-als-goya-protagonitzen-la-cartellera-dels-cinemes-odeon-en-la-seua-nova-temporada\/"},"modified":"2022-01-10T15:31:26","modified_gmt":"2022-01-10T14:31:26","slug":"les-pel%c2%b7licules-nominades-als-goya-protagonitzen-la-cartellera-dels-cinemes-odeon-en-la-seua-nova-temporada","status":"publish","type":"post","link":"https:\/\/www.elche.es\/va\/2022\/01\/les-pel%c2%b7licules-nominades-als-goya-protagonitzen-la-cartellera-dels-cinemes-odeon-en-la-seua-nova-temporada\/","title":{"rendered":"Les pel\u00b7l\u00edcules nominades als Goya protagonitzen la cartellera dels cinemes Odeon en la seua nova temporada"},"content":{"rendered":"<div class=\"wpb-content-wrapper\"><p>[vc_row el_id=&#8221;SUBTITULAR_NOTICIA&#8221;][vc_column][vc_column_text]<\/p>\n<hr \/>\n<h4>L&#8217;oferta d&#8217;aquestes sales municipals es completa amb films infantils, en valenci\u00e0 i projeccions especials com el documental de l&#8217;il\u00b7licit\u00e0 Pepe Andreu sobre <em>La mort i la donzella<\/em>, la premiada obra coreogr\u00e0fica d&#8217;Asun Noales<\/h4>\n<hr \/>\n<p>[\/vc_column_text][\/vc_column][\/vc_row][vc_row type=&#8221;square&#8221; style_color=&#8221;original&#8221; style=&#8221;filled&#8221; size=&#8221;large&#8221; icon=&#8221;inherit&#8221; color=&#8221;&#8221; bg_color=&#8221;&#8221; align=&#8221;center&#8221; link=&#8221;&#8221; target=&#8221;_blank&#8221; popup=&#8221;&#8221; rel=&#8221;&#8221; id=&#8221;&#8221; class=&#8221;btndentronoticia&#8221; animation=&#8221;none&#8221; width=&#8221;&#8221; height=&#8221;&#8221; top=&#8221;small&#8221; bottom=&#8221;small&#8221; left=&#8221;huge&#8221; right=&#8221;huge&#8221;][vc_column]<a href=\"https:\/\/www.elche.es\/wp-content\/uploads\/2021\/11\/PROGRAMACION-ODEON-ENERO-FEBRERO-MARZO-2002-.pdf\" target=\"_blank\" class=\"sc_button sc_button_square sc_button_style_filled style_original sc_button_size_large aligncenter btndentronoticia margin_top_small margin_right_huge margin_bottom_small margin_left_huge\">Descarrega ac\u00ed la programaci\u00f3 dels Cinemes Odeon<\/a>[\/vc_column][\/vc_row][vc_row el_id=&#8221;TEXTO_NOTICIA&#8221;][vc_column][vc_column_text]La cultura a Elx inaugura el 2022 amb la programaci\u00f3 dels Odeon. Per als mesos de gener, febrer i mar\u00e7, tal com ha explicat la regidora de l&#8217;<strong>\u00e0rea, Marga Ant\u00f3n<\/strong>, les <strong>pel\u00b7l\u00edcules nominades als Goya 2022<\/strong> protagonitzaran la cartellera d&#8217;aquestes sales municipals.<\/p>\n<p>Aix\u00ed doncs, els espectadors podran gaudir, entre altres, del <strong>film de Pedro Almod\u00f3var<\/strong> <em>Madres paralelas<\/em>, que aspira a huit estatuetes i que s&#8217;exhibir\u00e0 el pr\u00f2xim dimecres; <strong><em>Maixabe<\/em>l, d&#8217;Ic\u00edar Bolla\u00edn, amb 14 nominacions<\/strong>; <em>El buen patr\u00f3n<\/em>, de Fernando Le\u00f3n d&#8217;Aranoa, amb 20; i <em>Las leyes de la frontera<\/em>, de Daniel Monts\u00f3, amb sis. Tamb\u00e9 es podr\u00e0 visualitzar el <em>thriller<\/em> <em>El sustituto<\/em>, ambientat a la prov\u00edncia d&#8217;Alacant en la d\u00e8cada dels huitanta.<\/p>\n<p>Quant al <strong>cinema internacional<\/strong>, Ant\u00f3n ha subratllat que l&#8217;autora d\u2019 <em>El piano<\/em> torna amb <strong><em>El poder del perro<\/em>, amb set nominacions per als Globus d&#8217;Or i que \u201csona com una de les favorites en els Oscar d&#8217;enguany\u201d<\/strong>, ha expressat. Igualment, es projectar\u00e0 la com\u00e8dia finlandesa <em>Damas de hierro<\/em>, la francesa <em>Entre rosas<\/em>, el <em>biopic<\/em> <em>Eiffel <\/em>i la brit\u00e0nica <em>El espia ingl\u00e9s<\/em>. Entre les cintes estatunidenques per a aquesta temporada dels Odeon destaquen <em>Cry Mascle<\/em>, l&#8217;\u00faltima sota la direcci\u00f3 de Clint Eastwood, i la pel\u00b7l\u00edcula sobre la vida d&#8217;Aretha Franklin <em>Respect<\/em>.[\/vc_column_text][\/vc_column][\/vc_row][vc_row][vc_column][vc_column_text]L&#8217;oferta es completar\u00e0<strong> amb cinema en valenci\u00e0, juntament amb la UMH<\/strong>, infantil com <em>La patrulla canina<\/em> o <em>Pinotxo<\/em> de Mateo Garrone, protagonitzada per Roberto Benigni, i projeccions especials com a <em>D\u00edas de radio<\/em>, de Woody Allen,<strong> amb motiu del Dia Internacional de mitj\u00e0 de comunicaci\u00f3<\/strong>, <em>Nasrin<\/em> en col\u00b7laboraci\u00f3 amb Amnistia Internacional o del documental de l&#8217;il\u00b7licit\u00e0 Pepe Andreu sobre la premiada obra coreogr\u00e0fica <em>La mort i la donzella,<\/em> d&#8217;Asun Noales. Aquesta \u00faltima s&#8217;exhibir\u00e0 el 10 de mar\u00e7 a les 19.00 hores i se celebrar\u00e0 un col\u00b7loqui. L&#8217;endem\u00e0, es podr\u00e0 tornar a gaudir de l&#8217;<strong>espectacle de Noales al Gran Teatre.<\/strong>[\/vc_column_text][\/vc_column][\/vc_row][vc_row][vc_column][vc_single_image image=&#8221;178846&#8243; img_size=&#8221;full&#8221; onclick=&#8221;link_image&#8221; el_class=&#8221;fotounicanoticia&#8221;][\/vc_column][\/vc_row][vc_row el_id=&#8221;DESTACADO_NOTICIA&#8221;][vc_column][vc_column_text el_class=&#8221;cuadronoticia&#8221;]<\/p>\n<h5>Marga Ant\u00f3n, edil de l&#8217;\u00e0rea, manifesta que pr\u00f2ximament es donaran a con\u00e9ixer les programacions culturals de barris i de pedanies i d&#8217;altres instal\u00b7lacions com el Gran Teatre, L\u2019Escorxador o l&#8217;Espai Hernandi\u00e0<\/h5>\n<p>[\/vc_column_text][\/vc_column][\/vc_row][vc_row el_id=&#8221;TEXTO_FIN_NOTICIA&#8221;][vc_column][vc_column_text]\u201c<strong>A partir d&#8217;aquesta setmana podrem veure una varietat de cinema de diferents nacionalitats i una rica programaci\u00f3 per als xiquets<\/strong>, amb la qual cosa els convidem que gaudisquen d&#8217;aquestes pel\u00b7l\u00edcules\u201d, ha concl\u00f2s Ant\u00f3n, que ha especificat que de dimecres a diumenge es desenvolupar\u00e0 la programaci\u00f3 presentada i que els caps de setmana es dedicaran al cinema infantil i els dijous, a la Sala B, a aquelles pel\u00b7l\u00edcules de cicles com ara el de <strong>Cinema Cl\u00e0ssic de la UNED<\/strong>.<\/p>\n<p>La Regidoria continua amb la seua <strong>adaptaci\u00f3 de les sales a col\u00b7lectius i, a trav\u00e9s del sistema Autodesk Mobile, els t\u00edtols <em>Entre rosas<\/em> y <em>Los Olchis<\/em><\/strong> comptaran amb subt\u00edtols complementaris per a les persones invidents.<\/p>\n<p>La responsable municipal, aix\u00ed mateix, ha manifestat que pr\u00f2ximament <strong>es donaran a con\u00e9ixer les programacions culturals de barris, de pedanies i d&#8217;altres instal\u00b7lacions<\/strong> com el Gran Teatre, L\u2019Escorxador o l&#8217;Espai Hernandi\u00e0.<\/p>\n<hr \/>\n<p>&nbsp;<\/p>\n<p>[\/vc_column_text][\/vc_column][\/vc_row][vc_row][vc_column width=&#8221;1\/6&#8243;][\/vc_column][vc_column width=&#8221;2\/3&#8243;]<audio class=\"sc_audio\" src=\"https:\/\/soundcloud.com\/ayuntamiento-de-elche\/edil-marga-anton-programacion-cines-odeon?si=e81143e9070744bca6106c38a7142fc8&#038;utm_source=clipboard&#038;utm_medium=text&#038;utm_campaign=social_sharing\" width=\"\" height=\"\"><\/audio>[\/vc_column][vc_column width=&#8221;1\/6&#8243;][\/vc_column][\/vc_row]<\/p>\n<\/div>","protected":false},"excerpt":{"rendered":"<p>[vc_row el_id=&#8221;SUBTITULAR_NOTICIA&#8221;][vc_column][vc_column_text] L&#8217;oferta d&#8217;aquestes sales municipals es completa amb films infantils, en valenci\u00e0 i projeccions especials com el documental de l&#8217;il\u00b7licit\u00e0 Pepe Andreu sobre La mort i la donzella, la [&hellip;]<\/p>\n","protected":false},"author":131,"featured_media":178849,"comment_status":"closed","ping_status":"closed","sticky":false,"template":"","format":"standard","meta":{"footnotes":""},"categories":[193,391,1312],"tags":[],"class_list":["post-178860","post","type-post","status-publish","format-standard","has-post-thumbnail","hentry","category-cultura-va","category-home-va","category-noticias-va"],"_links":{"self":[{"href":"https:\/\/www.elche.es\/va\/wp-json\/wp\/v2\/posts\/178860","targetHints":{"allow":["GET"]}}],"collection":[{"href":"https:\/\/www.elche.es\/va\/wp-json\/wp\/v2\/posts"}],"about":[{"href":"https:\/\/www.elche.es\/va\/wp-json\/wp\/v2\/types\/post"}],"author":[{"embeddable":true,"href":"https:\/\/www.elche.es\/va\/wp-json\/wp\/v2\/users\/131"}],"replies":[{"embeddable":true,"href":"https:\/\/www.elche.es\/va\/wp-json\/wp\/v2\/comments?post=178860"}],"version-history":[{"count":0,"href":"https:\/\/www.elche.es\/va\/wp-json\/wp\/v2\/posts\/178860\/revisions"}],"wp:featuredmedia":[{"embeddable":true,"href":"https:\/\/www.elche.es\/va\/wp-json\/wp\/v2\/media\/178849"}],"wp:attachment":[{"href":"https:\/\/www.elche.es\/va\/wp-json\/wp\/v2\/media?parent=178860"}],"wp:term":[{"taxonomy":"category","embeddable":true,"href":"https:\/\/www.elche.es\/va\/wp-json\/wp\/v2\/categories?post=178860"},{"taxonomy":"post_tag","embeddable":true,"href":"https:\/\/www.elche.es\/va\/wp-json\/wp\/v2\/tags?post=178860"}],"curies":[{"name":"wp","href":"https:\/\/api.w.org\/{rel}","templated":true}]}}