{"id":178969,"date":"2022-01-11T13:36:18","date_gmt":"2022-01-11T12:36:18","guid":{"rendered":"https:\/\/www.elche.es\/2022\/01\/la-policia-local-dete-un-home-despres-de-donar-se-a-la-fugida-i-de-posar-en-greu-risc-la-circulacio\/"},"modified":"2022-01-11T13:36:19","modified_gmt":"2022-01-11T12:36:19","slug":"la-policia-local-dete-un-home-despres-de-donar-se-a-la-fugida-i-de-posar-en-greu-risc-la-circulacio","status":"publish","type":"post","link":"https:\/\/www.elche.es\/va\/2022\/01\/la-policia-local-dete-un-home-despres-de-donar-se-a-la-fugida-i-de-posar-en-greu-risc-la-circulacio\/","title":{"rendered":"La Policia Local det\u00e9 un home despr\u00e9s de donar-se a la fugida i de posar en greu risc la circulaci\u00f3"},"content":{"rendered":"<div class=\"wpb-content-wrapper\"><p>[vc_row el_id=&#8221;SUBTITULAR_NOTICIA&#8221;][vc_column][vc_column_text]<\/p>\n<hr \/>\n<h4>El presumpte autor dels fets va circular en direcci\u00f3 contr\u00e0ria per diferents carrers i va provocar que diversos vehicles s&#8217;hagueren d&#8217;apartar per a evitar la col\u00b7lisi\u00f3<\/h4>\n<hr \/>\n<p>[\/vc_column_text][\/vc_column][\/vc_row][vc_row el_id=&#8221;TEXTO_FIN_NOTICIA&#8221;][vc_column][vc_column_text]<strong>La Policia Local va detindre el passat 3 de gener un home despr\u00e9s de donar-se a la fugida i de posar en greu risc la circulaci\u00f3<\/strong>. Els fets van oc\u00f3rrer quan una patrulla, mentre es trobava en la tasca rutin\u00e0ria de vigil\u00e0ncia, va observar un vehicle amb defici\u00e8ncies en la il\u00b7luminaci\u00f3, per la qual cosa va procedir a donar-li l&#8217;alt i a denunciar-lo per no portar la ITV en vigor.<\/p>\n<p>El conductor, despr\u00e9s d&#8217;acabar les gestions, va iniciar la marxa r\u00e0pidament, <strong>va apagar les llums, va derrapar i va posar en greu risc la circulaci\u00f3<\/strong>, motiu pel qual els agents van eixir despr\u00e9s d&#8217;ell amb la intenci\u00f3 d&#8217;interceptar-lo.<\/p>\n<p>En eixe moment es va iniciar una persecuci\u00f3. <strong>L&#8217;home va circular en direcci\u00f3 contr\u00e0ria per diferents carrers<\/strong> i va provocar que diversos vehicles s&#8217;hagueren d&#8217;apartar per a evitar la col\u00b7lisi\u00f3.<\/p>\n<p>Donat el nivell de l&#8217;actuaci\u00f3, <strong>els agents van sol\u00b7licitar suport a la resta d&#8217;unitats. A l&#8217;altura del centre comercial l\u2019Aljub<\/strong>, el cotxe va prendre la rotonda direcci\u00f3 oposada i va estar a punt de col\u00b7lidir amb un vehicle policial que va acudir a donar cobertura.<\/p>\n<p>Finalment, <strong>els ocupants de l&#8217;autom\u00f2bil es van introduir a l&#8217;interior d&#8217;un habitatge<\/strong> i, posteriorment, un d&#8217;ells va traure el cap per una finestra i va indicar els agents que no anava a eixir. Al lloc es van personar familiars i ve\u00efns que van comen\u00e7ar a increpar els policies. <strong>Despr\u00e9s de diversos minuts de negociaci\u00f3, el conductor va accedir a entregar-se, va ser detingut i traslladat a la prefectura<\/strong>.<\/p>\n<hr \/>\n<p>&nbsp;<\/p>\n<p>[\/vc_column_text][\/vc_column][\/vc_row]<\/p>\n<\/div>","protected":false},"excerpt":{"rendered":"<p>[vc_row el_id=&#8221;SUBTITULAR_NOTICIA&#8221;][vc_column][vc_column_text] El presumpte autor dels fets va circular en direcci\u00f3 contr\u00e0ria per diferents carrers i va provocar que diversos vehicles s&#8217;hagueren d&#8217;apartar per a evitar la col\u00b7lisi\u00f3 [\/vc_column_text][\/vc_column][\/vc_row][vc_row el_id=&#8221;TEXTO_FIN_NOTICIA&#8221;][vc_column][vc_column_text]La [&hellip;]<\/p>\n","protected":false},"author":131,"featured_media":177666,"comment_status":"closed","ping_status":"closed","sticky":false,"template":"","format":"standard","meta":{"footnotes":""},"categories":[2864,238],"tags":[],"class_list":["post-178969","post","type-post","status-publish","format-standard","has-post-thumbnail","hentry","category-breus","category-policia-local-va"],"_links":{"self":[{"href":"https:\/\/www.elche.es\/va\/wp-json\/wp\/v2\/posts\/178969","targetHints":{"allow":["GET"]}}],"collection":[{"href":"https:\/\/www.elche.es\/va\/wp-json\/wp\/v2\/posts"}],"about":[{"href":"https:\/\/www.elche.es\/va\/wp-json\/wp\/v2\/types\/post"}],"author":[{"embeddable":true,"href":"https:\/\/www.elche.es\/va\/wp-json\/wp\/v2\/users\/131"}],"replies":[{"embeddable":true,"href":"https:\/\/www.elche.es\/va\/wp-json\/wp\/v2\/comments?post=178969"}],"version-history":[{"count":0,"href":"https:\/\/www.elche.es\/va\/wp-json\/wp\/v2\/posts\/178969\/revisions"}],"wp:featuredmedia":[{"embeddable":true,"href":"https:\/\/www.elche.es\/va\/wp-json\/wp\/v2\/media\/177666"}],"wp:attachment":[{"href":"https:\/\/www.elche.es\/va\/wp-json\/wp\/v2\/media?parent=178969"}],"wp:term":[{"taxonomy":"category","embeddable":true,"href":"https:\/\/www.elche.es\/va\/wp-json\/wp\/v2\/categories?post=178969"},{"taxonomy":"post_tag","embeddable":true,"href":"https:\/\/www.elche.es\/va\/wp-json\/wp\/v2\/tags?post=178969"}],"curies":[{"name":"wp","href":"https:\/\/api.w.org\/{rel}","templated":true}]}}