{"id":179203,"date":"2022-01-12T14:58:51","date_gmt":"2022-01-12T13:58:51","guid":{"rendered":"https:\/\/www.elche.es\/2022\/01\/la-policia-local-delx-i-la-guardia-civil-detenen-un-home-a-atzavares-per-robar-gossos-en-diversos-camps\/"},"modified":"2022-01-13T14:37:36","modified_gmt":"2022-01-13T13:37:36","slug":"la-policia-local-delx-i-la-guardia-civil-detenen-un-home-a-atzavares-per-robar-gossos-en-diversos-camps","status":"publish","type":"post","link":"https:\/\/www.elche.es\/va\/2022\/01\/la-policia-local-delx-i-la-guardia-civil-detenen-un-home-a-atzavares-per-robar-gossos-en-diversos-camps\/","title":{"rendered":"La Policia Local d&#8217;Elx i la Gu\u00e0rdia Civil detenen un home a Atzavares per robar gossos en diversos camps"},"content":{"rendered":"<div class=\"wpb-content-wrapper\"><p>[vc_row el_id=&#8221;SUBTITULAR_NOTICIA&#8221;][vc_column][vc_column_text]<\/p>\n<hr \/>\n<h4>L&#8217;amic del propietari de dos dels animals va recon\u00e9ixer els cans i va alertar els agents de seguretat municipal<\/h4>\n<hr \/>\n<p>[\/vc_column_text][\/vc_column][\/vc_row][vc_row el_id=&#8221;TEXTO_FIN_NOTICIA&#8221;][vc_column][vc_column_text]<strong>La Policia Local d&#8217;Elx i la Gu\u00e0rdia Civil van detindre el diumenge 2 de gener un home a la partida d&#8217;Atzavares per robar gossos en diversos camps<\/strong>. El cos de seguretat municipal va ser alertat per un ve\u00ed del lloc quan va veure un desconegut passejant amb dos cans pertanyents, presumptament, a un amic seu. El sospit\u00f3s va relatar als agents locals i a efectius de la Gu\u00e0rdia Civil de Santa Pola, que es van personar posteriorment, que els animals eren d&#8217;un conegut.<\/p>\n<p>Els policies van procedir a efectuar les comprovacions pertinents i va donar la casualitat que <strong>un dels amos es trobava en eixe moment interposant una den\u00fancia en depend\u00e8ncies de la Benem\u00e8rita de Santa Pola pel robatori d&#8217;eixe gos i de dos m\u00e9s<\/strong>. Un altre afectat va manifestar que li havien sostret el seu gos dins de la seua finca completament tancada, per la qual cosa, igualment es disposava a denunciar-lo.<\/p>\n<p>Una vegada a les instal\u00b7lacions de l&#8217;Institut Armat, <strong>el sospit\u00f3s va recon\u00e9ixer que es va emportar als dos gossos esmentats<\/strong> per la persona que va requerir la pres\u00e8ncia dels policies locals.<\/p>\n<p>Per aix\u00f2, <strong>l&#8217;home va ser detingut per robatori amb for\u00e7a<\/strong>. Despr\u00e9s de les oportunes investigacions de la Policia Local i de la Gu\u00e0rdia Civil, l&#8217;endem\u00e0 els agents van acudir al domicili del presumpte lladre i <strong>van trobar els dos gossos<\/strong>. Una vegada comprovada la identitat dels animals mitjan\u00e7ant xip, es va personar al quarter santapoler el seu leg\u00edtim propietari, i <strong>li va lliurar aquests<\/strong>.<\/p>\n<hr \/>\n<p>&nbsp;<\/p>\n<p>[\/vc_column_text][\/vc_column][\/vc_row]<\/p>\n<\/div>","protected":false},"excerpt":{"rendered":"<p>[vc_row el_id=&#8221;SUBTITULAR_NOTICIA&#8221;][vc_column][vc_column_text] L&#8217;amic del propietari de dos dels animals va recon\u00e9ixer els cans i va alertar els agents de seguretat municipal [\/vc_column_text][\/vc_column][\/vc_row][vc_row el_id=&#8221;TEXTO_FIN_NOTICIA&#8221;][vc_column][vc_column_text]La Policia Local d&#8217;Elx i la Gu\u00e0rdia Civil [&hellip;]<\/p>\n","protected":false},"author":131,"featured_media":176380,"comment_status":"closed","ping_status":"closed","sticky":false,"template":"","format":"standard","meta":{"footnotes":""},"categories":[2864,238],"tags":[],"class_list":["post-179203","post","type-post","status-publish","format-standard","has-post-thumbnail","hentry","category-breus","category-policia-local-va"],"_links":{"self":[{"href":"https:\/\/www.elche.es\/va\/wp-json\/wp\/v2\/posts\/179203","targetHints":{"allow":["GET"]}}],"collection":[{"href":"https:\/\/www.elche.es\/va\/wp-json\/wp\/v2\/posts"}],"about":[{"href":"https:\/\/www.elche.es\/va\/wp-json\/wp\/v2\/types\/post"}],"author":[{"embeddable":true,"href":"https:\/\/www.elche.es\/va\/wp-json\/wp\/v2\/users\/131"}],"replies":[{"embeddable":true,"href":"https:\/\/www.elche.es\/va\/wp-json\/wp\/v2\/comments?post=179203"}],"version-history":[{"count":0,"href":"https:\/\/www.elche.es\/va\/wp-json\/wp\/v2\/posts\/179203\/revisions"}],"wp:featuredmedia":[{"embeddable":true,"href":"https:\/\/www.elche.es\/va\/wp-json\/wp\/v2\/media\/176380"}],"wp:attachment":[{"href":"https:\/\/www.elche.es\/va\/wp-json\/wp\/v2\/media?parent=179203"}],"wp:term":[{"taxonomy":"category","embeddable":true,"href":"https:\/\/www.elche.es\/va\/wp-json\/wp\/v2\/categories?post=179203"},{"taxonomy":"post_tag","embeddable":true,"href":"https:\/\/www.elche.es\/va\/wp-json\/wp\/v2\/tags?post=179203"}],"curies":[{"name":"wp","href":"https:\/\/api.w.org\/{rel}","templated":true}]}}