{"id":179313,"date":"2022-01-13T13:37:43","date_gmt":"2022-01-13T12:37:43","guid":{"rendered":"https:\/\/www.elche.es\/2022\/01\/la-campanya-omplim-el-betlem-de-solidaritat-impulsada-per-la-regidoria-de-festes-arreplega-mes-de-350-quilos-daliments-i-de-productes-dhigiene\/"},"modified":"2022-01-14T09:02:37","modified_gmt":"2022-01-14T08:02:37","slug":"la-campanya-omplim-el-betlem-de-solidaritat-impulsada-per-la-regidoria-de-festes-arreplega-mes-de-350-quilos-daliments-i-de-productes-dhigiene","status":"publish","type":"post","link":"https:\/\/www.elche.es\/va\/2022\/01\/la-campanya-omplim-el-betlem-de-solidaritat-impulsada-per-la-regidoria-de-festes-arreplega-mes-de-350-quilos-daliments-i-de-productes-dhigiene\/","title":{"rendered":"La campanya &#8220;Omplim el Betlem de Solidaritat&#8221; impulsada per la Regidoria de Festes arreplega m\u00e9s de 350 quilos d&#8217;aliments i de productes d&#8217;higiene"},"content":{"rendered":"<div class=\"wpb-content-wrapper\"><p>[vc_row el_id=&#8221;SUBTITULAR_NOTICIA&#8221;][vc_column][vc_column_text]<\/p>\n<hr \/>\n<h4>La regidora de l&#8217;\u00e0rea, Mariola Galiana, entrega a la parr\u00f2quia El Bon Pastor les donacions fetes per les persones que han visitat el Betlem Municipal situat al hort del Xocolater<\/h4>\n<hr \/>\n<p>[\/vc_column_text][\/vc_column][\/vc_row][vc_row el_id=&#8221;TEXTO_NOTICIA&#8221;][vc_column][vc_column_text]<\/p>\n<p>La regidora de Festes, Mariola Galiana, <strong>ha entregat a C\u00e0ritas d\u2019 El Bon Pastor els aliments i els productes d&#8217;higiene arreplegats en la campanya<\/strong> <strong>&#8220;Omplim el Betlem de solidaritat&#8221;<\/strong> que s&#8217;ha realitzat al Betlem Municipal durant el mes de desembre.<\/p>\n<p>Galiana, que ha estat acompanyada en l&#8217;acte pel president de l&#8217;Associaci\u00f3 de Betlemistes, Jos\u00e9 P\u00e9rez, ha manifestat que &#8220;gr\u00e0cies a la solidaritat de tantes il\u00b7licitanes i il\u00b7licitans la visita al nostre estimat Betlem Municipal <strong>s&#8217;ha convertit en un acte d&#8217;amor i d\u2019afecte cap a les persones<\/strong> que estan travessant situacions de dificultat&#8221;.<\/p>\n<p>[\/vc_column_text][\/vc_column][\/vc_row][vc_row source=&#8221;media_library&#8221; image=&#8221;&#8221; img_size=&#8221;full&#8221; external_img_size=&#8221;&#8221; add_caption=&#8221;&#8221; alignment=&#8221;left&#8221; style=&#8221;&#8221; external_style=&#8221;&#8221; border_color=&#8221;grey&#8221; external_border_color=&#8221;grey&#8221; onclick=&#8221;link_image&#8221; img_link_target=&#8221;_self&#8221; el_class=&#8221;fotounicanoticia&#8221; title=&#8221;&#8221; custom_src=&#8221;&#8221; caption=&#8221;&#8221; link=&#8221;&#8221; img_link_large=&#8221;&#8221;][vc_column][vc_single_image image=&#8221;179307&#8243; img_size=&#8221;full&#8221; onclick=&#8221;link_image&#8221; el_class=&#8221;fotounicanoticia&#8221;][\/vc_column][\/vc_row][vc_row][vc_column][vc_column_text]<\/p>\n<p>L&#8217;edil de l&#8217;\u00e0rea ha destacat que &#8220;<strong>s&#8217;han arreplegat m\u00e9s de 350 quilos d&#8217;aliments i de productes d&#8217;higiene personal<\/strong> que suposaran un important respir per a les condicions de vida de moltes fam\u00edlies que es troben en situaci\u00f3 de vulnerabilitat, ja que podran rebre ajuda per a cobrir les seues necessitats essencials&#8221;.<\/p>\n<p>La regidora de Festes ha destacat que &#8220;aquesta \u00e9s la segona edici\u00f3 d&#8217;aquesta iniciativa de recollida aliments i de productes de primera necessitat, que desitgem que es consolide en el temps i que es convertisca cada any en un gran acte de solidaritat del Nadal il\u00b7licit\u00e0&#8221; i <strong>ha agra\u00eft l&#8217;Associaci\u00f3 de Betlemistes d&#8217;Elx la seua col\u00b7laboraci\u00f3 en aquesta iniciativa i totes les persones que han participat en aquesta campanya solid\u00e0ria<\/strong> &#8220;ja que eixe gran gest envers els altres els engrandeix&#8221;.<\/p>\n<p>[\/vc_column_text][\/vc_column][\/vc_row][vc_row source=&#8221;media_library&#8221; image=&#8221;&#8221; img_size=&#8221;full&#8221; external_img_size=&#8221;&#8221; add_caption=&#8221;&#8221; alignment=&#8221;left&#8221; style=&#8221;&#8221; external_style=&#8221;&#8221; border_color=&#8221;grey&#8221; external_border_color=&#8221;grey&#8221; onclick=&#8221;link_image&#8221; img_link_target=&#8221;_self&#8221; el_class=&#8221;fotounicanoticia&#8221; title=&#8221;&#8221; custom_src=&#8221;&#8221; caption=&#8221;&#8221; link=&#8221;&#8221; img_link_large=&#8221;&#8221;][vc_column][vc_single_image image=&#8221;179309&#8243; img_size=&#8221;full&#8221; onclick=&#8221;link_image&#8221; el_class=&#8221;fotounicanoticia&#8221;][\/vc_column][\/vc_row][vc_row el_id=&#8221;TEXTO_FIN_NOTICIA&#8221;][vc_column][vc_column_text]<\/p>\n<p>En el moment del lliurament dels productes han sigut presents el rector d\u2019 El Bon Pastor, Eduardo Lorenzo, i el responsable de C\u00e0ritas parroquial, Manuel Beneyto. <strong>El rector ha agra\u00eft la iniciativa i ha manifestat la import\u00e0ncia de no perdre el sentit de la solidaritat cap als altres<\/strong>.<\/p>\n<hr \/>\n<p>&nbsp;<\/p>\n<p>[\/vc_column_text][\/vc_column][\/vc_row][vc_row][vc_column width=&#8221;1\/6&#8243;][\/vc_column][vc_column width=&#8221;2\/3&#8243;]<audio class=\"sc_audio\" src=\"https:\/\/soundcloud.com\/ayuntamiento-de-elche\/mariola-galiana-en-la-campana-llenemos-el-belen-de-solidaridad?si=dac96ee49e044ca58db4646dfdfc1577&#038;utm_source=clipboard&#038;utm_medium=text&#038;utm_campaign=social_sharing\" width=\"\" height=\"\"><\/audio>[\/vc_column][vc_column width=&#8221;1\/6&#8243;][\/vc_column][\/vc_row]<\/p>\n<\/div>","protected":false},"excerpt":{"rendered":"<p>[vc_row el_id=&#8221;SUBTITULAR_NOTICIA&#8221;][vc_column][vc_column_text] La regidora de l&#8217;\u00e0rea, Mariola Galiana, entrega a la parr\u00f2quia El Bon Pastor les donacions fetes per les persones que han visitat el Betlem Municipal situat al hort [&hellip;]<\/p>\n","protected":false},"author":131,"featured_media":179306,"comment_status":"closed","ping_status":"closed","sticky":false,"template":"","format":"standard","meta":{"footnotes":""},"categories":[191,391,1312],"tags":[],"class_list":["post-179313","post","type-post","status-publish","format-standard","has-post-thumbnail","hentry","category-festes-va","category-home-va","category-noticias-va"],"_links":{"self":[{"href":"https:\/\/www.elche.es\/va\/wp-json\/wp\/v2\/posts\/179313","targetHints":{"allow":["GET"]}}],"collection":[{"href":"https:\/\/www.elche.es\/va\/wp-json\/wp\/v2\/posts"}],"about":[{"href":"https:\/\/www.elche.es\/va\/wp-json\/wp\/v2\/types\/post"}],"author":[{"embeddable":true,"href":"https:\/\/www.elche.es\/va\/wp-json\/wp\/v2\/users\/131"}],"replies":[{"embeddable":true,"href":"https:\/\/www.elche.es\/va\/wp-json\/wp\/v2\/comments?post=179313"}],"version-history":[{"count":0,"href":"https:\/\/www.elche.es\/va\/wp-json\/wp\/v2\/posts\/179313\/revisions"}],"wp:featuredmedia":[{"embeddable":true,"href":"https:\/\/www.elche.es\/va\/wp-json\/wp\/v2\/media\/179306"}],"wp:attachment":[{"href":"https:\/\/www.elche.es\/va\/wp-json\/wp\/v2\/media?parent=179313"}],"wp:term":[{"taxonomy":"category","embeddable":true,"href":"https:\/\/www.elche.es\/va\/wp-json\/wp\/v2\/categories?post=179313"},{"taxonomy":"post_tag","embeddable":true,"href":"https:\/\/www.elche.es\/va\/wp-json\/wp\/v2\/tags?post=179313"}],"curies":[{"name":"wp","href":"https:\/\/api.w.org\/{rel}","templated":true}]}}