{"id":179338,"date":"2022-01-13T14:45:37","date_gmt":"2022-01-13T13:45:37","guid":{"rendered":"https:\/\/www.elche.es\/2022\/01\/la-policia-local-interve-en-un-possible-delicte-dabando-de-menors-a-torrellano\/"},"modified":"2022-01-13T14:45:38","modified_gmt":"2022-01-13T13:45:38","slug":"la-policia-local-interve-en-un-possible-delicte-dabando-de-menors-a-torrellano","status":"publish","type":"post","link":"https:\/\/www.elche.es\/va\/2022\/01\/la-policia-local-interve-en-un-possible-delicte-dabando-de-menors-a-torrellano\/","title":{"rendered":"La Policia Local interv\u00e9 en un possible delicte d&#8217;aband\u00f3 de menors a Torrellano"},"content":{"rendered":"<div class=\"wpb-content-wrapper\"><p>[vc_row el_id=&#8221;SUBTITULAR_NOTICIA&#8221;][vc_column][vc_column_text]<\/p>\n<hr \/>\n<h4>El pare va ingressar a l&#8217;Hospital General per una intoxicaci\u00f3 presumptament causada per estupefaents<\/h4>\n<hr \/>\n<p>[\/vc_column_text][\/vc_column][\/vc_row][vc_row el_id=&#8221;TEXTO_FIN_NOTICIA&#8221;][vc_column][vc_column_text]La <strong>Policia Local d&#8217;Elx<\/strong> va intervindre en un <strong>possible delicte d&#8217;aband\u00f3 de menors a Torrellano<\/strong>, quan una patrulla va ser requerida a la pedania per a comprovar l&#8217;estat de dues xiquetes despr\u00e9s de l&#8217;ingr\u00e9s a l&#8217;Hospital General del seu progenitor per una intoxicaci\u00f3.<\/p>\n<p>El servei m\u00e8dic del General, que es va interessar per les menors, va confirmar que es trobaven amb una ve\u00efna a l&#8217;espera que la mare, exdona de l&#8217;implicat, s&#8217;acostara al domicili per a fer-se c\u00e0rrec. Per aix\u00f2, es va estimar oport\u00fa la <strong>intervenci\u00f3 policial per a comprovar les circumst\u00e0ncies de les menors i per a garantir la seua seguretat<\/strong>.<\/p>\n<p>Quan van arribar els agents, la mare ja es trobava al lloc. Aquesta els va explicar que actualment <strong>la cust\u00f2dia la tenia el pare de les menors, de 12 i 14 anys<\/strong>. Els agents, en accedir al domicili per a recollir efectes personals, van constatar que aquest trobava en un estat evident d&#8217;insalubritat.<\/p>\n<p>Davant els fets, <strong>els policies van deixar les menors sota cust\u00f2dia materna i<\/strong> van compar\u00e9ixer en depend\u00e8ncies policials per a posar en coneixement de l&#8217;autoritat judicial aquesta situaci\u00f3.<\/p>\n<hr \/>\n<p>&nbsp;<\/p>\n<p>[\/vc_column_text][\/vc_column][\/vc_row]<\/p>\n<\/div>","protected":false},"excerpt":{"rendered":"<p>[vc_row el_id=&#8221;SUBTITULAR_NOTICIA&#8221;][vc_column][vc_column_text] El pare va ingressar a l&#8217;Hospital General per una intoxicaci\u00f3 presumptament causada per estupefaents [\/vc_column_text][\/vc_column][\/vc_row][vc_row el_id=&#8221;TEXTO_FIN_NOTICIA&#8221;][vc_column][vc_column_text]La Policia Local d&#8217;Elx va intervindre en un possible delicte d&#8217;aband\u00f3 de menors [&hellip;]<\/p>\n","protected":false},"author":131,"featured_media":179334,"comment_status":"closed","ping_status":"closed","sticky":false,"template":"","format":"standard","meta":{"footnotes":""},"categories":[2864,2235,238],"tags":[],"class_list":["post-179338","post","type-post","status-publish","format-standard","has-post-thumbnail","hentry","category-breus","category-pedania","category-policia-local-va"],"_links":{"self":[{"href":"https:\/\/www.elche.es\/va\/wp-json\/wp\/v2\/posts\/179338","targetHints":{"allow":["GET"]}}],"collection":[{"href":"https:\/\/www.elche.es\/va\/wp-json\/wp\/v2\/posts"}],"about":[{"href":"https:\/\/www.elche.es\/va\/wp-json\/wp\/v2\/types\/post"}],"author":[{"embeddable":true,"href":"https:\/\/www.elche.es\/va\/wp-json\/wp\/v2\/users\/131"}],"replies":[{"embeddable":true,"href":"https:\/\/www.elche.es\/va\/wp-json\/wp\/v2\/comments?post=179338"}],"version-history":[{"count":0,"href":"https:\/\/www.elche.es\/va\/wp-json\/wp\/v2\/posts\/179338\/revisions"}],"wp:featuredmedia":[{"embeddable":true,"href":"https:\/\/www.elche.es\/va\/wp-json\/wp\/v2\/media\/179334"}],"wp:attachment":[{"href":"https:\/\/www.elche.es\/va\/wp-json\/wp\/v2\/media?parent=179338"}],"wp:term":[{"taxonomy":"category","embeddable":true,"href":"https:\/\/www.elche.es\/va\/wp-json\/wp\/v2\/categories?post=179338"},{"taxonomy":"post_tag","embeddable":true,"href":"https:\/\/www.elche.es\/va\/wp-json\/wp\/v2\/tags?post=179338"}],"curies":[{"name":"wp","href":"https:\/\/api.w.org\/{rel}","templated":true}]}}