{"id":179417,"date":"2022-01-14T13:04:40","date_gmt":"2022-01-14T12:04:40","guid":{"rendered":"https:\/\/www.elche.es\/2022\/01\/lalcalde-es-reincorpora-al-seu-lloc-de-treball-a-lajuntament-despres-de-deu-dies-de-confinament-per-la-covid-19\/"},"modified":"2022-01-14T13:24:59","modified_gmt":"2022-01-14T12:24:59","slug":"lalcalde-es-reincorpora-al-seu-lloc-de-treball-a-lajuntament-despres-de-deu-dies-de-confinament-per-la-covid-19","status":"publish","type":"post","link":"https:\/\/www.elche.es\/va\/2022\/01\/lalcalde-es-reincorpora-al-seu-lloc-de-treball-a-lajuntament-despres-de-deu-dies-de-confinament-per-la-covid-19\/","title":{"rendered":"L&#8217;alcalde es reincorpora al seu lloc de treball a l&#8217;Ajuntament despr\u00e9s de deu dies de confinament per la Covid-19"},"content":{"rendered":"<div class=\"wpb-content-wrapper\"><p>[vc_row el_id=&#8221;SUBTITULAR_NOTICIA&#8221;][vc_column][vc_column_text]<\/p>\n<hr \/>\n<h4>L&#8217;alcalde, Carlos Gonz\u00e1lez, ha repr\u00e9s hui la seua activitat de manera presencial a l&#8217;Ajuntament despr\u00e9s de superar la Covid-19 i d\u2019haver complit el confinament durant deu dies despr\u00e9s d&#8217;haver donat positiu el passat 3 de gener<\/h4>\n<hr \/>\n<p>[\/vc_column_text][\/vc_column][\/vc_row][vc_row el_id=&#8221;TEXTO_FIN_NOTICIA&#8221;][vc_column][vc_column_text]<strong>L&#8217;alcalde, Carlos Gonz\u00e1lez<\/strong>, <strong>ha repr\u00e9s hui la seua activitat de manera presencial<\/strong> a l&#8217;Ajuntament despr\u00e9s de superar la Covid-19 i d\u2019haver complit el confinament durant deu dies despr\u00e9s d&#8217;haver donat positiu el passat 3 de gener.<\/p>\n<p>Gonz\u00e1lez <strong>ha agra\u00eft les mostres de suport que ha rebut durant la quarantena<\/strong>. \u201cDespr\u00e9s de 10 dies hui acaba el meu per\u00edode d&#8217;a\u00efllament despr\u00e9s d&#8217;una PCR negativa. Agra\u00efsc de cor totes les mostres d&#8217;inter\u00e9s, d&#8217;afecte i d&#8217;\u00e0nim perqu\u00e8 de veritat m&#8217;han ajudat a portar molt millor aquest necessari tancament. Immensa gratitud a tots i a totes\u201d, ha assenyalat l&#8217;alcalde.<\/p>\n<p>Aix\u00ed mateix, el responsable de l&#8217;Equip de Govern ha destacat la <strong>import\u00e0ncia de la tercera dosi per als majors de 18 anys, aix\u00ed com de la vacuna dels menors de 12,<\/strong> \u201cperqu\u00e8 el virus no descansa i es demostra que estar vacunat redueix de manera substancial les conseq\u00fc\u00e8ncies de contraure la malaltia\u201d.<\/p>\n<hr \/>\n<p>[\/vc_column_text][\/vc_column][\/vc_row]<\/p>\n<\/div>","protected":false},"excerpt":{"rendered":"<p>[vc_row el_id=&#8221;SUBTITULAR_NOTICIA&#8221;][vc_column][vc_column_text] L&#8217;alcalde, Carlos Gonz\u00e1lez, ha repr\u00e9s hui la seua activitat de manera presencial a l&#8217;Ajuntament despr\u00e9s de superar la Covid-19 i d\u2019haver complit el confinament durant deu dies despr\u00e9s [&hellip;]<\/p>\n","protected":false},"author":15,"featured_media":179422,"comment_status":"closed","ping_status":"closed","sticky":false,"template":"","format":"standard","meta":{"footnotes":""},"categories":[2864],"tags":[],"class_list":["post-179417","post","type-post","status-publish","format-standard","has-post-thumbnail","hentry","category-breus"],"_links":{"self":[{"href":"https:\/\/www.elche.es\/va\/wp-json\/wp\/v2\/posts\/179417","targetHints":{"allow":["GET"]}}],"collection":[{"href":"https:\/\/www.elche.es\/va\/wp-json\/wp\/v2\/posts"}],"about":[{"href":"https:\/\/www.elche.es\/va\/wp-json\/wp\/v2\/types\/post"}],"author":[{"embeddable":true,"href":"https:\/\/www.elche.es\/va\/wp-json\/wp\/v2\/users\/15"}],"replies":[{"embeddable":true,"href":"https:\/\/www.elche.es\/va\/wp-json\/wp\/v2\/comments?post=179417"}],"version-history":[{"count":0,"href":"https:\/\/www.elche.es\/va\/wp-json\/wp\/v2\/posts\/179417\/revisions"}],"wp:featuredmedia":[{"embeddable":true,"href":"https:\/\/www.elche.es\/va\/wp-json\/wp\/v2\/media\/179422"}],"wp:attachment":[{"href":"https:\/\/www.elche.es\/va\/wp-json\/wp\/v2\/media?parent=179417"}],"wp:term":[{"taxonomy":"category","embeddable":true,"href":"https:\/\/www.elche.es\/va\/wp-json\/wp\/v2\/categories?post=179417"},{"taxonomy":"post_tag","embeddable":true,"href":"https:\/\/www.elche.es\/va\/wp-json\/wp\/v2\/tags?post=179417"}],"curies":[{"name":"wp","href":"https:\/\/api.w.org\/{rel}","templated":true}]}}