{"id":179441,"date":"2022-01-14T13:43:16","date_gmt":"2022-01-14T12:43:16","guid":{"rendered":"https:\/\/www.elche.es\/2022\/01\/la-policia-local-interve-caixes-amb-roba-falsificada-en-un-vehicle-i-en-un-establiment-de-la-ciutat\/"},"modified":"2022-01-14T13:43:17","modified_gmt":"2022-01-14T12:43:17","slug":"la-policia-local-interve-caixes-amb-roba-falsificada-en-un-vehicle-i-en-un-establiment-de-la-ciutat","status":"publish","type":"post","link":"https:\/\/www.elche.es\/va\/2022\/01\/la-policia-local-interve-caixes-amb-roba-falsificada-en-un-vehicle-i-en-un-establiment-de-la-ciutat\/","title":{"rendered":"La Policia Local interv\u00e9 caixes amb roba falsificada en un vehicle i en un establiment de la ciutat"},"content":{"rendered":"<div class=\"wpb-content-wrapper\"><p>[vc_row el_id=&#8221;SUBTITULAR_NOTICIA&#8221;][vc_column][vc_column_text]<\/p>\n<hr \/>\n<h4>Els agents van descobrir el local despr\u00e9s de donar l&#8217;alt a un autom\u00f2bil que va estacionar de manera sobtada per a, presumptament, eludir un control de tr\u00e0nsit<\/h4>\n<hr \/>\n<p>[\/vc_column_text][\/vc_column][\/vc_row][vc_row el_id=&#8221;TEXTO_FIN_NOTICIA&#8221;][vc_column][vc_column_text]<strong>La Policia Local d&#8217;Elx va intervindre caixes amb roba falsificada en un vehicle i en un establiment de la ciutat<\/strong>. El dijous 6 gener, sobre les 17.00 hores, diverses patrulles es trobaven realitzant un control de tr\u00e0nsit al lloc quan es van adonar que <strong>un autom\u00f2bil havia estacionat sobtadament abans d&#8217;arribar al punt de verificaci\u00f3<\/strong>, presumptament amb la finalitat d&#8217;evitar-lo.<\/p>\n<p>Els agents, donada la reacci\u00f3 del conductor, van procedir a identificar els ocupants del vehicle i a comprovar el carregament d&#8217;aquest, i van trobar una <strong>gran quantitat de roba esportiva de marca, aparentment falsificada<\/strong>. Sospites que van ser confirmades pel conductor quan li van preguntar sobre la seua proced\u00e8ncia i sobre la factura d&#8217;aquestes. Segons va manifestar, <strong>la roba l&#8217;havia adquirida a M\u00farcia per a revendre-la a un establiment a Elx<\/strong>. Per aix\u00f2, es va al\u00e7ar una acta i es va decomissar la mercaderia.<\/p>\n<p>Amb posterioritat, les patrulles es van despla\u00e7ar al local indicat pel conductor per a efectuar una inspecci\u00f3, en el qual es van localitzar caixes obertes amb, igualment, roba falsificada. Tot seguit, <strong>els policies van procedir a la confiscaci\u00f3 de totes les peces i a l&#8217;al\u00e7ament d&#8217;una acta<\/strong>.<\/p>\n<hr \/>\n<p>&nbsp;<\/p>\n<p>[\/vc_column_text][\/vc_column][\/vc_row]<\/p>\n<\/div>","protected":false},"excerpt":{"rendered":"<p>[vc_row el_id=&#8221;SUBTITULAR_NOTICIA&#8221;][vc_column][vc_column_text] Els agents van descobrir el local despr\u00e9s de donar l&#8217;alt a un autom\u00f2bil que va estacionar de manera sobtada per a, presumptament, eludir un control de tr\u00e0nsit [\/vc_column_text][\/vc_column][\/vc_row][vc_row [&hellip;]<\/p>\n","protected":false},"author":131,"featured_media":179432,"comment_status":"closed","ping_status":"closed","sticky":false,"template":"","format":"standard","meta":{"footnotes":""},"categories":[2864,238],"tags":[],"class_list":["post-179441","post","type-post","status-publish","format-standard","has-post-thumbnail","hentry","category-breus","category-policia-local-va"],"_links":{"self":[{"href":"https:\/\/www.elche.es\/va\/wp-json\/wp\/v2\/posts\/179441","targetHints":{"allow":["GET"]}}],"collection":[{"href":"https:\/\/www.elche.es\/va\/wp-json\/wp\/v2\/posts"}],"about":[{"href":"https:\/\/www.elche.es\/va\/wp-json\/wp\/v2\/types\/post"}],"author":[{"embeddable":true,"href":"https:\/\/www.elche.es\/va\/wp-json\/wp\/v2\/users\/131"}],"replies":[{"embeddable":true,"href":"https:\/\/www.elche.es\/va\/wp-json\/wp\/v2\/comments?post=179441"}],"version-history":[{"count":0,"href":"https:\/\/www.elche.es\/va\/wp-json\/wp\/v2\/posts\/179441\/revisions"}],"wp:featuredmedia":[{"embeddable":true,"href":"https:\/\/www.elche.es\/va\/wp-json\/wp\/v2\/media\/179432"}],"wp:attachment":[{"href":"https:\/\/www.elche.es\/va\/wp-json\/wp\/v2\/media?parent=179441"}],"wp:term":[{"taxonomy":"category","embeddable":true,"href":"https:\/\/www.elche.es\/va\/wp-json\/wp\/v2\/categories?post=179441"},{"taxonomy":"post_tag","embeddable":true,"href":"https:\/\/www.elche.es\/va\/wp-json\/wp\/v2\/tags?post=179441"}],"curies":[{"name":"wp","href":"https:\/\/api.w.org\/{rel}","templated":true}]}}